{"id":89687,"date":"2025-11-25T20:20:09","date_gmt":"2025-11-25T20:20:09","guid":{"rendered":"https:\/\/www.europesays.com\/se\/89687\/"},"modified":"2025-11-25T20:20:09","modified_gmt":"2025-11-25T20:20:09","slug":"brasiliens-hogsta-domstol-bolsonaro-kan-borja-avtjana-sitt-straff","status":"publish","type":"post","link":"https:\/\/www.europesays.com\/se\/89687\/","title":{"rendered":"Brasiliens h\u00f6gsta domstol: Bolsonaro kan b\u00f6rja avtj\u00e4na sitt straff"},"content":{"rendered":"<p>H\u00f6gerradikale Bolsonaro blir kvar i den federala polisens f\u00e4ngelse och f\u00f6rflyttas inte till f\u00e4ngelsekomplexet Papuda, som expresidentens allierade f\u00f6respr\u00e5kat, skriver brasilianska <a href=\"https:\/\/oglobo.globo.com\/politica\/noticia\/2025\/11\/25\/bolsonaro-permanece-na-carceragem-da-pf-para-o-cumprimento-da-pena.ghtml\" rel=\"nofollow noopener\" target=\"_blank\">O Globo<\/a>.<\/p>\n<p>Nu \u00e4r processen om Bolsonaros kuppf\u00f6rs\u00f6k \u00f6ver och straffet har d\u00e4rmed verkst\u00e4llts. Straffet uppg\u00e5r till 27 \u00e5r och tre m\u00e5nader.<\/p>\n<p>Sitter i en 12 kvm stor cell<\/p>\n<p>Jair Bolsonaro sitter i en nyrenoverad f\u00e4ngelsecell p\u00e5 tolv kvadratmeter, enligt O Globo. I cellen finns eget badrum, s\u00e4ng, stol, garderob, skrivbord, tv, ett litet kylsk\u00e5p samt luftkonditionering. <\/p>\n<p>Rummet liknar det som Brasiliens nuvarande president Lula da Silva satt f\u00e4ngslad i d\u00e5 han avtj\u00e4nade ett tolv\u00e5rigt straff f\u00f6r korruption. Ett straff som sedan upph\u00e4vdes av den h\u00f6gsta domstolen i landet.<\/p>\n<p>F\u00f6rs\u00f6kte f\u00f6rst\u00f6ra fotboja<\/p>\n<p>Efter att domen fastst\u00e4lldes i september sattes Bolsonaro i husarrest i ett residens i huvudstaden Brasilia. Men i s\u00f6ndags f\u00f6rdes han till h\u00e4ktet efter att ha f\u00f6rs\u00f6kt f\u00f6rst\u00f6ra sin fotboja med hj\u00e4lp av en l\u00f6dkolv.<\/p>\n<p>Bolsonaro erk\u00e4nde att han \u201dav nyfikenhet\u201d f\u00f6rs\u00f6kte \u00f6ppna upp fotbojan. R\u00e4tten ans\u00e5g att han ville passa p\u00e5 att fly samtidigt som sonen arrangerade en demonstration utanf\u00f6r boendet. D\u00e4rav f\u00f6rflyttades han till h\u00e4ktet p\u00e5 grund av flyktrisken.<\/p>\n<p>Misst\u00e4nks f\u00f6r mordplaner p\u00e5 nuvarande presidenten<\/p>\n<p>Jair Bolsonaro d\u00f6mdes f\u00f6r att ha f\u00f6rs\u00f6kt utf\u00f6ra en statskupp efter valf\u00f6rlusten 2022. Expresidenten l\u00e5g enligt \u00e5klagare bakom en omfattande plan d\u00e4r valresultatet skulle undergr\u00e4vas och att han skulle ge milit\u00e4ren s\u00e4rskilda befogenheter.<\/p>\n<p>Anklagelser kom \u00e4ven om att Bolsonaro hade en plan att m\u00f6rda sin eftertr\u00e4dare Lula da Silva.<\/p>\n","protected":false},"excerpt":{"rendered":"H\u00f6gerradikale Bolsonaro blir kvar i den federala polisens f\u00e4ngelse och f\u00f6rflyttas inte till f\u00e4ngelsekomplexet Papuda, som expresidentens allierade&hellip;\n","protected":false},"author":2,"featured_media":89688,"comment_status":"","ping_status":"","sticky":false,"template":"","format":"standard","meta":{"footnotes":""},"categories":[14],"tags":[22,23,26,27,17,21,24,25,28,29,15,16,18,34,31,33,32,30,19,20,51,52,53,54],"class_list":{"0":"post-89687","1":"post","2":"type-post","3":"status-publish","4":"format-standard","5":"has-post-thumbnail","7":"category-varlden","8":"tag-breaking-news","9":"tag-breakingnews","10":"tag-featured-news","11":"tag-featurednews","12":"tag-headlines","13":"tag-huvudnyheter","14":"tag-latest-news","15":"tag-latestnews","16":"tag-main-news","17":"tag-mainnews","18":"tag-news","19":"tag-nyheter","20":"tag-rubriker","21":"tag-se","22":"tag-svenska","23":"tag-sverige","24":"tag-sweden","25":"tag-swedish","26":"tag-top-stories","27":"tag-topstories","28":"tag-varlden","29":"tag-world","30":"tag-world-news","31":"tag-worldnews"},"share_on_mastodon":{"url":"https:\/\/pubeurope.com\/@se\/115612196868641287","error":""},"_links":{"self":[{"href":"https:\/\/www.europesays.com\/se\/wp-json\/wp\/v2\/posts\/89687","targetHints":{"allow":["GET"]}}],"collection":[{"href":"https:\/\/www.europesays.com\/se\/wp-json\/wp\/v2\/posts"}],"about":[{"href":"https:\/\/www.europesays.com\/se\/wp-json\/wp\/v2\/types\/post"}],"author":[{"embeddable":true,"href":"https:\/\/www.europesays.com\/se\/wp-json\/wp\/v2\/users\/2"}],"replies":[{"embeddable":true,"href":"https:\/\/www.europesays.com\/se\/wp-json\/wp\/v2\/comments?post=89687"}],"version-history":[{"count":0,"href":"https:\/\/www.europesays.com\/se\/wp-json\/wp\/v2\/posts\/89687\/revisions"}],"wp:featuredmedia":[{"embeddable":true,"href":"https:\/\/www.europesays.com\/se\/wp-json\/wp\/v2\/media\/89688"}],"wp:attachment":[{"href":"https:\/\/www.europesays.com\/se\/wp-json\/wp\/v2\/media?parent=89687"}],"wp:term":[{"taxonomy":"category","embeddable":true,"href":"https:\/\/www.europesays.com\/se\/wp-json\/wp\/v2\/categories?post=89687"},{"taxonomy":"post_tag","embeddable":true,"href":"https:\/\/www.europesays.com\/se\/wp-json\/wp\/v2\/tags?post=89687"}],"curies":[{"name":"wp","href":"https:\/\/api.w.org\/{rel}","templated":true}]}}