{"id":89725,"date":"2025-11-25T21:19:22","date_gmt":"2025-11-25T21:19:22","guid":{"rendered":"https:\/\/www.europesays.com\/se\/89725\/"},"modified":"2025-11-25T21:19:22","modified_gmt":"2025-11-25T21:19:22","slug":"talibanerna-utlovar-hamnd-efter-dodliga-attacken","status":"publish","type":"post","link":"https:\/\/www.europesays.com\/se\/89725\/","title":{"rendered":"Talibanerna utlovar h\u00e4mnd efter d\u00f6dliga attacken"},"content":{"rendered":"<p>Talibanstyret i Afghanistan lovar att h\u00e4mnas p\u00e5 Pakistan \u201dvid r\u00e4tt tillf\u00e4lle\u201d f\u00f6r nattens attacker, som man anklagar landet f\u00f6r att ligga bakom, rapporterar AFP.<\/p>\n<p>Enligt talibanerna d\u00f6dades tio personer, varav nio barn, i ett flyganfall mot Khostregionen. Pakistan har f\u00f6rnekat att man ligger bakom attackerna. <\/p>\n<p>Under m\u00e5ndagen d\u00f6dades tre poliser och elva skadades vid ett milit\u00e4rkontor i Pakistan.<\/p>\n<p>Ingen grupp har tagit p\u00e5 sig attacken, men Pakistan har pekat ut pakistanska talibaner som ansvariga.<\/p>\n<p>Omni \u00e4r politiskt obundna och oberoende. Vi str\u00e4var efter att ge fler perspektiv p\u00e5 nyheterna. Har du fr\u00e5gor eller synpunkter kring v\u00e5r rapportering? <a href=\"https:\/\/omni.se\/talibanerna-utlovar-hamnd-efter-dodliga-attacken\/a\/mailto:redaktion@omni.se\" class=\"ArticleActions_contactLink__W2F1M\" rel=\"nofollow noopener\" target=\"_blank\">Kontakta redaktionen<\/a><\/p>\n","protected":false},"excerpt":{"rendered":"Talibanstyret i Afghanistan lovar att h\u00e4mnas p\u00e5 Pakistan \u201dvid r\u00e4tt tillf\u00e4lle\u201d f\u00f6r nattens attacker, som man anklagar landet&hellip;\n","protected":false},"author":2,"featured_media":89726,"comment_status":"","ping_status":"","sticky":false,"template":"","format":"standard","meta":{"footnotes":""},"categories":[5],"tags":[2651,22,23,26,27,17,21,24,25,28,29,15,16,2385,18,34,31,33,32,30,5193,19,20],"class_list":{"0":"post-89725","1":"post","2":"type-post","3":"status-publish","4":"format-standard","5":"has-post-thumbnail","7":"category-rubriker","8":"tag-afghanistan","9":"tag-breaking-news","10":"tag-breakingnews","11":"tag-featured-news","12":"tag-featurednews","13":"tag-headlines","14":"tag-huvudnyheter","15":"tag-latest-news","16":"tag-latestnews","17":"tag-main-news","18":"tag-mainnews","19":"tag-news","20":"tag-nyheter","21":"tag-pakistan","22":"tag-rubriker","23":"tag-se","24":"tag-svenska","25":"tag-sverige","26":"tag-sweden","27":"tag-swedish","28":"tag-talibanerna","29":"tag-top-stories","30":"tag-topstories"},"share_on_mastodon":{"url":"https:\/\/pubeurope.com\/@se\/115612428768054287","error":""},"_links":{"self":[{"href":"https:\/\/www.europesays.com\/se\/wp-json\/wp\/v2\/posts\/89725","targetHints":{"allow":["GET"]}}],"collection":[{"href":"https:\/\/www.europesays.com\/se\/wp-json\/wp\/v2\/posts"}],"about":[{"href":"https:\/\/www.europesays.com\/se\/wp-json\/wp\/v2\/types\/post"}],"author":[{"embeddable":true,"href":"https:\/\/www.europesays.com\/se\/wp-json\/wp\/v2\/users\/2"}],"replies":[{"embeddable":true,"href":"https:\/\/www.europesays.com\/se\/wp-json\/wp\/v2\/comments?post=89725"}],"version-history":[{"count":0,"href":"https:\/\/www.europesays.com\/se\/wp-json\/wp\/v2\/posts\/89725\/revisions"}],"wp:featuredmedia":[{"embeddable":true,"href":"https:\/\/www.europesays.com\/se\/wp-json\/wp\/v2\/media\/89726"}],"wp:attachment":[{"href":"https:\/\/www.europesays.com\/se\/wp-json\/wp\/v2\/media?parent=89725"}],"wp:term":[{"taxonomy":"category","embeddable":true,"href":"https:\/\/www.europesays.com\/se\/wp-json\/wp\/v2\/categories?post=89725"},{"taxonomy":"post_tag","embeddable":true,"href":"https:\/\/www.europesays.com\/se\/wp-json\/wp\/v2\/tags?post=89725"}],"curies":[{"name":"wp","href":"https:\/\/api.w.org\/{rel}","templated":true}]}}