{"id":89831,"date":"2025-11-26T01:10:19","date_gmt":"2025-11-26T01:10:19","guid":{"rendered":"https:\/\/www.europesays.com\/se\/89831\/"},"modified":"2025-11-26T01:10:19","modified_gmt":"2025-11-26T01:10:19","slug":"seb-ser-forbattrad-risk-avkastningsprofil-i-volvo-hojer-till-kop-och-lyfter-riktkursen","status":"publish","type":"post","link":"https:\/\/www.europesays.com\/se\/89831\/","title":{"rendered":"SEB ser f\u00f6rb\u00e4ttrad risk\/avkastningsprofil i Volvo, h\u00f6jer till k\u00f6p och lyfter riktkursen"},"content":{"rendered":"<p>&#13;<br \/>\n                        Bakgrunden \u00e4r att SEB anser att risk\/avkastningsprofilen har f\u00f6rb\u00e4ttrats efter att konsensus kraftigt reviderat ner estimaten sedan mitten av Q3, samtidigt som banken sj\u00e4lv tror att den nordamerikanska lastbilsmarknaden bottnar under innevarande kvartal.<\/p>\n<p>\u201cD\u00e4rtill bed\u00f6mer vi att tullar gynnar Volvos position i Nordamerika, d\u00e5 bolaget kan ta marknadsandelar efter omfattande investeringar i sin regionala n\u00e4rvaro och sitt erbjudande\u201d, skriver SEB.<\/p>\n<p>\u00c4ven riktkursen h\u00f6js till 320 kronor (274) f\u00f6r att \u00e5terspegla en prognosh\u00f6jning av vinsten per aktie f\u00f6r 2026-27 med 6 procent.<\/p>\n<p>Volvos B-aktie stiger 0,4 procent.&#13;\n                    <\/p>\n","protected":false},"excerpt":{"rendered":"&#13; Bakgrunden \u00e4r att SEB anser att risk\/avkastningsprofilen har f\u00f6rb\u00e4ttrats efter att konsensus kraftigt reviderat ner estimaten sedan&hellip;\n","protected":false},"author":2,"featured_media":36711,"comment_status":"","ping_status":"","sticky":false,"template":"","format":"standard","meta":{"footnotes":""},"categories":[65],"tags":[72,70,71,454,453,451,452,34,31,33,32,30,455],"class_list":{"0":"post-89831","1":"post","2":"type-post","3":"status-publish","4":"format-standard","5":"has-post-thumbnail","7":"category-ekonomi","8":"tag-business","9":"tag-economy","10":"tag-ekonomi","11":"tag-ekonomisk-analys","12":"tag-finans","13":"tag-finansiella-nyheter","14":"tag-investera","15":"tag-se","16":"tag-svenska","17":"tag-sverige","18":"tag-sweden","19":"tag-swedish","20":"tag-trading"},"share_on_mastodon":{"url":"https:\/\/pubeurope.com\/@se\/115613337063713842","error":""},"_links":{"self":[{"href":"https:\/\/www.europesays.com\/se\/wp-json\/wp\/v2\/posts\/89831","targetHints":{"allow":["GET"]}}],"collection":[{"href":"https:\/\/www.europesays.com\/se\/wp-json\/wp\/v2\/posts"}],"about":[{"href":"https:\/\/www.europesays.com\/se\/wp-json\/wp\/v2\/types\/post"}],"author":[{"embeddable":true,"href":"https:\/\/www.europesays.com\/se\/wp-json\/wp\/v2\/users\/2"}],"replies":[{"embeddable":true,"href":"https:\/\/www.europesays.com\/se\/wp-json\/wp\/v2\/comments?post=89831"}],"version-history":[{"count":0,"href":"https:\/\/www.europesays.com\/se\/wp-json\/wp\/v2\/posts\/89831\/revisions"}],"wp:featuredmedia":[{"embeddable":true,"href":"https:\/\/www.europesays.com\/se\/wp-json\/wp\/v2\/media\/36711"}],"wp:attachment":[{"href":"https:\/\/www.europesays.com\/se\/wp-json\/wp\/v2\/media?parent=89831"}],"wp:term":[{"taxonomy":"category","embeddable":true,"href":"https:\/\/www.europesays.com\/se\/wp-json\/wp\/v2\/categories?post=89831"},{"taxonomy":"post_tag","embeddable":true,"href":"https:\/\/www.europesays.com\/se\/wp-json\/wp\/v2\/tags?post=89831"}],"curies":[{"name":"wp","href":"https:\/\/api.w.org\/{rel}","templated":true}]}}