{"id":8995,"date":"2025-08-19T21:55:09","date_gmt":"2025-08-19T21:55:09","guid":{"rendered":"https:\/\/www.europesays.com\/se\/8995\/"},"modified":"2025-08-19T21:55:09","modified_gmt":"2025-08-19T21:55:09","slug":"vandningen-como-vill-kapa-noel-tornqvist-affaren-allsvenskan","status":"publish","type":"post","link":"https:\/\/www.europesays.com\/se\/8995\/","title":{"rendered":"V\u00e4ndningen: Como vill kapa Noel T\u00f6rnqvist-aff\u00e4ren | Allsvenskan"},"content":{"rendered":"<p>Publicerad 19 aug 2025 kl 21.03Uppdaterad kl 21.16<\/p>\n<p>H\u00e4r \u00e4r klubben som f\u00f6rs\u00f6ker utmana Stade Brest.<\/p>\n<p>Enligt Expressens k\u00e4llor har Como fr\u00e5n Serie A kommit in sent \u2013 och lagt ett bud p\u00e5 Noel T\u00f6rnqvist i Mj\u00e4llby. M\u00e5lvakten vill nu \u00f6verv\u00e4ga sina alternativ.<\/p>\n<p>\u201dV\u00e4ldigt sexig p\u00e5 det s\u00e4ttet\u201d<img loading=\"lazy\"   alt=\"\"\/><\/p>\n<p>Noel T\u00f6rnqvist.<\/p>\n<p>Foto: PATRIC S\u00d6DERSTR\u00d6M \/ BILDBYR\u00c5N<\/p>\n<p><img loading=\"lazy\"   alt=\"\"\/> <\/p>\n<p>Foto: PATRIC S\u00d6DERSTR\u00d6M \/ BILDBYR\u00c5N<\/p>\n<p>Det var i slutet av f\u00f6rra veckan som <a href=\"https:\/\/www.expressen.se\/sport\/fotboll\/allsvenskan\/mjallby-saljer-noel-tornqvist-till-stade-brest\/\" rel=\"nofollow noopener\" target=\"_blank\">Expressen<\/a> avsl\u00f6jade att <a href=\"https:\/\/www.expressen.se\/tagg\/organization\/mjallby-aif\/\" class=\"\" rel=\"nofollow noopener\" target=\"_blank\">Mj\u00e4llby AIF<\/a> var n\u00e4ra att komma \u00f6verens med Stade Brest i Ligue 1 g\u00e4llande en \u00f6verg\u00e5ng f\u00f6r Noel T\u00f6rnqvist.<\/p>\n<p>Klubbarna hade enats om en prislapp p\u00e5 36 miljoner kronor \u2013 och \u00e4ven om f\u00f6rhandlingarna var inne p\u00e5 sitt slutskede s\u00e5 fanns det ett par detaljer kvar att reda ut kring aff\u00e4ren.<\/p>\n<p>F\u00f6r Mj\u00e4llbys del har det varit vitalt att beh\u00e5lla T\u00f6rnqvist s\u00e4songen ut d\u00e5 laget \u00e4r mitt inne i en hetlevrad guldstrid, och Brest accepterade att l\u00e5ta svensken stanna i Sverige \u00e5ret ut.<\/p>\n<p>Men fr\u00e5gan \u00e4r ifall aff\u00e4ren riskerar att tv\u00e4rv\u00e4nda?<\/p>\n<p>Italiensk klubb budar<\/p>\n<p>Enligt Expressens k\u00e4llor har n\u00e4mligen Como lagt ett bud p\u00e5 Noel T\u00f6rnqvist. Succ\u00e9klubben fr\u00e5n Serie A har klivit in sent i racet och vill f\u00f6rs\u00f6ka s\u00e4kra upp m\u00e5lvakten fr\u00e5n Mj\u00e4llby.<\/p>\n<p>Det \u00e5terst\u00e5r att se ifall Como kan enas med Mj\u00e4llby kring villkoren \u2013 men T\u00f6rnqvist ska sj\u00e4lv ha uttryckt en stark \u00f6nskan om att f\u00e5 chansen att \u00f6verv\u00e4ga Comos anbud.<\/p>\n<p>23-\u00e5ringen har tidigare sagt att han g\u00e4rna spelar i Serie A, och T\u00f6rnqvist vill helt enkelt ge Como och Mj\u00e4llby chansen att komma \u00f6verens innan han sj\u00e4lv tar ett slutgiltigt beslut.<\/p>\n<p>K\u00e4llor beskriver racet som helt \u00f6ppet efter att Como klivit in i bilden \u2013 och det \u00e5terst\u00e5r att se vilken klubb som lyckas v\u00e4rva T\u00f6rnqvist fr\u00e5n Mj\u00e4llby.<\/p>\n<p>Transferf\u00f6nstret i Italien och Frankrike st\u00e4nger 1 september. Como har ett mycket ambiti\u00f6st projekt i Italien med rika \u00e4gare bakom sig, och tr\u00e4nas av Cesc F\u00e0bregas.<\/p>\n<p>I helgen f\u00f6rklarade Hasse Larsson f\u00f6r <a href=\"https:\/\/www.blt.se\/sport\/spelarna-som-ryktas-bort-forhoppningsvis-kanske-det-inte-blir-nagot\/\" rel=\"nofollow noopener\" target=\"_blank\">BLT<\/a> hur han s\u00e5g p\u00e5 m\u00e5lvaktens situation.<\/p>\n<p>\u2013 F\u00f6r Noel vill vi verkligen komma i hamn med det h\u00e4r om det g\u00e5r, men det \u00e4r inte s\u00e4kert.<\/p>\n<p>Expressen har s\u00f6kt Hasse Larsson.<\/p>\n","protected":false},"excerpt":{"rendered":"Publicerad 19 aug 2025 kl 21.03Uppdaterad kl 21.16 H\u00e4r \u00e4r klubben som f\u00f6rs\u00f6ker utmana Stade Brest. Enligt Expressens&hellip;\n","protected":false},"author":2,"featured_media":8996,"comment_status":"","ping_status":"","sticky":false,"template":"","format":"standard","meta":{"footnotes":""},"categories":[68],"tags":[240,34,130,129,111,110,31,33,32,30],"class_list":{"0":"post-8995","1":"post","2":"type-post","3":"status-publish","4":"format-standard","5":"has-post-thumbnail","7":"category-sport","8":"tag-organization-mjallby-aif","9":"tag-se","10":"tag-sections-allsvenskan","11":"tag-sections-fotboll","12":"tag-sport","13":"tag-sports","14":"tag-svenska","15":"tag-sverige","16":"tag-sweden","17":"tag-swedish"},"share_on_mastodon":{"url":"","error":""},"_links":{"self":[{"href":"https:\/\/www.europesays.com\/se\/wp-json\/wp\/v2\/posts\/8995","targetHints":{"allow":["GET"]}}],"collection":[{"href":"https:\/\/www.europesays.com\/se\/wp-json\/wp\/v2\/posts"}],"about":[{"href":"https:\/\/www.europesays.com\/se\/wp-json\/wp\/v2\/types\/post"}],"author":[{"embeddable":true,"href":"https:\/\/www.europesays.com\/se\/wp-json\/wp\/v2\/users\/2"}],"replies":[{"embeddable":true,"href":"https:\/\/www.europesays.com\/se\/wp-json\/wp\/v2\/comments?post=8995"}],"version-history":[{"count":0,"href":"https:\/\/www.europesays.com\/se\/wp-json\/wp\/v2\/posts\/8995\/revisions"}],"wp:featuredmedia":[{"embeddable":true,"href":"https:\/\/www.europesays.com\/se\/wp-json\/wp\/v2\/media\/8996"}],"wp:attachment":[{"href":"https:\/\/www.europesays.com\/se\/wp-json\/wp\/v2\/media?parent=8995"}],"wp:term":[{"taxonomy":"category","embeddable":true,"href":"https:\/\/www.europesays.com\/se\/wp-json\/wp\/v2\/categories?post=8995"},{"taxonomy":"post_tag","embeddable":true,"href":"https:\/\/www.europesays.com\/se\/wp-json\/wp\/v2\/tags?post=8995"}],"curies":[{"name":"wp","href":"https:\/\/api.w.org\/{rel}","templated":true}]}}