{"id":90006,"date":"2025-11-26T08:09:08","date_gmt":"2025-11-26T08:09:08","guid":{"rendered":"https:\/\/www.europesays.com\/se\/90006\/"},"modified":"2025-11-26T08:09:08","modified_gmt":"2025-11-26T08:09:08","slug":"witkoffs-tips-till-ryssland-infor-samtalet-med-trump","status":"publish","type":"post","link":"https:\/\/www.europesays.com\/se\/90006\/","title":{"rendered":"Witkoffs tips till Ryssland inf\u00f6r samtalet med Trump"},"content":{"rendered":"<p>Publicerad 26 nov 2025 kl 08.18Uppdaterad kl 08.26<\/p>\n<p>Donald Trumps s\u00e4ndebud Steve Witkoff ska ha tipsat Vladimir Putins stab om hur de ska f\u00e5 sin vilja igenom med den amerikanska presidenten, skriver <a href=\"https:\/\/www.bloomberg.com\/news\/articles\/2025-11-25\/witkoff-advised-russia-on-how-to-pitch-ukraine-plan-to-trump?embedded-checkout=true\" rel=\"nofollow noopener\" target=\"_blank\">Bloomberg<\/a>.<\/p>\n<p>\u2013 Det skulle jag s\u00e4ga, s\u00e4ger Trump-toppen i ett inspelat samtal.<\/p>\n<p>Senaste klippen om Trump-administrationen.<img   alt=\"\"\/><\/p>\n<p>Vladimir Putin och Steve Witkoff.<\/p>\n<p>Foto: AA \/ STELLA PICTURES\/ABACA PRESS ABACA PRESS<\/p>\n<p>\u00d6ppna bild i helsk\u00e4rm<img loading=\"lazy\"   alt=\"\"\/><\/p>\n<p>Donald Trump.<\/p>\n<p>Foto: ALEX BRANDON \/ AP TT NYHETSBYR\u00c5N<\/p>\n<p>\u00d6ppna bild i helsk\u00e4rm<\/p>\n<p>Donald Trumps s\u00e4ndebud till Mellan\u00f6stern, Steve Witkoff, tipsade Vladimir Putins utrikespolitiska r\u00e5dgivare Jurij Usjakov om hur Putin borde l\u00e4gga fram sin plan f\u00f6r fred f\u00f6r Donald Trump.<\/p>\n<p>Det avsl\u00f6jade Bloomberg p\u00e5 tisdagen, i samtalet uppmanar Witkoff till att Putin b\u00f6r gratulera Trump f\u00f6r framg\u00e5ngen med fredsavtalet i Gaza.<\/p>\n<p>\u2013 Jag skulle ringa och bara upprepa att du gratulerar presidenten till denna prestation, att du st\u00f6der den, att du har st\u00f6tt den, att du respekterar att han \u00e4r en fredens man och att du helt enkelt \u00e4r v\u00e4ldigt glad \u00f6ver att se det h\u00e4nda. Det skulle jag s\u00e4ga. Jag tror att utifr\u00e5n det kommer det att bli ett riktigt bra samtal, s\u00e4ger Steve Witkoff i ett inspelat samtal.<\/p>\n<p>Samtalet \u00e4gde rum 14 oktober och varade i fem minuter.<\/p>\n<p>\u201dOsannolikt att det gjorts f\u00f6r att f\u00f6rb\u00e4ttra relationerna\u201d<\/p>\n<p>Witkoff ska dessutom ha uppgett att han ska ha sagt till Trump att <a href=\"https:\/\/www.expressen.se\/tagg\/location\/ryssland\/\" class=\"\" rel=\"nofollow noopener\" target=\"_blank\">Ryssland<\/a> alltid velat ha fred.<\/p>\n<p>P\u00e5 onsdagsmorgonen kommenterar Putins utrikespolitiska r\u00e5dgivare Jurij Usjakov avsl\u00f6jandet f\u00f6r ryska statsmedier.<\/p>\n<p>\u2013 Jag talar ofta med Witkoff, men de h\u00e4r samtalen \u00e4r inte offentliga, s\u00e4ger han enligt <a href=\"https:\/\/yle.fi\/a\/7-10088499\/64-3-283060\" rel=\"nofollow noopener\" target=\"_blank\">Yle<\/a>.<\/p>\n<p>\u2013 Det \u00e4r osannolikt att det gjorts f\u00f6r att f\u00f6rb\u00e4ttra relationerna.<\/p>\n<p>Fredsf\u00f6rhandlingarna mellan Ukraina och Ryssland fortg\u00e5r hittills som planerat. Trump ska skicka Witkoff till Moskva f\u00f6r samtal samtidigt som arm\u00e9ministern Dan Driscoll ska till Ukraina.<\/p>\n<p>Trump sj\u00e4lv ska ha tagit uppgifterna med ro n\u00e4r han fick fr\u00e5gor om det sent p\u00e5 tisdagskv\u00e4llen, och sagt att det l\u00e5ter som en \u201dstandardf\u00f6rhandling\u201d, enligt <a href=\"https:\/\/www.newsweek.com\/trump-reacts-to-witkoff-advising-russia-11109901\" rel=\"nofollow noopener\" target=\"_blank\">Newsweek<\/a>.<\/p>\n<p>Den republikanske kongressledamoten Don Bacon menar att samtalet diskvalificerar Witfkoff fr\u00e5n f\u00f6rhandlingarna helt.<\/p>\n<p>\u201dSkulle en betald rysk agent g\u00f6ra mindre \u00e4n han? Han borde f\u00e5 sparken\u201d, skriver han p\u00e5 X.<\/p>\n<p><strong>L\u00c4S MER: <\/strong><a href=\"https:\/\/www.expressen.se\/nyheter\/varlden\/de-tre-kraven--gor-fredsavtal-oacceptabelt\/\" class=\"\" rel=\"nofollow noopener\" target=\"_blank\">De tre kraven  g\u00f6r fredsavtal\u201doacceptabelt\u201d<\/a><\/p>\n","protected":false},"excerpt":{"rendered":"Publicerad 26 nov 2025 kl 08.18Uppdaterad kl 08.26 Donald Trumps s\u00e4ndebud Steve Witkoff ska ha tipsat Vladimir Putins&hellip;\n","protected":false},"author":2,"featured_media":90007,"comment_status":"","ping_status":"","sticky":false,"template":"","format":"standard","meta":{"footnotes":""},"categories":[14],"tags":[22,23,26,27,17,21,24,25,274,28,29,15,16,198,18,34,55,31,33,32,30,19,20,51,52,53,54],"class_list":{"0":"post-90006","1":"post","2":"type-post","3":"status-publish","4":"format-standard","5":"has-post-thumbnail","7":"category-varlden","8":"tag-breaking-news","9":"tag-breakingnews","10":"tag-featured-news","11":"tag-featurednews","12":"tag-headlines","13":"tag-huvudnyheter","14":"tag-latest-news","15":"tag-latestnews","16":"tag-location-ryssland","17":"tag-main-news","18":"tag-mainnews","19":"tag-news","20":"tag-nyheter","21":"tag-person-donald-trump","22":"tag-rubriker","23":"tag-se","24":"tag-sections-varlden","25":"tag-svenska","26":"tag-sverige","27":"tag-sweden","28":"tag-swedish","29":"tag-top-stories","30":"tag-topstories","31":"tag-varlden","32":"tag-world","33":"tag-world-news","34":"tag-worldnews"},"share_on_mastodon":{"url":"https:\/\/pubeurope.com\/@se\/115614984670784204","error":""},"_links":{"self":[{"href":"https:\/\/www.europesays.com\/se\/wp-json\/wp\/v2\/posts\/90006","targetHints":{"allow":["GET"]}}],"collection":[{"href":"https:\/\/www.europesays.com\/se\/wp-json\/wp\/v2\/posts"}],"about":[{"href":"https:\/\/www.europesays.com\/se\/wp-json\/wp\/v2\/types\/post"}],"author":[{"embeddable":true,"href":"https:\/\/www.europesays.com\/se\/wp-json\/wp\/v2\/users\/2"}],"replies":[{"embeddable":true,"href":"https:\/\/www.europesays.com\/se\/wp-json\/wp\/v2\/comments?post=90006"}],"version-history":[{"count":0,"href":"https:\/\/www.europesays.com\/se\/wp-json\/wp\/v2\/posts\/90006\/revisions"}],"wp:featuredmedia":[{"embeddable":true,"href":"https:\/\/www.europesays.com\/se\/wp-json\/wp\/v2\/media\/90007"}],"wp:attachment":[{"href":"https:\/\/www.europesays.com\/se\/wp-json\/wp\/v2\/media?parent=90006"}],"wp:term":[{"taxonomy":"category","embeddable":true,"href":"https:\/\/www.europesays.com\/se\/wp-json\/wp\/v2\/categories?post=90006"},{"taxonomy":"post_tag","embeddable":true,"href":"https:\/\/www.europesays.com\/se\/wp-json\/wp\/v2\/tags?post=90006"}],"curies":[{"name":"wp","href":"https:\/\/api.w.org\/{rel}","templated":true}]}}