{"id":90016,"date":"2025-11-26T08:16:09","date_gmt":"2025-11-26T08:16:09","guid":{"rendered":"https:\/\/www.europesays.com\/se\/90016\/"},"modified":"2025-11-26T08:16:09","modified_gmt":"2025-11-26T08:16:09","slug":"efter-23-ar-pa-ridskolan-ponnyn-bruno-nominerad-till-pris","status":"publish","type":"post","link":"https:\/\/www.europesays.com\/se\/90016\/","title":{"rendered":"Efter 23 \u00e5r p\u00e5 ridskolan \u2013 ponnyn Bruno nominerad till pris"},"content":{"rendered":"<p class=\"mb-4 mx-auto max-w-xl\"><strong>I 23 \u00e5r har ponnyn Bruno jobbat p\u00e5 ridskolan i S\u00e4ffle.<\/strong><\/p>\n<p class=\"mb-4 mx-auto max-w-xl\"><strong>F\u00f6r det nominerades han till det fina priset \u00c5rets Ridskoleh\u00e4st som delas ut p\u00e5 Ryttargalan i Stockholm.<\/strong><\/p>\n<p class=\"mb-4 mx-auto max-w-xl\"><strong>\u2013 Han \u00e4r en riktig superkollega, alla stall borde ha en Bruno, s\u00e4ger Nina Lauri. <\/strong><\/p>\n<p class=\"text-sm py-4 font-sans font-semibold\">SNABBVERSION<\/p>\n<ul class=\"list-outside list-disc pl-5 font-sans\">\n<li class=\"leading-normal text-base [&amp;_a]:text-link mb-2 last:mb-auto marker:text-lg marker:text-primary dark:marker:text-primary-100\">Shetlandsponnyn Bruno, en 27-\u00e5rig ridskoleh\u00e4st p\u00e5 S\u00e4ffle Ridklubb, har blivit finalist i kategorin \u00e5rets ridskoleh\u00e4st vid Ryttargalan i Stockholm. <\/li>\n<li class=\"leading-normal text-base [&amp;_a]:text-link mb-2 last:mb-auto marker:text-lg marker:text-primary dark:marker:text-primary-100\">Bruno har hj\u00e4lpt m\u00e5nga unga ryttare och \u00e4r k\u00e4nd f\u00f6r sin v\u00e4nlighet och p\u00e5litlighet. <\/li>\n<li class=\"leading-normal text-base [&amp;_a]:text-link mb-2 last:mb-auto marker:text-lg marker:text-primary dark:marker:text-primary-100\">Han \u00e4r nu halvpension\u00e4r och en omtyckt maskot p\u00e5 klubben.<\/li>\n<\/ul>\n<p class=\"flex gap-x-2 pt-4 font-sans text-sm text-gray-600 dark:text-gray-300\"> Sammanfattningen \u00e4r skapad av AI och kvalitetss\u00e4krad av VF.<\/p>\n<p>Visa mer<\/p>\n<p class=\"break-words mb-4 mx-auto max-w-xl\">Shetlandsponnyn Bruno har en l\u00e5ng karri\u00e4r som ridskoleh\u00e4st p\u00e5 S\u00e4ffle Ridklubb bakom sig. Han kom till klubben som fyra\u00e5ring och har sedan dess hj\u00e4lpt sm\u00e5 ryttare att hitta gl\u00e4djen och tryggheten i stallet. <\/p>\n<p class=\"break-words mb-4 mx-auto max-w-xl\">\u2013 Han \u00e4r omh\u00e4ndertagande och s\u00e5 sn\u00e4ll. Han har hj\u00e4lpt m\u00e5nga som \u00e4r lite r\u00e4dda och \u00e4r en riktig superkollega, man kan alltid r\u00e4kna med Bruno, s\u00e4ger verksamhetschef Nina Lauri. <\/p>\n<p><img alt=\"Kompisen Knutte \u00e4r dubbelt s\u00e5 stor som Bruno.\" src=\"data:image\/gif;base64,R0lGODlhAQABAIAAAAAAAP\/\/\/yH5BAEAAAAALAAAAAABAAEAAAIBRAA7\" decoding=\"async\" data-nimg=\"responsive\" class=\"\" style=\"position:absolute;top:0;left:0;bottom:0;right:0;box-sizing:border-box;padding:0;border:none;margin:auto;display:block;width:0;height:0;min-width:100%;max-width:100%;min-height:100%;max-height:100%\"\/><\/p>\n<p>Kompisen Knutte \u00e4r dubbelt s\u00e5 stor som Bruno. Foto: Carolina Sch\u00fctzer<\/p>\n<p class=\"break-words mb-4 mx-auto max-w-xl\">Han varken bockar eller sticker iv\u00e4g med barnen. Ridl\u00e4rarna kan lita p\u00e5 honom, utom m\u00f6jligtvis n\u00e4r det kommer till mat. Bruno \u00e4r av den hungriga sorten och om det finns gr\u00f6nt gr\u00e4s n\u00e4ra kan han hamna d\u00e4r, med huvudet i backen. <\/p>\n<p>\u00c5rets Ridskoleh\u00e4st<\/p>\n<p class=\"font-sans text-base\">Priset delas ut p\u00e5 Ryttargalan den 26:e november i Stockholm. <\/p>\n<p class=\"font-sans text-base\">Ridskolor och elever \u00f6ver landet skickar in och nominerar just sin favorit. <\/p>\n<p class=\"font-sans text-base\">En jury utser tio finalister och utser sedan en vinnare. <\/p>\n<p class=\"break-words mb-4 mx-auto max-w-xl\">Ibland har han turen att f\u00e5 extrakn\u00e4cka som gr\u00e4sklippare och g\u00e5r tillsammans med kompisen Lollipop. <\/p>\n<p class=\"break-words mb-4 mx-auto max-w-xl\">\u2013 De beh\u00f6ver inte s\u00e5 mycket inh\u00e4gnad utan stannar p\u00e5 g\u00e5rden med knappa medel s\u00e5 l\u00e4nge de f\u00e5r gr\u00e4s. <\/p>\n<p>\u00c5rets ridskoleh\u00e4st?<\/p>\n<p class=\"break-words mb-4 mx-auto max-w-xl\">I dag \u00e4r han 27 \u00e5r gammal och halvpension\u00e4r. Han beh\u00f6ver bara vara med och jobba n\u00e4r det \u00e4r s\u00e5nt som han tycker \u00e4r roligt. <\/p>\n<p class=\"break-words mb-4 mx-auto max-w-xl\">Som ett kvitto p\u00e5 sin trogna tj\u00e4nst \u00e4r Bruno en av de h\u00e4star som nominerats och valts ut som finalist i kategorin \u00e5rets ridskoleh\u00e4st, ett pris som delas ut under Ryttargalan i Stockholm p\u00e5 onsdag. <\/p>\n<p class=\"break-words mb-4 mx-auto max-w-xl\">\u2013 Att bli nominerad \u00e4r en j\u00e4ttestor grej. Skulle han vinna blir det mor\u00f6tter i m\u00e4ngder. <\/p>\n<p class=\"break-words mb-4 mx-auto max-w-xl\">P\u00e5 tisdagen meddelade Svenska ridsportf\u00f6rbundet att \u00e5rets segrare var h\u00e4sten Berra som jobbar p\u00e5 Storvreta ponnyklubb. <\/p>\n<p>K\u00e4nns igen<\/p>\n<p class=\"break-words mb-4 mx-auto max-w-xl\">Under \u00e5ren p\u00e5 klubben har Bruno blivit som deras maskot, ber\u00e4ttar Nina Lauri. N\u00e5gra f\u00f6r\u00e4ldrar som f\u00f6ljer med sina barn till ridskolan red sj\u00e4lva p\u00e5 Bruno n\u00e4r de var barn. <\/p>\n<p class=\"break-words mb-4 mx-auto max-w-xl\">\u2013 Han betyder v\u00e4ldigt mycket. Alla stall borde ha en Bruno. Han kommer bli v\u00e4ldigt sv\u00e5r att n\u00e5gonsin ers\u00e4tta. Vi hoppas f\u00e5 ha kvar honom m\u00e5nga \u00e5r till, en shettis har m\u00e5nga \u00e5r i sig.<\/p>\n<p class=\"break-words mb-4 mx-auto max-w-xl\">\u00c4ven n\u00e4r dagen kommer d\u00e5 Bruno kanske inte orkar med att jobba p\u00e5 lektionerna s\u00e5 kommer ridskolan f\u00e5 vara hans hem. <\/p>\n<p class=\"break-words mb-4 mx-auto max-w-xl\">\u2013 Han vet ju inget annat och trivs bra h\u00e4r. <\/p>\n","protected":false},"excerpt":{"rendered":"I 23 \u00e5r har ponnyn Bruno jobbat p\u00e5 ridskolan i S\u00e4ffle. F\u00f6r det nominerades han till det fina&hellip;\n","protected":false},"author":2,"featured_media":90017,"comment_status":"","ping_status":"","sticky":false,"template":"","format":"standard","meta":{"footnotes":""},"categories":[65],"tags":[72,70,71,34,31,33,32,30],"class_list":{"0":"post-90016","1":"post","2":"type-post","3":"status-publish","4":"format-standard","5":"has-post-thumbnail","7":"category-ekonomi","8":"tag-business","9":"tag-economy","10":"tag-ekonomi","11":"tag-se","12":"tag-svenska","13":"tag-sverige","14":"tag-sweden","15":"tag-swedish"},"share_on_mastodon":{"url":"https:\/\/pubeurope.com\/@se\/115615012316002230","error":""},"_links":{"self":[{"href":"https:\/\/www.europesays.com\/se\/wp-json\/wp\/v2\/posts\/90016","targetHints":{"allow":["GET"]}}],"collection":[{"href":"https:\/\/www.europesays.com\/se\/wp-json\/wp\/v2\/posts"}],"about":[{"href":"https:\/\/www.europesays.com\/se\/wp-json\/wp\/v2\/types\/post"}],"author":[{"embeddable":true,"href":"https:\/\/www.europesays.com\/se\/wp-json\/wp\/v2\/users\/2"}],"replies":[{"embeddable":true,"href":"https:\/\/www.europesays.com\/se\/wp-json\/wp\/v2\/comments?post=90016"}],"version-history":[{"count":0,"href":"https:\/\/www.europesays.com\/se\/wp-json\/wp\/v2\/posts\/90016\/revisions"}],"wp:featuredmedia":[{"embeddable":true,"href":"https:\/\/www.europesays.com\/se\/wp-json\/wp\/v2\/media\/90017"}],"wp:attachment":[{"href":"https:\/\/www.europesays.com\/se\/wp-json\/wp\/v2\/media?parent=90016"}],"wp:term":[{"taxonomy":"category","embeddable":true,"href":"https:\/\/www.europesays.com\/se\/wp-json\/wp\/v2\/categories?post=90016"},{"taxonomy":"post_tag","embeddable":true,"href":"https:\/\/www.europesays.com\/se\/wp-json\/wp\/v2\/tags?post=90016"}],"curies":[{"name":"wp","href":"https:\/\/api.w.org\/{rel}","templated":true}]}}