{"id":90018,"date":"2025-11-26T08:17:16","date_gmt":"2025-11-26T08:17:16","guid":{"rendered":"https:\/\/www.europesays.com\/se\/90018\/"},"modified":"2025-11-26T08:17:16","modified_gmt":"2025-11-26T08:17:16","slug":"rysk-laserattack-mot-royal-navy-vardslost","status":"publish","type":"post","link":"https:\/\/www.europesays.com\/se\/90018\/","title":{"rendered":"Rysk laserattack mot Royal navy: \u201dV\u00e5rdsl\u00f6st\u201d"},"content":{"rendered":"<p>Publicerad 25 nov 2025 kl 19.18Uppdaterad kl 19.40<\/p>\n<p>Brittiska flottan har under en tv\u00e5veckorsperiod f\u00f6ljt tv\u00e5 ryska fartyg i sina vatten.<\/p>\n<p>I ett pressmeddelande ber\u00e4ttar Royal navy om insatsen \u2013 och att de blev utsatta f\u00f6r en laserattack.<\/p>\n<p>\u201dEtt v\u00e5rdsl\u00f6st och farligt agerande\u201d, skriver de.<\/p>\n<p>Senaste nyhetsklippen fr\u00e5n Expressen.<img   alt=\"\"\/><\/p>\n<p>Brittiska flottan har under en tv\u00e5veckorsperiod f\u00f6ljt tv\u00e5 ryska fartyg i sina vatten.<\/p>\n<p>Foto: Royal navy.<\/p>\n<p>\u00d6ppna bild i helsk\u00e4rm<img loading=\"lazy\"   alt=\"\"\/><\/p>\n<p>Det ryska forskningsfartyget Yantar anv\u00e4nde GPS-st\u00f6rning och sk\u00f6t laser mot dem.<\/p>\n<p>Foto: Royal navy.<\/p>\n<p>\u00d6ppna bild i helsk\u00e4rm<\/p>\n<p>Brittiska Royal navy har under tv\u00e5 veckor f\u00f6ljt flera ryska fartyg som f\u00e4rdats i brittiska territorialvatten.<\/p>\n<p>Tillsammans med \u201dkraftfulla sensorer och radarsystem\u201d f\u00f6ljde de det ryska forskningsfartyget Yantar under \u00e5tta dagar \u2013 och utsattes f\u00f6r tv\u00e5 olika typer av hybridangrepp.<\/p>\n<p>F\u00f6rst anv\u00e4nde ryska bes\u00e4ttningsm\u00e4n laser mot dem, ett agerande som beskrivs som \u201dv\u00e5rdsl\u00f6st och farligt\u201d av Royal Navy.<\/p>\n<p>Men det slutade inte d\u00e4r.<\/p>\n<p>\u201dUnder \u00f6vervakningen av Yantar utsattes Somerset och andra civila fartyg i omr\u00e5det dessutom f\u00f6r GPS-st\u00f6rningar, ytterligare ett exempel p\u00e5 oprofessionellt upptr\u00e4dande avsett att vara st\u00f6rande och besv\u00e4rligt,\u201d skriver Royal navy och till\u00e4gger att deras stridsf\u00f6rm\u00e5ga inte p\u00e5verkades.<\/p>\n<p>Koordinerade med Natoallierade<\/p>\n<p>Under samma tidsperiod skickade brittiska flottan ut ytterligare ett par stridsfartyg som \u00f6vervakade korvetten RFN Stoikiy och tankfartyget Yelnya under ett dygn innan man l\u00e4mnade \u00f6ver uppdraget till Natoallierade.<\/p>\n<p>Grant Dalgleish \u00e4r kommend\u00f6r och bef\u00e4lhavare p\u00e5 HMS Severn och deltog i insatsen.<\/p>\n<p>\u2013 Det h\u00e4r uppdraget visar v\u00e4rdet av v\u00e5ra patrullfartyg och bekr\u00e4ftar Royal Navys n\u00e4ra samarbete med v\u00e5ra <a href=\"https:\/\/www.expressen.se\/tagg\/organization\/nato\/\" class=\"\" rel=\"nofollow noopener\" target=\"_blank\">Nato<\/a>-allierade i att skydda det brittiska folket och de internationellt erk\u00e4nda farvattnen.<\/p>\n<p><a href=\"https:\/\/x.com\/RoyalNavy\/status\/1992908767575560492\" data-provider=\"twitter\" class=\"js-social-embed\" rel=\"nofollow\">https:\/\/x.com\/RoyalNavy\/status\/1992908767575560492<\/a><\/p>\n","protected":false},"excerpt":{"rendered":"Publicerad 25 nov 2025 kl 19.18Uppdaterad kl 19.40 Brittiska flottan har under en tv\u00e5veckorsperiod f\u00f6ljt tv\u00e5 ryska fartyg&hellip;\n","protected":false},"author":2,"featured_media":90019,"comment_status":"","ping_status":"","sticky":false,"template":"","format":"standard","meta":{"footnotes":""},"categories":[14],"tags":[22,23,26,27,17,21,24,25,28,29,15,16,1401,18,34,55,31,33,32,30,19,20,51,52,53,54],"class_list":{"0":"post-90018","1":"post","2":"type-post","3":"status-publish","4":"format-standard","5":"has-post-thumbnail","7":"category-varlden","8":"tag-breaking-news","9":"tag-breakingnews","10":"tag-featured-news","11":"tag-featurednews","12":"tag-headlines","13":"tag-huvudnyheter","14":"tag-latest-news","15":"tag-latestnews","16":"tag-main-news","17":"tag-mainnews","18":"tag-news","19":"tag-nyheter","20":"tag-organization-nato","21":"tag-rubriker","22":"tag-se","23":"tag-sections-varlden","24":"tag-svenska","25":"tag-sverige","26":"tag-sweden","27":"tag-swedish","28":"tag-top-stories","29":"tag-topstories","30":"tag-varlden","31":"tag-world","32":"tag-world-news","33":"tag-worldnews"},"share_on_mastodon":{"url":"https:\/\/pubeurope.com\/@se\/115615016103683197","error":""},"_links":{"self":[{"href":"https:\/\/www.europesays.com\/se\/wp-json\/wp\/v2\/posts\/90018","targetHints":{"allow":["GET"]}}],"collection":[{"href":"https:\/\/www.europesays.com\/se\/wp-json\/wp\/v2\/posts"}],"about":[{"href":"https:\/\/www.europesays.com\/se\/wp-json\/wp\/v2\/types\/post"}],"author":[{"embeddable":true,"href":"https:\/\/www.europesays.com\/se\/wp-json\/wp\/v2\/users\/2"}],"replies":[{"embeddable":true,"href":"https:\/\/www.europesays.com\/se\/wp-json\/wp\/v2\/comments?post=90018"}],"version-history":[{"count":0,"href":"https:\/\/www.europesays.com\/se\/wp-json\/wp\/v2\/posts\/90018\/revisions"}],"wp:featuredmedia":[{"embeddable":true,"href":"https:\/\/www.europesays.com\/se\/wp-json\/wp\/v2\/media\/90019"}],"wp:attachment":[{"href":"https:\/\/www.europesays.com\/se\/wp-json\/wp\/v2\/media?parent=90018"}],"wp:term":[{"taxonomy":"category","embeddable":true,"href":"https:\/\/www.europesays.com\/se\/wp-json\/wp\/v2\/categories?post=90018"},{"taxonomy":"post_tag","embeddable":true,"href":"https:\/\/www.europesays.com\/se\/wp-json\/wp\/v2\/tags?post=90018"}],"curies":[{"name":"wp","href":"https:\/\/api.w.org\/{rel}","templated":true}]}}