{"id":90023,"date":"2025-11-26T08:21:08","date_gmt":"2025-11-26T08:21:08","guid":{"rendered":"https:\/\/www.europesays.com\/se\/90023\/"},"modified":"2025-11-26T08:21:08","modified_gmt":"2025-11-26T08:21:08","slug":"tre-punkter-efter-vaxjo-lakers-forlust-mot-malmo","status":"publish","type":"post","link":"https:\/\/www.europesays.com\/se\/90023\/","title":{"rendered":"Tre punkter efter V\u00e4xj\u00f6 Lakers f\u00f6rlust mot Malm\u00f6"},"content":{"rendered":"<p>V\u00e4xj\u00f6 Lakers f\u00f6rlorade \u00e5terigen en j\u00e4mn match. En sen ledning r\u00e4ckte inte till tre po\u00e4ng och Lakers reser hem med endast en po\u00e4ng ist\u00e4llet.\n<\/p>\n<p>Malm\u00f6 Redhawks mot V\u00e4xj\u00f6 Lakers var en av tv\u00e5 matcher som spelades under tisdagen. Det stora fokuset fick mot Djurg\u00e5rden-F\u00e4rjestad, men det k\u00e4ndes som tv\u00e5 r\u00e4tt tr\u00f6tta matcher nu i efterhand. Totalt p\u00e5 lite \u00f6ver 120 minuter spelat s\u00e5 kunde lagen g\u00f6ra fyra m\u00e5l. Ingen direkt imponerande siffra. <\/p>\n<p style=\"line-height: 1.38; margin-top: 0pt; margin-bottom: 0pt\">Om vi g\u00e5r in p\u00e5 V\u00e4xj\u00f6 Lakers m\u00f6te med Malm\u00f6 s\u00e5 hade lagen chansen att ta ledningen. Det blev till slut Lakers som gjorde det via Lucas Elvenes. Malm\u00f6 plockade m\u00e5lvakten och d\u00e5 var Felix Robert ett stolpskott fr\u00e5n att, troligtvis, skjuta hem alla tre po\u00e4ng till V\u00e4xj\u00f6. S\u00e5 blev det inte och Malm\u00f6 kunde kvittera i tredje och sen avg\u00f6ra under f\u00f6rl\u00e4ngningen. <\/p>\n<p style=\"line-height: 1.38; margin-top: 0pt; margin-bottom: 0pt\">Det finns en del fr\u00e5n matchen att notera \u00e4nd\u00e5 och jag har plockat fram tre saker. <\/p>\n<p style=\"line-height: 1.38; margin-top: 0pt; margin-bottom: 0pt\"><strong>1.M\u00e5lvaktsfr\u00e5gan <\/strong><\/p>\n<p style=\"line-height: 1.38; margin-top: 0pt; margin-bottom: 0pt\">\u00c4r det n\u00e5got som Lakers n\u00e4stan alltid l\u00f6ser s\u00e5 \u00e4r det m\u00e5lvaktsfr\u00e5gan. Hur m\u00e5nga floppar har det funnits senaste \u00e5ren i f\u00f6reningen ut\u00f6ver Janis Kalnins? Kommer faktiskt inte p\u00e5 n\u00e5gon p\u00e5 rak arm. Minns ni n\u00e4r Emil Larmi blev klar f\u00f6r Lakers? N\u00e4r han startade s\u00e4songen 2022\/23 s\u00e5 sl\u00e4ppte han in nio m\u00e5l p\u00e5 tv\u00e5 matcher och imponerade inte alls. Det slutade med att han vann Stefan Livs Memorial Trophy. Nu har Ludvig Persson haft en lite jobbigare inledning. Det beh\u00f6ver allts\u00e5 inte betyda n\u00e5got. Speciellt inte nu n\u00e4r Adam \u00c5hman verkligen steppat upp. <\/p>\n<p style=\"line-height: 1.38; margin-top: 0pt; margin-bottom: 0pt\"><strong>2.Boxplay <\/strong><\/p>\n<p style=\"line-height: 1.38; margin-top: 0pt; margin-bottom: 0pt\">Lakers boxplay \u00e4r v\u00e4ldigt bra mot Malm\u00f6. Tv\u00e5 av lagets b\u00e4sta spelare i spelformen, Sebastian Strandberg och Hugo Gustafsson, saknas och \u00e4nd\u00e5 skapar Malm\u00f6 inte mycket i spelformen vid sina fyra tillf\u00e4llen. Lakers vet hur man spelar boxplay och det \u00e4r sk\u00f6nt att se. <\/p>\n<p style=\"line-height: 1.38; margin-top: 0pt; margin-bottom: 0pt\"><strong>3. Vilka spelare ska g\u00f6ra m\u00e5len? <\/strong><\/p>\n<p style=\"line-height: 1.38; margin-top: 0pt; margin-bottom: 0pt\">Reid Gardiner v\u00e4rvades in som m\u00e5lskytten inf\u00f6r s\u00e4songen. Han har ocks\u00e5 gjort en del m\u00e5l, men samtidigt s\u00e5 k\u00e4nns han helt osynlig n\u00e4r han inte g\u00f6r m\u00e5l. Vilka fler ska g\u00f6ra m\u00e5len? Dennis Rasmussen ligger p\u00e5 nio m\u00e5l, vilket \u00e4r lika mycket som just Gardiner. \u00c4r det verkligen spelaren som ska g\u00f6ra s\u00e5 mycket m\u00e5l dock? Dylan McLaughlin ska g\u00f6ra en del m\u00e5l och han ligger \u00e4nd\u00e5 p\u00e5 sju stycken. Sen har vi Lucas Elvenes p\u00e5 fem m\u00e5l. Han ska assistera till m\u00e5len. Att han f\u00e5 \u00e4r fyra i interna skytteligan \u00e4r anm\u00e4rkningsv\u00e4rt. N\u00e5got annat anm\u00e4rkningsv\u00e4rt \u00e4r att b\u00e5de Joel Persson och Hugo Gustafsson ligger p\u00e5 fyra m\u00e5l var. \u00c4ven Sebastian Strandberg och Felix Robert ligger p\u00e5 fyra m\u00e5l. K\u00e4nns lite som att fler hade beh\u00f6vt kliva fram i den kategorin. Annars \u00e4r det som beh\u00f6ver \u00e5tg\u00e4rdas. <\/p>\n","protected":false},"excerpt":{"rendered":"V\u00e4xj\u00f6 Lakers f\u00f6rlorade \u00e5terigen en j\u00e4mn match. En sen ledning r\u00e4ckte inte till tre po\u00e4ng och Lakers reser&hellip;\n","protected":false},"author":2,"featured_media":90024,"comment_status":"","ping_status":"","sticky":false,"template":"","format":"standard","meta":{"footnotes":""},"categories":[68],"tags":[159,158,157,138,156,165,164,140,34,160,162,111,110,31,161,33,32,30,163],"class_list":{"0":"post-90023","1":"post","2":"type-post","3":"status-publish","4":"format-standard","5":"has-post-thumbnail","7":"category-sport","8":"tag-allsvenskan","9":"tag-fans","10":"tag-fantv","11":"tag-fotboll","12":"tag-hockey","13":"tag-matcher","14":"tag-matchprogram","15":"tag-premier-league","16":"tag-se","17":"tag-serie-a","18":"tag-spelschema","19":"tag-sport","20":"tag-sports","21":"tag-svenska","22":"tag-svenskafans","23":"tag-sverige","24":"tag-sweden","25":"tag-swedish","26":"tag-tabeller"},"share_on_mastodon":{"url":"https:\/\/pubeurope.com\/@se\/115615031939018685","error":""},"_links":{"self":[{"href":"https:\/\/www.europesays.com\/se\/wp-json\/wp\/v2\/posts\/90023","targetHints":{"allow":["GET"]}}],"collection":[{"href":"https:\/\/www.europesays.com\/se\/wp-json\/wp\/v2\/posts"}],"about":[{"href":"https:\/\/www.europesays.com\/se\/wp-json\/wp\/v2\/types\/post"}],"author":[{"embeddable":true,"href":"https:\/\/www.europesays.com\/se\/wp-json\/wp\/v2\/users\/2"}],"replies":[{"embeddable":true,"href":"https:\/\/www.europesays.com\/se\/wp-json\/wp\/v2\/comments?post=90023"}],"version-history":[{"count":0,"href":"https:\/\/www.europesays.com\/se\/wp-json\/wp\/v2\/posts\/90023\/revisions"}],"wp:featuredmedia":[{"embeddable":true,"href":"https:\/\/www.europesays.com\/se\/wp-json\/wp\/v2\/media\/90024"}],"wp:attachment":[{"href":"https:\/\/www.europesays.com\/se\/wp-json\/wp\/v2\/media?parent=90023"}],"wp:term":[{"taxonomy":"category","embeddable":true,"href":"https:\/\/www.europesays.com\/se\/wp-json\/wp\/v2\/categories?post=90023"},{"taxonomy":"post_tag","embeddable":true,"href":"https:\/\/www.europesays.com\/se\/wp-json\/wp\/v2\/tags?post=90023"}],"curies":[{"name":"wp","href":"https:\/\/api.w.org\/{rel}","templated":true}]}}