{"id":90051,"date":"2025-11-26T08:53:12","date_gmt":"2025-11-26T08:53:12","guid":{"rendered":"https:\/\/www.europesays.com\/se\/90051\/"},"modified":"2025-11-26T08:53:12","modified_gmt":"2025-11-26T08:53:12","slug":"dino-besirovic-stannar-i-aik-allsvenskan","status":"publish","type":"post","link":"https:\/\/www.europesays.com\/se\/90051\/","title":{"rendered":"Dino Besirovic stannar i AIK | Allsvenskan"},"content":{"rendered":"<p>Publicerad 25 nov 2025 kl 19.37Uppdaterad kl 20.48<\/p>\n<p>Dino Besirovic ville ha ett nytt kontrakt.\u00a0<\/p>\n<p>Nu har han f\u00e5tt det.\u00a0<\/p>\n<p>31-\u00e5ringen stannar i AIK.\u00a0<\/p>\n<p><img   alt=\"\"\/><\/p>\n<p>Dino Besirovic.<\/p>\n<p>Foto: SIMON HASTEG\u00c5RD \/ BILDBYR\u00c5N<\/p>\n<p>\u00d6ppna bild i helsk\u00e4rm<\/p>\n<p>Dino Besirovic har tidigare utryckt att han vill stanna i AIK.\u00a0<\/p>\n<p>\u2013 De har sagt att de vill ha mig kvar \u00e4ven n\u00e4sta \u00e5r. Jag sa till dem att jag vill vara kvar. Men vi har inte f\u00f6rhandlat. De har bara sagt att de vill ha mig, har han tidigare sagt till Expressen.\u00a0<\/p>\n<p>Nu \u00e4r det klart att det ocks\u00e5 blir s\u00e5. 31-\u00e5ringen har skrivit p\u00e5 ett nytt tv\u00e5\u00e5rskontrakt.\u00a0<\/p>\n<p>\u2013 Jag ser fram emot att forts\u00e4tta vara en del av den h\u00e4r stora klubben och dess fantastiska supportrar. Jag hoppas att vi under de kommande s\u00e4songerna kommer att ha m\u00e5nga anledningar att fira tillsammans. Jag vill tacka alla som har v\u00e4lkomnat mig till AIK och som har hejat p\u00e5 mig under de senaste tv\u00e5 och ett halvt \u00e5ren. Jag kommer att g\u00f6ra mitt b\u00e4sta p\u00e5 planen f\u00f6r att f\u00f6rtj\u00e4na ert f\u00f6rtroende. Tillsammans mot nya segrar, s\u00e4ger Besirovic till AIK:s hemsida.\u00a0<\/p>\n<p>Dino Besirovic anl\u00e4nde till AIK under sommaren 2023 och hittills noterats f\u00f6r 65 t\u00e4vlingsmatcher i klubben<\/p>\n","protected":false},"excerpt":{"rendered":"Publicerad 25 nov 2025 kl 19.37Uppdaterad kl 20.48 Dino Besirovic ville ha ett nytt kontrakt.\u00a0 Nu har han&hellip;\n","protected":false},"author":2,"featured_media":90052,"comment_status":"","ping_status":"","sticky":false,"template":"","format":"standard","meta":{"footnotes":""},"categories":[68],"tags":[34,130,129,111,110,31,33,32,30],"class_list":{"0":"post-90051","1":"post","2":"type-post","3":"status-publish","4":"format-standard","5":"has-post-thumbnail","7":"category-sport","8":"tag-se","9":"tag-sections-allsvenskan","10":"tag-sections-fotboll","11":"tag-sport","12":"tag-sports","13":"tag-svenska","14":"tag-sverige","15":"tag-sweden","16":"tag-swedish"},"share_on_mastodon":{"url":"https:\/\/pubeurope.com\/@se\/115615157633760298","error":""},"_links":{"self":[{"href":"https:\/\/www.europesays.com\/se\/wp-json\/wp\/v2\/posts\/90051","targetHints":{"allow":["GET"]}}],"collection":[{"href":"https:\/\/www.europesays.com\/se\/wp-json\/wp\/v2\/posts"}],"about":[{"href":"https:\/\/www.europesays.com\/se\/wp-json\/wp\/v2\/types\/post"}],"author":[{"embeddable":true,"href":"https:\/\/www.europesays.com\/se\/wp-json\/wp\/v2\/users\/2"}],"replies":[{"embeddable":true,"href":"https:\/\/www.europesays.com\/se\/wp-json\/wp\/v2\/comments?post=90051"}],"version-history":[{"count":0,"href":"https:\/\/www.europesays.com\/se\/wp-json\/wp\/v2\/posts\/90051\/revisions"}],"wp:featuredmedia":[{"embeddable":true,"href":"https:\/\/www.europesays.com\/se\/wp-json\/wp\/v2\/media\/90052"}],"wp:attachment":[{"href":"https:\/\/www.europesays.com\/se\/wp-json\/wp\/v2\/media?parent=90051"}],"wp:term":[{"taxonomy":"category","embeddable":true,"href":"https:\/\/www.europesays.com\/se\/wp-json\/wp\/v2\/categories?post=90051"},{"taxonomy":"post_tag","embeddable":true,"href":"https:\/\/www.europesays.com\/se\/wp-json\/wp\/v2\/tags?post=90051"}],"curies":[{"name":"wp","href":"https:\/\/api.w.org\/{rel}","templated":true}]}}