{"id":90115,"date":"2025-11-26T10:00:17","date_gmt":"2025-11-26T10:00:17","guid":{"rendered":"https:\/\/www.europesays.com\/se\/90115\/"},"modified":"2025-11-26T10:00:17","modified_gmt":"2025-11-26T10:00:17","slug":"galna-prisokningen-pa-black-friday-20-miljoner","status":"publish","type":"post","link":"https:\/\/www.europesays.com\/se\/90115\/","title":{"rendered":"Galna pris\u00f6kningen p\u00e5 Black Friday: \u201d20 miljoner\u201d"},"content":{"rendered":"<p>Publicerad 26 nov 2025 kl 10.33<\/p>\n<p>9 230 norska kronor f\u00f6r en resa till turkiska Izmir, det var ett pris som Ole Zoltan Bajkai och hustrun Gunn k\u00e4nde var rimligt.<\/p>\n<p>Men n\u00e4r han skulle boka hade priset \u00f6kat \u2013 med 216 000 procent.<\/p>\n<p>\u2013 N\u00e4stan 20 miljoner kronor extra, s\u00e4ger han till <a href=\"https:\/\/dinside.dagbladet.no\/reise\/black-week-sjokk-20-mill\/83897463\" rel=\"nofollow noopener\" target=\"_blank\">Dagbladet<\/a>.<\/p>\n<p><img   alt=\"\"\/><\/p>\n<p>Ole Zoltan Bajkai.<\/p>\n<p>Foto: Privat.<\/p>\n<p>\u00d6ppna bild i helsk\u00e4rm<\/p>\n<p>Det norska paret Ole Zoltan och Gunn Bajkai vill m\u00f6ta v\u00e5ren vid Medelhavet 2026. Ansvarig f\u00f6r research var Ole \u2013 och i veckan hittade han ett erbjudande som f\u00f6ll dem b\u00e5da i smaken.<\/p>\n<p>9 230 norska kronor \u2013 8 603 svenska kronor \u2013 f\u00f6r tio dagar p\u00e5 ett sparesort i Izmir i <a href=\"https:\/\/www.expressen.se\/tagg\/location\/turkiet\/\" class=\"\" rel=\"nofollow noopener\" target=\"_blank\">Turkiet<\/a>.<\/p>\n<p>\u2013 Vi trodde att det h\u00e4r faktiskt kunde vara ett v\u00e4ldigt bra erbjudande. Vi kollade, \u00f6verv\u00e4gde, och platsen blev godk\u00e4nd av Gunn. Sedan var det bara att boka, s\u00e4ger Ole till Dagbladet.<\/p>\n<p>Men n\u00e4r de skulle boka resan fick de b\u00e5da en chock. Det ursprungliga priset hade g\u00e5tt upp \u2013 rej\u00e4lt.<\/p>\n<p>\u201dPriset p\u00e5 din resa har stigit med 19 995 448 kronor\u201d, m\u00f6ttes paret av.<\/p>\n<p><img loading=\"lazy\"   alt=\"\"\/><\/p>\n<p>Det ursprungliga priset.<\/p>\n<p>Foto: Tui, sk\u00e4rmdump.<\/p>\n<p>\u00d6ppna bild i helsk\u00e4rm<img loading=\"lazy\"   alt=\"\"\/><\/p>\n<p>Parets nya pris.<\/p>\n<p>Foto: Tui, sk\u00e4rmdump.<\/p>\n<p>\u00d6ppna bild i helsk\u00e4rmUtspelet: Beh\u00f6ver 7 r\u00e4tt p\u00e5 Eurojackpot<\/p>\n<p>Researrang\u00f6ren Tui:s nya pris landade p\u00e5 20 004 678 norska kronor.<\/p>\n<p>\u2013 F\u00f6r den summan var jag n\u00e4stan tvungen att g\u00e5 till Norsk Tipping och hoppas p\u00e5 5+2 r\u00e4tt i Eurojackpot. Och eftersom det inte gick s\u00e5 fanns det ingen chans heller. Jag har aldrig sett n\u00e5got liknande. Vi har bokat charterflyg m\u00e5nga g\u00e5nger f\u00f6rut, men det h\u00e4r tog \u00f6ver, s\u00e4ger han.<\/p>\n<p>Enligt Tui hade inte efterfr\u00e5gan skjutit i taket under den korta stund som gick mellan att de best\u00e4mde sig f\u00f6r att boka resan till att paret faktiskt f\u00f6rs\u00f6kte boka.<\/p>\n<p>Nej, det handlade om ett tekniskt fel av \u201dett mer speciellt slag\u201d, enligt f\u00f6retagets presstj\u00e4nst, som i ett uttalande till Dagbladet uppmanade paret att ta kontakt med dem och f\u00e5 hj\u00e4lp att boka resan till ett betydligt mer sk\u00e4ligt pris.<\/p>\n","protected":false},"excerpt":{"rendered":"Publicerad 26 nov 2025 kl 10.33 9 230 norska kronor f\u00f6r en resa till turkiska Izmir, det var&hellip;\n","protected":false},"author":2,"featured_media":90116,"comment_status":"","ping_status":"","sticky":false,"template":"","format":"standard","meta":{"footnotes":""},"categories":[65],"tags":[72,70,71,500,6651,34,607,31,33,32,30],"class_list":{"0":"post-90115","1":"post","2":"type-post","3":"status-publish","4":"format-standard","5":"has-post-thumbnail","7":"category-ekonomi","8":"tag-business","9":"tag-economy","10":"tag-ekonomi","11":"tag-location-turkiet","12":"tag-organization-black-friday","13":"tag-se","14":"tag-sections-konsument","15":"tag-svenska","16":"tag-sverige","17":"tag-sweden","18":"tag-swedish"},"share_on_mastodon":{"url":"https:\/\/pubeurope.com\/@se\/115615421086792930","error":""},"_links":{"self":[{"href":"https:\/\/www.europesays.com\/se\/wp-json\/wp\/v2\/posts\/90115","targetHints":{"allow":["GET"]}}],"collection":[{"href":"https:\/\/www.europesays.com\/se\/wp-json\/wp\/v2\/posts"}],"about":[{"href":"https:\/\/www.europesays.com\/se\/wp-json\/wp\/v2\/types\/post"}],"author":[{"embeddable":true,"href":"https:\/\/www.europesays.com\/se\/wp-json\/wp\/v2\/users\/2"}],"replies":[{"embeddable":true,"href":"https:\/\/www.europesays.com\/se\/wp-json\/wp\/v2\/comments?post=90115"}],"version-history":[{"count":0,"href":"https:\/\/www.europesays.com\/se\/wp-json\/wp\/v2\/posts\/90115\/revisions"}],"wp:featuredmedia":[{"embeddable":true,"href":"https:\/\/www.europesays.com\/se\/wp-json\/wp\/v2\/media\/90116"}],"wp:attachment":[{"href":"https:\/\/www.europesays.com\/se\/wp-json\/wp\/v2\/media?parent=90115"}],"wp:term":[{"taxonomy":"category","embeddable":true,"href":"https:\/\/www.europesays.com\/se\/wp-json\/wp\/v2\/categories?post=90115"},{"taxonomy":"post_tag","embeddable":true,"href":"https:\/\/www.europesays.com\/se\/wp-json\/wp\/v2\/tags?post=90115"}],"curies":[{"name":"wp","href":"https:\/\/api.w.org\/{rel}","templated":true}]}}