{"id":90140,"date":"2025-11-26T10:33:11","date_gmt":"2025-11-26T10:33:11","guid":{"rendered":"https:\/\/www.europesays.com\/se\/90140\/"},"modified":"2025-11-26T10:33:11","modified_gmt":"2025-11-26T10:33:11","slug":"kalendern-med-putin-for-2026-ar-har","status":"publish","type":"post","link":"https:\/\/www.europesays.com\/se\/90140\/","title":{"rendered":"Kalendern med Putin f\u00f6r 2026 \u00e4r h\u00e4r"},"content":{"rendered":"<p>Publicerad 26 nov 2025 kl 07.58Uppdaterad kl 10.51<\/p>\n<p>Putin, Putin, Putin, Putin, Putin, Putin, Putin, Putin, Putin, Putin, Putin och Putin.<\/p>\n<p>Kalendern f\u00f6r 2026 har anl\u00e4nt.<\/p>\n<p>I februari visar Putin upp sina judokonster till citatet: \u201dJag \u00e4r en duva, men jag har v\u00e4ldigt kraftfulla vingar\u201d.<\/p>\n<p><img   alt=\"\"\/><\/p>\n<p>\u201dJag \u00e4r en duva, men jag har v\u00e4ldigt kraftfulla vingar\u201d \u00e4r citatet till den h\u00e4r bilden.<\/p>\n<p>Foto: Ozon.<\/p>\n<p>\u00d6ppna bild i helsk\u00e4rmARTIKELN I KORTHET<\/p>\n<p>\u2022 Putinkalendern f\u00f6r 2026 \u00e4r sl\u00e4ppt \u2013 en \u00e5rlig tradition med tolv m\u00e5natliga bilder p\u00e5 presidenten, ofta med symboliska poser och ibland m\u00e4rkliga citat.<\/p>\n<p>\u2022 Motiven varierar: judo, blommor, milit\u00e4rkl\u00e4der, fiske och champagne \u2013 ofta med patriotiska eller humoristiskt laddade budskap.<\/p>\n<p>\u2022 The Sun beskriver kalendrarna som bisarra men avskalade fr\u00e5n kontroverser.<\/p>\n<p>Visa mer<\/p>\n<p>Traditionen str\u00e4cker sig n\u00e4stan lika l\u00e5ngt tillbaka som Putins maktinnehav. Utf\u00f6randet \u00e4r enkelt: bilder p\u00e5 den ryske ledaren i situationer som har n\u00e5gon slags symbolik f\u00f6r den m\u00e5nad som bilden representerar i kalendern, ackompanjerat av n\u00e5got slags citat.<\/p>\n<p>De kommer i flera olika utf\u00f6randen med flera olika bilder.<\/p>\n<p>Brittiska <a href=\"https:\/\/www.the-sun.com\/news\/15514086\/putins-2026-calendars-bizarre-tips\/\" rel=\"nofollow noopener\" target=\"_blank\">The Sun<\/a> beskriver ett av de nya kalendarierna som \u201dfullt av bisarra tips\u201d, men \u201dutan n\u00e5gra tecken p\u00e5 krig, den hemliga familjen eller barbr\u00f6stade bilder\u201d.<\/p>\n<p>Uppmaningen: Argumentera inte med kvinnor<img loading=\"lazy\"   alt=\"\"\/><\/p>\n<p>En av flera Putinkalendrar f\u00f6r 2026.<\/p>\n<p>Foto: Ozon.<\/p>\n<p>\u00d6ppna bild i helsk\u00e4rm<\/p>\n<p>\u00c5ret b\u00f6rjar med \u201dRysslands gr\u00e4ns slutar aldrig\u201d, med en bild p\u00e5 en v\u00e4l p\u00e5p\u00e4lsad president ombord p\u00e5 en skoter och f\u00f6ljs upp med en judosportande Putin som f\u00e5r ned sin motst\u00e5ndare p\u00e5 rygg till citatet: \u201djag \u00e4r en duva, men jag har v\u00e4ldigt kraftfulla vingar\u201d, skriver <a href=\"https:\/\/www.nytimes.com\/2025\/11\/25\/world\/europe\/putin-calendar-russia.html\" rel=\"nofollow noopener\" target=\"_blank\">New York Times<\/a>.<\/p>\n<p>I mars skickar han st\u00e4rkande ord gentemot ryska familjer till en bild av sig sj\u00e4lv med en stor bukett rosor, skriver The Sun.<\/p>\n<p><img loading=\"lazy\"   alt=\"\"\/><\/p>\n<p>Mars, 2026.<\/p>\n<p>Foto: Ozon.<\/p>\n<p>\u00d6ppna bild i helsk\u00e4rm<\/p>\n<p>I en annan version pryds mars 2026 av citatet: \u201dDet \u00e4r bra att inte argumentera med kvinnor, och b\u00e4ttre att inte diskutera med dem alls\u201d.<\/p>\n<p>I juni syns Putin blicka mot vad som ser ut att vara en solnedg\u00e5ng, ikl\u00e4dd milit\u00e4rkl\u00e4der och f\u00f6ljt av citatet: \u201djag tror p\u00e5 v\u00e5ra prestationer, v\u00e5ra segrar och p\u00e5 Rysslands framtid\u201d.<\/p>\n<p>Senare under \u00e5ret ses en glad Putin h\u00e5lla upp en st\u00f6rre fisk till citatet: \u201dDen ryska bj\u00f6rnen kommer inte fr\u00e5ga om till\u00e5telse, och kommer inte att ge bort sina skogar\u201d.<\/p>\n<p>December avslutas med en bild p\u00e5 Putin med ett glas champagne, f\u00f6ljt av besked om att Ryssland kommer forts\u00e4tta existera.<\/p>\n<p>President till 2036<\/p>\n<p>Kalendern \u00e4r ren och sk\u00e4r propaganda f\u00f6r den ryske ledaren, som st\u00e5r anklagad f\u00f6r krigsbrott i Ukraina och jagas av den internationella brottsm\u00e5lsdomstolen ICC i Haag. De kostar mellan 30 och 50 kronor att k\u00f6pa.<\/p>\n<p>\u201dF\u00f6r den som inte kan best\u00e4mma sig om en Putinkalender \u00e4r r\u00e4tt k\u00f6p inf\u00f6r n\u00e4sta \u00e5r s\u00e5 har han manipulerat den ryska konstitutionen f\u00f6r att kunna forts\u00e4tta vara president fram till \u00e5tminstone 2036, vilket betyder att man har mer \u00e4n 4 000 dagar p\u00e5 sig att best\u00e4mma sig\u201d, skriver <a href=\"https:\/\/www.nytimes.com\/2025\/11\/25\/world\/europe\/putin-calendar-russia.html\" rel=\"nofollow noopener\" target=\"_blank\">New York Times Neil MacFarquhar<\/a>.<\/p>\n","protected":false},"excerpt":{"rendered":"Publicerad 26 nov 2025 kl 07.58Uppdaterad kl 10.51 Putin, Putin, Putin, Putin, Putin, Putin, Putin, Putin, Putin, Putin,&hellip;\n","protected":false},"author":2,"featured_media":90141,"comment_status":"","ping_status":"","sticky":false,"template":"","format":"standard","meta":{"footnotes":""},"categories":[14],"tags":[22,23,26,27,17,21,24,25,28,29,15,16,203,18,34,55,31,33,32,30,19,20,51,52,53,54],"class_list":{"0":"post-90140","1":"post","2":"type-post","3":"status-publish","4":"format-standard","5":"has-post-thumbnail","7":"category-varlden","8":"tag-breaking-news","9":"tag-breakingnews","10":"tag-featured-news","11":"tag-featurednews","12":"tag-headlines","13":"tag-huvudnyheter","14":"tag-latest-news","15":"tag-latestnews","16":"tag-main-news","17":"tag-mainnews","18":"tag-news","19":"tag-nyheter","20":"tag-person-vladimir-putin","21":"tag-rubriker","22":"tag-se","23":"tag-sections-varlden","24":"tag-svenska","25":"tag-sverige","26":"tag-sweden","27":"tag-swedish","28":"tag-top-stories","29":"tag-topstories","30":"tag-varlden","31":"tag-world","32":"tag-world-news","33":"tag-worldnews"},"share_on_mastodon":{"url":"https:\/\/pubeurope.com\/@se\/115615551010310070","error":""},"_links":{"self":[{"href":"https:\/\/www.europesays.com\/se\/wp-json\/wp\/v2\/posts\/90140","targetHints":{"allow":["GET"]}}],"collection":[{"href":"https:\/\/www.europesays.com\/se\/wp-json\/wp\/v2\/posts"}],"about":[{"href":"https:\/\/www.europesays.com\/se\/wp-json\/wp\/v2\/types\/post"}],"author":[{"embeddable":true,"href":"https:\/\/www.europesays.com\/se\/wp-json\/wp\/v2\/users\/2"}],"replies":[{"embeddable":true,"href":"https:\/\/www.europesays.com\/se\/wp-json\/wp\/v2\/comments?post=90140"}],"version-history":[{"count":0,"href":"https:\/\/www.europesays.com\/se\/wp-json\/wp\/v2\/posts\/90140\/revisions"}],"wp:featuredmedia":[{"embeddable":true,"href":"https:\/\/www.europesays.com\/se\/wp-json\/wp\/v2\/media\/90141"}],"wp:attachment":[{"href":"https:\/\/www.europesays.com\/se\/wp-json\/wp\/v2\/media?parent=90140"}],"wp:term":[{"taxonomy":"category","embeddable":true,"href":"https:\/\/www.europesays.com\/se\/wp-json\/wp\/v2\/categories?post=90140"},{"taxonomy":"post_tag","embeddable":true,"href":"https:\/\/www.europesays.com\/se\/wp-json\/wp\/v2\/tags?post=90140"}],"curies":[{"name":"wp","href":"https:\/\/api.w.org\/{rel}","templated":true}]}}