{"id":90190,"date":"2025-11-26T11:23:19","date_gmt":"2025-11-26T11:23:19","guid":{"rendered":"https:\/\/www.europesays.com\/se\/90190\/"},"modified":"2025-11-26T11:23:19","modified_gmt":"2025-11-26T11:23:19","slug":"virgin-miljardaren-richard-bransons-sorg-frun-dod","status":"publish","type":"post","link":"https:\/\/www.europesays.com\/se\/90190\/","title":{"rendered":"Virgin-miljard\u00e4ren Richard Bransons sorg \u2013 frun d\u00f6d"},"content":{"rendered":"<p>Publicerad 25 nov 2025 kl 22.09Uppdaterad 26 nov kl 04.52<\/p>\n<p>En g\u00e5ng k\u00f6pte han en \u00f6 f\u00f6r att imponera p\u00e5 henne.<\/p>\n<p>Nu har Virgin-miljard\u00e4ren Richard Bransons fru Joan d\u00f6tt vid 80 \u00e5rs \u00e5lder, skriver <a href=\"https:\/\/www.dailymail.co.uk\/news\/article-15325613\/Richard-Bransons-wife-Joan-dies.html\" rel=\"nofollow noopener\" target=\"_blank\">Daily Mail<\/a>.<\/p>\n<p>\u201dHon var min b\u00e4sta v\u00e4n, min klippa, mitt ljus, min v\u00e4rld\u201d, skriver Branson.<\/p>\n<p>Senaste nyhetsklippen fr\u00e5n Expressen.<img   alt=\"\"\/><\/p>\n<p>Richard Branson och frun Joan.<\/p>\n<p>Foto: JIM RUYMEN\/UPI\/SHUTTERSTOCK \/ SHUTTERSTOCK EDITORIAL\/IBL<\/p>\n<p>\u00d6ppna bild i helsk\u00e4rm<\/p>\n<p>Virgin-grundaren sir Richard Branson har en f\u00f6rm\u00f6genhet p\u00e5 27 miljarder kronor enligt Forbes. Han tr\u00e4ffade frun Joan 1976 n\u00e4r hon bes\u00f6kte en inspelningsstudio i London.<\/p>\n<p>\u201dJag f\u00f6r\u00e4lskade mig i henne fr\u00e5n f\u00f6rsta stund jag s\u00e5g henne\u201d, skrev Branson i ett blogginl\u00e4gg 2015.<\/p>\n<p>Han f\u00f6ll f\u00f6r Joan eftersom hon var \u201dvacker, kvick och jordn\u00e4ra\u201d.<\/p>\n<p>\u201dJoan var olik alla andra kvinnor jag n\u00e5gonsin tr\u00e4ffat\u201d, skrev Branson.<\/p>\n<p>Han har beskrivit frun som \u201den st\u00e4ndig k\u00e4lla av visdom som har spelat en betydande roll i n\u00e5gra av mina b\u00e4ttre livsbeslut\u201d.\u00a0<\/p>\n<p>Paret gifte sig 1989 p\u00e5 Necker Island i Brittiska Jungfru\u00f6arna. Elva \u00e5r tidigare hade Virgin-grundaren k\u00f6pt \u00f6n f\u00f6r 180 000 dollar f\u00f6r att imponera p\u00e5 Joan. \u00d6n tros nu vara v\u00e4rd flera hundra miljoner.<\/p>\n<p>\u201dDet \u00e4r fortfarande platsen vi kallar hem\u201d, skrev Branson.<\/p>\n<p><img loading=\"lazy\"   alt=\"\"\/><\/p>\n<p>Sista bilden p\u00e5 frun Joan som Richard Branson delade p\u00e5 sociala medier innan hennes d\u00f6d.<\/p>\n<p>Foto: Instagram<\/p>\n<p>\u00d6ppna bild i helsk\u00e4rm\u201d\u00c4lskar dig f\u00f6r evigt, Joan\u201d<\/p>\n<p>Paret fick tv\u00e5 d\u00f6ttrar och en son tillsammans, men ena dottern dog tragiskt bara fyra dagar efter f\u00f6dseln. N\u00e4r Joan firade sin 80-\u00e5rsdag i juli skrev Branson:<\/p>\n<p>\u201dTack f\u00f6r att du st\u00e5tt vid min sida genom allt \u2013 topparna, dalarna och alla de d\u00e4r lugna, stillsamma och fridfulla stunderna d\u00e4remellan. Det \u00e4r de stunderna jag v\u00e4rdes\u00e4tter mest med dig, jag \u00e4lskar dig mer och mer f\u00f6r varje \u00e5r.\u201d<\/p>\n<p>Paret s\u00e5g fram emot att fira sin 50-\u00e5rsdag som par den 7 februari n\u00e4sta \u00e5r. Men s\u00e5 blev det inte.<\/p>\n<p>\u201dF\u00f6rkrossad \u00f6ver att beh\u00f6va ber\u00e4tta att Joan, min hustru och partner i 50 \u00e5r, har g\u00e5tt bort. Hon var den mest underbara mamma och mormor\/farmor v\u00e5ra barn och barnbarn n\u00e5gonsin kunde ha \u00f6nska sig. Hon var min b\u00e4sta v\u00e4n, min klippa, mitt ljus, min v\u00e4rld. \u00c4lskar dig f\u00f6r evigt, Joan\u201d, skrev Branson p\u00e5 sociala medier under tisdagen.<\/p>\n<p>Han har beskrivit deras tid tillsammans som \u201dett liv fyllt av k\u00e4rlek\u201d.<\/p>\n","protected":false},"excerpt":{"rendered":"Publicerad 25 nov 2025 kl 22.09Uppdaterad 26 nov kl 04.52 En g\u00e5ng k\u00f6pte han en \u00f6 f\u00f6r att&hellip;\n","protected":false},"author":2,"featured_media":90191,"comment_status":"","ping_status":"","sticky":false,"template":"","format":"standard","meta":{"footnotes":""},"categories":[14],"tags":[22,23,26,27,17,21,24,25,28,29,15,16,18,34,55,31,33,32,30,19,20,51,52,53,54],"class_list":{"0":"post-90190","1":"post","2":"type-post","3":"status-publish","4":"format-standard","5":"has-post-thumbnail","7":"category-varlden","8":"tag-breaking-news","9":"tag-breakingnews","10":"tag-featured-news","11":"tag-featurednews","12":"tag-headlines","13":"tag-huvudnyheter","14":"tag-latest-news","15":"tag-latestnews","16":"tag-main-news","17":"tag-mainnews","18":"tag-news","19":"tag-nyheter","20":"tag-rubriker","21":"tag-se","22":"tag-sections-varlden","23":"tag-svenska","24":"tag-sverige","25":"tag-sweden","26":"tag-swedish","27":"tag-top-stories","28":"tag-topstories","29":"tag-varlden","30":"tag-world","31":"tag-world-news","32":"tag-worldnews"},"share_on_mastodon":{"url":"https:\/\/pubeurope.com\/@se\/115615747512757170","error":""},"_links":{"self":[{"href":"https:\/\/www.europesays.com\/se\/wp-json\/wp\/v2\/posts\/90190","targetHints":{"allow":["GET"]}}],"collection":[{"href":"https:\/\/www.europesays.com\/se\/wp-json\/wp\/v2\/posts"}],"about":[{"href":"https:\/\/www.europesays.com\/se\/wp-json\/wp\/v2\/types\/post"}],"author":[{"embeddable":true,"href":"https:\/\/www.europesays.com\/se\/wp-json\/wp\/v2\/users\/2"}],"replies":[{"embeddable":true,"href":"https:\/\/www.europesays.com\/se\/wp-json\/wp\/v2\/comments?post=90190"}],"version-history":[{"count":0,"href":"https:\/\/www.europesays.com\/se\/wp-json\/wp\/v2\/posts\/90190\/revisions"}],"wp:featuredmedia":[{"embeddable":true,"href":"https:\/\/www.europesays.com\/se\/wp-json\/wp\/v2\/media\/90191"}],"wp:attachment":[{"href":"https:\/\/www.europesays.com\/se\/wp-json\/wp\/v2\/media?parent=90190"}],"wp:term":[{"taxonomy":"category","embeddable":true,"href":"https:\/\/www.europesays.com\/se\/wp-json\/wp\/v2\/categories?post=90190"},{"taxonomy":"post_tag","embeddable":true,"href":"https:\/\/www.europesays.com\/se\/wp-json\/wp\/v2\/tags?post=90190"}],"curies":[{"name":"wp","href":"https:\/\/api.w.org\/{rel}","templated":true}]}}