{"id":90234,"date":"2025-11-26T12:47:07","date_gmt":"2025-11-26T12:47:07","guid":{"rendered":"https:\/\/www.europesays.com\/se\/90234\/"},"modified":"2025-11-26T12:47:07","modified_gmt":"2025-11-26T12:47:07","slug":"oskar-svensson-missar-varldscupstarten-i-ruka-langdskidor","status":"publish","type":"post","link":"https:\/\/www.europesays.com\/se\/90234\/","title":{"rendered":"Oskar Svensson missar v\u00e4rldscupstarten i Ruka | L\u00e4ngdskidor"},"content":{"rendered":"<p>Publicerad 26 nov 2025 kl 12.46Uppdaterad kl 13.10<\/p>\n<p>Skids\u00e4songens f\u00f6rsta avhopp \u00e4r ett faktum.<\/p>\n<p>Oskar Svensson missar v\u00e4rldscupstarten i Ruka.<\/p>\n<p>\u2013 Jag hade hunnit till Skellefte\u00e5 n\u00e4r jag fick reda p\u00e5 detta, s\u00e4ger ers\u00e4ttaren Marcus Grate.<\/p>\n<p><img   alt=\"\"\/><\/p>\n<p>Oskar Svensson missar v\u00e4rldscuppremi\u00e4ren.<\/p>\n<p>Foto: GIAN EHRENZELLER \/ EPA KEYSTONE<\/p>\n<p>\u00d6ppna bild i helsk\u00e4rm<\/p>\n<p>Skidlandslaget meddelar att Svensson drabbats av \u201dl\u00e4ttare f\u00f6rkylningssymptom\u201d och inte kommer till start i helgen.\u00a0<\/p>\n<p>30-\u00e5ringen valde att st\u00e5 \u00f6ver helgens sista distanslopp i G\u00e4llivare p\u00e5 grund av k\u00e4nningar i luftr\u00f6ren. Svensson var dock tillbaka i tr\u00e4ning p\u00e5 m\u00e5ndagen \u2013 men nu st\u00e5r det allts\u00e5 klart att han inte \u00e4r tillr\u00e4ckligt frisk f\u00f6r att t\u00e4vla.<\/p>\n<p>I st\u00e4llet kallas Marcus Grate in.\u00a0<\/p>\n<p>\u2013 Det k\u00e4nns s\u00e5 klart skitkul att f\u00e5 komma in i v\u00e4rldscupcirkusen. Det \u00e4r d\u00e4r jag vill vara, s\u00e4ger 28-\u00e5ringen n\u00e4r Expressen n\u00e5r honom under ett lunchstopp i Haparanda.<\/p>\n<p>Han petades f\u00f6rst fr\u00e5n v\u00e4rldscuppremi\u00e4ren efter att ha \u00e5kt ut i kvartsfinal i sprinten i G\u00e4llivare. Planen var d\u00e5 att t\u00e4vla i Boden till helgen \u2013 men s\u00e5 blir det inte.<\/p>\n<p>\u2013 Jag hade hunnit till Skellefte\u00e5 n\u00e4r jag fick reda p\u00e5 detta i g\u00e5r kv\u00e4ll. D\u00e5 var det bara att b\u00f6rja packa v\u00e4skan, s\u00e4ger Grate.<\/p>\n<p><strong>Hur \u00e4r det rent mentalt att beh\u00f6va st\u00e4lla om s\u00e5 h\u00e4r snabbt?<\/strong><\/p>\n<p>\u2013 Det \u00e4r lite annorlunda men samtidigt sk\u00f6nt p\u00e5 ett s\u00e4tt att inte beh\u00f6va t\u00e4nka s\u00e5 mycket.<\/p>\n<p>V\u00e4rldscuppremi\u00e4ren i Ruka inleds p\u00e5 fredag med 10 kilometer klassiskt. Sprinten avg\u00f6rs p\u00e5 l\u00f6rdagen.<\/p>\n","protected":false},"excerpt":{"rendered":"Publicerad 26 nov 2025 kl 12.46Uppdaterad kl 13.10 Skids\u00e4songens f\u00f6rsta avhopp \u00e4r ett faktum. Oskar Svensson missar v\u00e4rldscupstarten&hellip;\n","protected":false},"author":2,"featured_media":90235,"comment_status":"","ping_status":"","sticky":false,"template":"","format":"standard","meta":{"footnotes":""},"categories":[68],"tags":[9620,34,857,111,110,31,33,32,30],"class_list":{"0":"post-90234","1":"post","2":"type-post","3":"status-publish","4":"format-standard","5":"has-post-thumbnail","7":"category-sport","8":"tag-person-oskar-svensson","9":"tag-se","10":"tag-sections-langdskidor","11":"tag-sport","12":"tag-sports","13":"tag-svenska","14":"tag-sverige","15":"tag-sweden","16":"tag-swedish"},"share_on_mastodon":{"url":"https:\/\/pubeurope.com\/@se\/115616077837371793","error":""},"_links":{"self":[{"href":"https:\/\/www.europesays.com\/se\/wp-json\/wp\/v2\/posts\/90234","targetHints":{"allow":["GET"]}}],"collection":[{"href":"https:\/\/www.europesays.com\/se\/wp-json\/wp\/v2\/posts"}],"about":[{"href":"https:\/\/www.europesays.com\/se\/wp-json\/wp\/v2\/types\/post"}],"author":[{"embeddable":true,"href":"https:\/\/www.europesays.com\/se\/wp-json\/wp\/v2\/users\/2"}],"replies":[{"embeddable":true,"href":"https:\/\/www.europesays.com\/se\/wp-json\/wp\/v2\/comments?post=90234"}],"version-history":[{"count":0,"href":"https:\/\/www.europesays.com\/se\/wp-json\/wp\/v2\/posts\/90234\/revisions"}],"wp:featuredmedia":[{"embeddable":true,"href":"https:\/\/www.europesays.com\/se\/wp-json\/wp\/v2\/media\/90235"}],"wp:attachment":[{"href":"https:\/\/www.europesays.com\/se\/wp-json\/wp\/v2\/media?parent=90234"}],"wp:term":[{"taxonomy":"category","embeddable":true,"href":"https:\/\/www.europesays.com\/se\/wp-json\/wp\/v2\/categories?post=90234"},{"taxonomy":"post_tag","embeddable":true,"href":"https:\/\/www.europesays.com\/se\/wp-json\/wp\/v2\/tags?post=90234"}],"curies":[{"name":"wp","href":"https:\/\/api.w.org\/{rel}","templated":true}]}}