{"id":90269,"date":"2025-11-26T13:40:16","date_gmt":"2025-11-26T13:40:16","guid":{"rendered":"https:\/\/www.europesays.com\/se\/90269\/"},"modified":"2025-11-26T13:40:16","modified_gmt":"2025-11-26T13:40:16","slug":"pauline-hanson-bar-burka-stangs-av-fran-senaten","status":"publish","type":"post","link":"https:\/\/www.europesays.com\/se\/90269\/","title":{"rendered":"Pauline Hanson bar burka \u2013 st\u00e4ngs av fr\u00e5n senaten"},"content":{"rendered":"<p class=\"boxtextgrotesk-root_baa6 hyperion-css-7pajle\">Publicerad 2025-11-25 16.53<\/p>\n<p>share-arrowDela<\/p>\n<p>unsaveSpara<\/p>\n<p>expand-left<\/p>\n<p>helsk\u00e4rm<img decoding=\"async\" class=\"image-asset hyperion-css-u06ts1\" data-test-tag=\"image-asset\" src=\"https:\/\/www.europesays.com\/se\/wp-content\/uploads\/2025\/11\/f5f947ba-04d5-40d1-a689-fac04701a625\"  alt=\"Pauline Hanson bar burka i senaten den 24 november.\"  loading=\"eager\" fetchpriority=\"high\" style=\"aspect-ratio:1900 \/ 1267\"\/>Pauline Hanson bar burka i senaten den 24 november. Foto: Mick Tsikas\/AP\/TT<\/p>\n<p class=\"hyperion-css-1shl3oz\" data-test-tag=\"lead-text\">Pauline Hanson, partiledare f\u00f6r h\u00f6gerpopulistiska One Nation i Australien, har blivit avst\u00e4ngd fr\u00e5n senaten efter att ha burit burka under ett m\u00f6te i kammaren.<\/p>\n<p class=\"hyperion-css-1v9qo5x\">I m\u00e5ndags d\u00f6k Hanson upp i kammaren ikl\u00e4dd burka, f\u00f6r att protestera mot att senaten inte ville behandla hennes lagf\u00f6rslag om att f\u00f6rbjuda burka och andra plagg som t\u00e4cker ansiktet p\u00e5 offentliga platser.<\/p>\n<p class=\"hyperion-css-1v9qo5x\">Hanson st\u00e4ngdes f\u00f6rst av resten av dagen. D\u00e5 ingen urs\u00e4kt kom lade Penny Wong, den h\u00f6gsta regeringsf\u00f6retr\u00e4daren i senaten, p\u00e5 tisdagen fram en formell protest mot henne.<\/p>\n<p class=\"hyperion-css-1v9qo5x\">Wong, som ocks\u00e5 \u00e4r Australiens utrikesminister, sade att Hanson genom att b\u00e4ra burkan hade \u201dh\u00e5nat och f\u00f6rtalat en hel tro\u201d som praktiseras av n\u00e4stan 1 miljon australier bland en befolkning p\u00e5 28 miljoner.<\/p>\n<p class=\"hyperion-css-1v9qo5x\">Pauline Hanson, som genomf\u00f6rde en liknande burkakupp i senaten 2017, kommer att vara avst\u00e4ngd fr\u00e5n parlamentet flera m\u00e5nader fram\u00f6ver.<\/p>\n","protected":false},"excerpt":{"rendered":"Publicerad 2025-11-25 16.53 share-arrowDela unsaveSpara expand-left helsk\u00e4rmPauline Hanson bar burka i senaten den 24 november. Foto: Mick Tsikas\/AP\/TT&hellip;\n","protected":false},"author":2,"featured_media":90270,"comment_status":"","ping_status":"","sticky":false,"template":"","format":"standard","meta":{"footnotes":""},"categories":[14],"tags":[22,23,26,27,17,21,24,25,28,29,15,16,18,34,31,33,32,30,19,20,51,52,53,54],"class_list":{"0":"post-90269","1":"post","2":"type-post","3":"status-publish","4":"format-standard","5":"has-post-thumbnail","7":"category-varlden","8":"tag-breaking-news","9":"tag-breakingnews","10":"tag-featured-news","11":"tag-featurednews","12":"tag-headlines","13":"tag-huvudnyheter","14":"tag-latest-news","15":"tag-latestnews","16":"tag-main-news","17":"tag-mainnews","18":"tag-news","19":"tag-nyheter","20":"tag-rubriker","21":"tag-se","22":"tag-svenska","23":"tag-sverige","24":"tag-sweden","25":"tag-swedish","26":"tag-top-stories","27":"tag-topstories","28":"tag-varlden","29":"tag-world","30":"tag-world-news","31":"tag-worldnews"},"share_on_mastodon":{"url":"https:\/\/pubeurope.com\/@se\/115616286331467885","error":""},"_links":{"self":[{"href":"https:\/\/www.europesays.com\/se\/wp-json\/wp\/v2\/posts\/90269","targetHints":{"allow":["GET"]}}],"collection":[{"href":"https:\/\/www.europesays.com\/se\/wp-json\/wp\/v2\/posts"}],"about":[{"href":"https:\/\/www.europesays.com\/se\/wp-json\/wp\/v2\/types\/post"}],"author":[{"embeddable":true,"href":"https:\/\/www.europesays.com\/se\/wp-json\/wp\/v2\/users\/2"}],"replies":[{"embeddable":true,"href":"https:\/\/www.europesays.com\/se\/wp-json\/wp\/v2\/comments?post=90269"}],"version-history":[{"count":0,"href":"https:\/\/www.europesays.com\/se\/wp-json\/wp\/v2\/posts\/90269\/revisions"}],"wp:featuredmedia":[{"embeddable":true,"href":"https:\/\/www.europesays.com\/se\/wp-json\/wp\/v2\/media\/90270"}],"wp:attachment":[{"href":"https:\/\/www.europesays.com\/se\/wp-json\/wp\/v2\/media?parent=90269"}],"wp:term":[{"taxonomy":"category","embeddable":true,"href":"https:\/\/www.europesays.com\/se\/wp-json\/wp\/v2\/categories?post=90269"},{"taxonomy":"post_tag","embeddable":true,"href":"https:\/\/www.europesays.com\/se\/wp-json\/wp\/v2\/tags?post=90269"}],"curies":[{"name":"wp","href":"https:\/\/api.w.org\/{rel}","templated":true}]}}