{"id":90279,"date":"2025-11-26T13:55:18","date_gmt":"2025-11-26T13:55:18","guid":{"rendered":"https:\/\/www.europesays.com\/se\/90279\/"},"modified":"2025-11-26T13:55:18","modified_gmt":"2025-11-26T13:55:18","slug":"intellego-polisanmals-av-exportkreditnamnden-placera-se","status":"publish","type":"post","link":"https:\/\/www.europesays.com\/se\/90279\/","title":{"rendered":"Intellego polisanm\u00e4ls av Exportkreditn\u00e4mnden | Placera.se"},"content":{"rendered":"<p class=\"font-sans text-base text-text-main dark:text-text-main-dark font-normal leading-[1.4]\">\u201dEKN och SEK har gemensamt l\u00e4mnat in en polisanm\u00e4lan mot\u00a0<strong>Intellego Technologies\u00a0AB<\/strong>\u00a0avseende misstanke om bedr\u00e4geri\u201d, skriver\u00a0<strong>Svensk Exportkredit<\/strong>.<\/p>\n<p class=\"font-sans text-base text-text-main dark:text-text-main-dark font-normal leading-[1.4]\">P\u00e5 grund av f\u00f6runders\u00f6kningssekretess kan inte mer information l\u00e4mnas skriver EKN, som f\u00f6rs\u00e4krat tre av Intellegos kundfordringar.<\/p>\n<p class=\"font-sans text-base text-text-main dark:text-text-main-dark font-normal leading-[1.4]\"><strong>Sven Nordenstam<\/strong>\u00a0lyfte i en kr\u00f6nika\u00a0fram huruvida UV-teknikbolagets \u00f6verl\u00e5telser av kundfordringar kunde ligga bakom det starka fria kassafl\u00f6det. Till grund f\u00f6r artikeln l\u00e5g handlingar fr\u00e5n Exportkreditn\u00e4mnden.<\/p>\n<p class=\"font-sans text-base text-text-main dark:text-text-main-dark font-normal leading-[1.4]\">Efter mots\u00e4gelsefulla besked fr\u00e5n EKN\u00a0backade myndigheten\u00a0och bekr\u00e4ftade att Placeras uppgifter var korrekta.<\/p>\n<p class=\"font-sans text-base text-text-main dark:text-text-main-dark font-normal leading-[1.4]\">Efter en anm\u00e4lan fr\u00e5n <strong>FI<\/strong> slog EBM till mot Intellego Technologies den 18:e november i \u00e5r. Den tidigare VD:n <strong>Claes Lindahl<\/strong> \u00e4r h\u00e4ktad misst\u00e4nkt f\u00f6r grovt svindleri och styrelseledamoten <strong>Jacob Laurin<\/strong> har g\u00e5tt in som tillf\u00f6rordnad VD. Aktien \u00e4r handelsstoppad sedan tillslaget.<\/p>\n<p class=\"font-sans text-base text-text-main dark:text-text-main-dark font-normal leading-[1.4]\">UV-teknikbolaget har sedan b\u00f6rsintroduktionen 2021 f\u00e5tt \u00e5terkommande kritik, bland annat f\u00f6r oklarheter kring PM om stora ordrar och bristf\u00e4llig kommunikation. I augusti 2024 fick Intellego b\u00f6ter p\u00e5 2,2 Mkr av Nasdaq f\u00f6r flera regelbrott. Skaran av aktie\u00e4gare har samtidigt v\u00e4xt fr\u00e5n 4 000 till drygt 16 000 bara under 2025, medan kursen tidvis rusat.<\/p>\n<p>Visa mer<\/p>\n","protected":false},"excerpt":{"rendered":"\u201dEKN och SEK har gemensamt l\u00e4mnat in en polisanm\u00e4lan mot\u00a0Intellego Technologies\u00a0AB\u00a0avseende misstanke om bedr\u00e4geri\u201d, skriver\u00a0Svensk Exportkredit. P\u00e5 grund&hellip;\n","protected":false},"author":2,"featured_media":90280,"comment_status":"","ping_status":"","sticky":false,"template":"","format":"standard","meta":{"footnotes":""},"categories":[65],"tags":[72,70,71,6853,34,31,33,32,30],"class_list":{"0":"post-90279","1":"post","2":"type-post","3":"status-publish","4":"format-standard","5":"has-post-thumbnail","7":"category-ekonomi","8":"tag-business","9":"tag-economy","10":"tag-ekonomi","11":"tag-intellego-technologies","12":"tag-se","13":"tag-svenska","14":"tag-sverige","15":"tag-sweden","16":"tag-swedish"},"share_on_mastodon":{"url":"https:\/\/pubeurope.com\/@se\/115616345209587486","error":""},"_links":{"self":[{"href":"https:\/\/www.europesays.com\/se\/wp-json\/wp\/v2\/posts\/90279","targetHints":{"allow":["GET"]}}],"collection":[{"href":"https:\/\/www.europesays.com\/se\/wp-json\/wp\/v2\/posts"}],"about":[{"href":"https:\/\/www.europesays.com\/se\/wp-json\/wp\/v2\/types\/post"}],"author":[{"embeddable":true,"href":"https:\/\/www.europesays.com\/se\/wp-json\/wp\/v2\/users\/2"}],"replies":[{"embeddable":true,"href":"https:\/\/www.europesays.com\/se\/wp-json\/wp\/v2\/comments?post=90279"}],"version-history":[{"count":0,"href":"https:\/\/www.europesays.com\/se\/wp-json\/wp\/v2\/posts\/90279\/revisions"}],"wp:featuredmedia":[{"embeddable":true,"href":"https:\/\/www.europesays.com\/se\/wp-json\/wp\/v2\/media\/90280"}],"wp:attachment":[{"href":"https:\/\/www.europesays.com\/se\/wp-json\/wp\/v2\/media?parent=90279"}],"wp:term":[{"taxonomy":"category","embeddable":true,"href":"https:\/\/www.europesays.com\/se\/wp-json\/wp\/v2\/categories?post=90279"},{"taxonomy":"post_tag","embeddable":true,"href":"https:\/\/www.europesays.com\/se\/wp-json\/wp\/v2\/tags?post=90279"}],"curies":[{"name":"wp","href":"https:\/\/api.w.org\/{rel}","templated":true}]}}