{"id":90311,"date":"2025-11-26T14:20:19","date_gmt":"2025-11-26T14:20:19","guid":{"rendered":"https:\/\/www.europesays.com\/se\/90311\/"},"modified":"2025-11-26T14:20:19","modified_gmt":"2025-11-26T14:20:19","slug":"eu-parlamentet-vill-ha-aldersgrans-pa-natet-vasterbottens-kuriren","status":"publish","type":"post","link":"https:\/\/www.europesays.com\/se\/90311\/","title":{"rendered":"EU-parlamentet vill ha \u00e5ldersgr\u00e4ns p\u00e5 n\u00e4tet &#8211; V\u00e4sterbottens-Kuriren"},"content":{"rendered":"<ol>\n<li><a href=\"https:\/\/news.google.com\/rss\/articles\/CBMihAFBVV95cUxNazVXQjY2MU01UjU0SW1WVUgtSmtFQlFUZkNOQXg1ckVKWmprQ1UteXdiLUVtMnlySXZhYVhPaUozY1dGR1RyRi1GTEJQRFFka0FNUWRTdW5Xd01GUlk3dEZoTjRFcER0U2d3Wl92VWFPZXdGTUpiYV85NUlHUmNfbVl4ODE?oc=5\" target=\"_blank\" rel=\"nofollow noopener\">EU-parlamentet vill ha \u00e5ldersgr\u00e4ns p\u00e5 n\u00e4tet<\/a>&nbsp;&nbsp;V\u00e4sterbottens-Kuriren<\/li>\n<li><a href=\"https:\/\/news.google.com\/rss\/articles\/CBMimwFBVV95cUxQZTRraF9Sam9EaVZNUzhCekQzS1dxU2pMWThUanJYTVV6amFWWXIzaXFCSWlFalJYWTZEengwX2FMcVBONlU0azZEc21MRUh5dnRNWDRBeFF1d0dfMkhQTDR0S191cmZhQ1U5UFladTIwTjQwZlVxa2FhMkFnRGZnYkhpeXdmQXB2WGY2WXU0X3VteTl0cmpIUWVBTQ?oc=5\" target=\"_blank\" rel=\"nofollow noopener\">EU-parlamentet: Inf\u00f6r 16-\u00e5rsgr\u00e4ns f\u00f6r sociala medier<\/a>&nbsp;&nbsp;SVT Nyheter<\/li>\n<li><a href=\"https:\/\/news.google.com\/rss\/articles\/CBMilwFBVV95cUxOb202XzdHcGtjUlZaeUtEOU52Ym5fbGY1Ukhvd3ZlY2RZcWIyTlNkSFRJWDkta2FoNm1Hc25MVGYwcWZmUEhhRWZjamJCZ25OUWVXRlUxcHQxZTdNUGxUbHI3TF9JZG9OYkhXX2VjVnowazNIMTYyd2x5UW9lWXdIeFNueWd0Q0ExS2VhNWxibE9RWE1PNlpF?oc=5\" target=\"_blank\" rel=\"nofollow noopener\">Pepparkakshus \u00e5terkallas<\/a>&nbsp;&nbsp;Expressen<\/li>\n<li><a href=\"https:\/\/news.google.com\/rss\/articles\/CBMiigFBVV95cUxOeFAyMXljbjRhLTdzV09wb2xvaUYweVpEZWpkckdBNzB4SThOZnlpYzdkNzIzZnZ0Tmt0V1VnVmVydWkxOVFOS0V6MzdHbGhpcHdQY19CODJOdEp2VV81MkMtdmNoUnZlTW5OWTZVZjRPLXhhamJ2MmJncDlUYmhfNW5yVnhXM09hUGc?oc=5\" target=\"_blank\" rel=\"nofollow noopener\">Klubbat: EU vill inf\u00f6ra \u00e5ldersgr\u00e4ns i sociala medier<\/a>&nbsp;&nbsp;Aftonbladet<\/li>\n<li><a href=\"https:\/\/news.google.com\/rss\/articles\/CBMiywFBVV95cUxOUHNfYlFaRU1PR1R0azJObXlyc0NBam10NWNndmNTZTI5ZTB5T0ZtWjRLdmw2amt6c3FSUkFKNE1PY2t4RDVMenEyY0JDTGgxTEVNSWs0NjE1RDBKUVVZVDN2OGZqWndlR21UTHVtVWpicHhaSUtqRVFKYnJFWDdGbGVmMHcyZkFIR3dINER3YzREMGl4SEV0V200Y1NNOU5GZWNhYklhVTdtMk1VSzF4MzgwTTRMVjdwenVCUkpLQXR5ZGlhU2swNVJhdw?oc=5\" target=\"_blank\" rel=\"nofollow noopener\">Barn under 16 \u00e5r ska inte ha sociala medier, menar ledam\u00f6terna<\/a>&nbsp;&nbsp;Via TT<\/li>\n<\/ol>\n","protected":false},"excerpt":{"rendered":"EU-parlamentet vill ha \u00e5ldersgr\u00e4ns p\u00e5 n\u00e4tet&nbsp;&nbsp;V\u00e4sterbottens-Kuriren EU-parlamentet: Inf\u00f6r 16-\u00e5rsgr\u00e4ns f\u00f6r sociala medier&nbsp;&nbsp;SVT Nyheter Pepparkakshus \u00e5terkallas&nbsp;&nbsp;Expressen Klubbat: EU vill&hellip;\n","protected":false},"author":2,"featured_media":90312,"comment_status":"","ping_status":"","sticky":false,"template":"","format":"standard","meta":{"footnotes":""},"categories":[14],"tags":[22,23,26,27,17,21,24,25,28,29,15,16,18,34,31,33,32,30,19,20,51,52,53,54],"class_list":{"0":"post-90311","1":"post","2":"type-post","3":"status-publish","4":"format-standard","5":"has-post-thumbnail","7":"category-varlden","8":"tag-breaking-news","9":"tag-breakingnews","10":"tag-featured-news","11":"tag-featurednews","12":"tag-headlines","13":"tag-huvudnyheter","14":"tag-latest-news","15":"tag-latestnews","16":"tag-main-news","17":"tag-mainnews","18":"tag-news","19":"tag-nyheter","20":"tag-rubriker","21":"tag-se","22":"tag-svenska","23":"tag-sverige","24":"tag-sweden","25":"tag-swedish","26":"tag-top-stories","27":"tag-topstories","28":"tag-varlden","29":"tag-world","30":"tag-world-news","31":"tag-worldnews"},"share_on_mastodon":{"url":"https:\/\/pubeurope.com\/@se\/115616443477857743","error":""},"_links":{"self":[{"href":"https:\/\/www.europesays.com\/se\/wp-json\/wp\/v2\/posts\/90311","targetHints":{"allow":["GET"]}}],"collection":[{"href":"https:\/\/www.europesays.com\/se\/wp-json\/wp\/v2\/posts"}],"about":[{"href":"https:\/\/www.europesays.com\/se\/wp-json\/wp\/v2\/types\/post"}],"author":[{"embeddable":true,"href":"https:\/\/www.europesays.com\/se\/wp-json\/wp\/v2\/users\/2"}],"replies":[{"embeddable":true,"href":"https:\/\/www.europesays.com\/se\/wp-json\/wp\/v2\/comments?post=90311"}],"version-history":[{"count":0,"href":"https:\/\/www.europesays.com\/se\/wp-json\/wp\/v2\/posts\/90311\/revisions"}],"wp:featuredmedia":[{"embeddable":true,"href":"https:\/\/www.europesays.com\/se\/wp-json\/wp\/v2\/media\/90312"}],"wp:attachment":[{"href":"https:\/\/www.europesays.com\/se\/wp-json\/wp\/v2\/media?parent=90311"}],"wp:term":[{"taxonomy":"category","embeddable":true,"href":"https:\/\/www.europesays.com\/se\/wp-json\/wp\/v2\/categories?post=90311"},{"taxonomy":"post_tag","embeddable":true,"href":"https:\/\/www.europesays.com\/se\/wp-json\/wp\/v2\/tags?post=90311"}],"curies":[{"name":"wp","href":"https:\/\/api.w.org\/{rel}","templated":true}]}}