{"id":90313,"date":"2025-11-26T14:23:08","date_gmt":"2025-11-26T14:23:08","guid":{"rendered":"https:\/\/www.europesays.com\/se\/90313\/"},"modified":"2025-11-26T14:23:08","modified_gmt":"2025-11-26T14:23:08","slug":"svar-psykisk-sjukdom-kan-behandlas-framgangsrikt-aven-i-mycket-hog-alder-orebronyheter","status":"publish","type":"post","link":"https:\/\/www.europesays.com\/se\/90313\/","title":{"rendered":"Sv\u00e5r psykisk sjukdom kan behandlas framg\u00e5ngsrikt \u00e4ven i mycket h\u00f6g \u00e5lder \u2013 \u00d6rebronyheter"},"content":{"rendered":"<p>\t\t\t\t\t\t\t\t<img width=\"300\" height=\"336\" src=\"https:\/\/www.europesays.com\/se\/wp-content\/uploads\/2025\/11\/trrnsn-300x336.jpg\" class=\"attachment-post-thumb size-post-thumb wp-post-image\" alt=\"\" decoding=\"async\" fetchpriority=\"high\"  \/>\t\t\t\t\t\t\t\t\t\t\t\t\t\t\t\t\tPersoner \u00f6ver 85 \u00e5r ing\u00e5r s\u00e4llan i forskning, ber\u00e4ttar \u00d6rebro forskare Tor Arnison.<\/p>\n<p>Foto: Jesper Eriksson<\/p>\n<p><strong>Elbehandling (ECT) \u00e4r en trygg och effektiv behandling, \u00e4ven f\u00f6r mycket gamla patienter som lider av depression. Den ger ofta b\u00e4ttre resultat \u00e4n hos yngre och kan minska behovet av sjukhusv\u00e5rd, visar ny forskning fr\u00e5n \u00d6rebro universitet.<\/strong><\/p>\n<p>Tor Arnison, legitimerad psykolog och forskare i klinisk epidemiologi vid \u00d6rebro universitet, har genomf\u00f6rt en registerstudie av drygt 500 personer som \u00e4r 85 \u00e5r eller \u00e4ldre och som behandlats med elektrokonvulsiv behandling, ECT. De j\u00e4mf\u00f6rdes med lika stor grupp yngre patienter, och med en grupp j\u00e4mn\u00e5riga som ocks\u00e5 hade depression men inte fick ECT.<\/p>\n<p>\u2014 Vi ville studera personer som \u00e4r 85 \u00e5r eller \u00e4ldre eftersom de ofta har depression men s\u00e4llan ing\u00e5r i forskning. L\u00e4kemedel kan ge fler biverkningar i den h\u00e4r \u00e5ldern, och det saknas kunskap om hur effektiva och s\u00e4kra andra behandlingsformer, som ECT, \u00e4r f\u00f6r dem, s\u00e4ger Tor Arnison.<\/p>\n<p><strong>F\u00e5 biverkningar och minskat behov av sjukhusv\u00e5rd<\/strong><\/p>\n<p>Resultatet visar att ECT har mycket god effekt hos de allra \u00e4ldsta, ungef\u00e4r \u00e5tta av tio patienter f\u00f6rb\u00e4ttrades och \u00f6ver h\u00e4lften blev helt \u00e5terst\u00e4llda.<\/p>\n<p>\u2014 De hade ocks\u00e5 f\u00e4rre sjukhusinl\u00e4ggningar efter behandlingen \u00e4n j\u00e4mn\u00e5riga som inte fick ECT. Biverkningar var relativt f\u00e5 och bestod fr\u00e4mst av tillf\u00e4llig f\u00f6rvirring eller blodtrycksp\u00e5verkan, s\u00e4ger Tor Arnison.<\/p>\n<p>Han drar slutsatsen att ECT \u00e4r en effektiv och trygg behandling \u00e4ven bland de allra \u00e4ldsta, och att den ofta fungerar b\u00e4ttre i den gruppen \u00e4n hos yngre patienter.<\/p>\n<p>\u2014 H\u00f6g \u00e5lder i sig verkar allts\u00e5 inte vara ett hinder f\u00f6r ECT, och sv\u00e5r psykisk sjukdom kan behandlas framg\u00e5ngsrikt \u00e4ven i mycket h\u00f6g \u00e5lder.<\/p>\n<p><strong>Hur kan sjukv\u00e5rden ha nytta av din forskning?<\/strong><\/p>\n<p>\u2014 Resultaten visar att ECT borde anv\u00e4ndas mer i denna \u00e5ldersgrupp, s\u00e4rskilt n\u00e4r l\u00e4kemedel inte hj\u00e4lper eller ger f\u00f6r stora biverkningar. Studien kan bidra till minskad tvekan i v\u00e5rden och \u00f6ka tillg\u00e5ngen till en effektiv behandling f\u00f6r de allra \u00e4ldsta, s\u00e4ger Tor Arnison.<br \/>\u00a0<br \/><strong>H\u00e4lsa | \u00d6rebro<\/strong><br \/><strong>\u00d6rebronyheter<\/strong><\/p>\n<p>K\u00e4lla: \u00d6rebro Universtitet<br \/>Text:\u00a0Anna Lorentzon<\/p>\n","protected":false},"excerpt":{"rendered":"Personer \u00f6ver 85 \u00e5r ing\u00e5r s\u00e4llan i forskning, ber\u00e4ttar \u00d6rebro forskare Tor Arnison. Foto: Jesper Eriksson Elbehandling (ECT)&hellip;\n","protected":false},"author":2,"featured_media":90314,"comment_status":"","ping_status":"","sticky":false,"template":"","format":"standard","meta":{"footnotes":""},"categories":[69],"tags":[113,112,34,31,33,32,30],"class_list":{"0":"post-90313","1":"post","2":"type-post","3":"status-publish","4":"format-standard","5":"has-post-thumbnail","7":"category-halsa","8":"tag-halsa","9":"tag-health","10":"tag-se","11":"tag-svenska","12":"tag-sverige","13":"tag-sweden","14":"tag-swedish"},"share_on_mastodon":{"url":"https:\/\/pubeurope.com\/@se\/115616455568689625","error":""},"_links":{"self":[{"href":"https:\/\/www.europesays.com\/se\/wp-json\/wp\/v2\/posts\/90313","targetHints":{"allow":["GET"]}}],"collection":[{"href":"https:\/\/www.europesays.com\/se\/wp-json\/wp\/v2\/posts"}],"about":[{"href":"https:\/\/www.europesays.com\/se\/wp-json\/wp\/v2\/types\/post"}],"author":[{"embeddable":true,"href":"https:\/\/www.europesays.com\/se\/wp-json\/wp\/v2\/users\/2"}],"replies":[{"embeddable":true,"href":"https:\/\/www.europesays.com\/se\/wp-json\/wp\/v2\/comments?post=90313"}],"version-history":[{"count":0,"href":"https:\/\/www.europesays.com\/se\/wp-json\/wp\/v2\/posts\/90313\/revisions"}],"wp:featuredmedia":[{"embeddable":true,"href":"https:\/\/www.europesays.com\/se\/wp-json\/wp\/v2\/media\/90314"}],"wp:attachment":[{"href":"https:\/\/www.europesays.com\/se\/wp-json\/wp\/v2\/media?parent=90313"}],"wp:term":[{"taxonomy":"category","embeddable":true,"href":"https:\/\/www.europesays.com\/se\/wp-json\/wp\/v2\/categories?post=90313"},{"taxonomy":"post_tag","embeddable":true,"href":"https:\/\/www.europesays.com\/se\/wp-json\/wp\/v2\/tags?post=90313"}],"curies":[{"name":"wp","href":"https:\/\/api.w.org\/{rel}","templated":true}]}}