{"id":90361,"date":"2025-11-26T15:14:14","date_gmt":"2025-11-26T15:14:14","guid":{"rendered":"https:\/\/www.europesays.com\/se\/90361\/"},"modified":"2025-11-26T15:14:14","modified_gmt":"2025-11-26T15:14:14","slug":"xiaomi-17-ultra-pastas-ha-avbildats-fore-lanseringen-med-vivo-x200-ultra-konkurrerande-kameror","status":"publish","type":"post","link":"https:\/\/www.europesays.com\/se\/90361\/","title":{"rendered":"Xiaomi 17 Ultra p\u00e5st\u00e5s ha avbildats f\u00f6re lanseringen med Vivo X200 Ultra konkurrerande kameror"},"content":{"rendered":"<p>\t\t<a href=\"https:\/\/www.notebookcheck.se\/fileadmin\/Notebooks\/News\/_nc5\/xiaomi-17-ultra-photography-kit-leaks-kv.jpg\" data-caption=\"En p\u00e5st\u00e5dd titt p\u00e5 Xiaomi 17 Ultra och dess fotokit i tv\u00e5 f\u00e4rger. (Bildk\u00e4lla: via Kacper Skrzypek - redigerad)\" rel=\"nofollow noopener\" target=\"_blank\"><img decoding=\"async\" src=\"https:\/\/www.europesays.com\/se\/wp-content\/uploads\/2025\/11\/csm_xiaomi-17-ultra-photography-kit-leaks-kv_7dcd9f254c.jpg\" loading=\"lazy\" fetchpriority=\"high\" width=\"240\" height=\"180\" alt=\"En p\u00e5st\u00e5dd titt p\u00e5 Xiaomi 17 Ultra och dess fotokit i tv\u00e5 f\u00e4rger. (Bildk\u00e4lla: via Kacper Skrzypek - redigerad)\"\/><\/a>En p\u00e5st\u00e5dd titt p\u00e5 Xiaomi 17 Ultra och dess fotokit i tv\u00e5 f\u00e4rger. (Bildk\u00e4lla: via Kacper Skrzypek &#8211; redigerad)<\/p>\n<p>Designen p\u00e5 Xiaomi 17 Ultra kan ha dykt upp en m\u00e5nad f\u00f6r tidigt. Xiaomi 17 Ultra har setts i officiella Photography Kit-tillbeh\u00f6r och kan komma att ha en trippelkamerainst\u00e4llning precis som Vivo X200 Ultra innan den.<\/p>\n<p class=\"bodytext\">Under tiden kan l\u00e4ckan Kacper Skrzypek bara ha gett den f\u00f6rsta titt p\u00e5 Xiaomi 17 Ultra innan Xiaomis oundvikliga angrepp av teasers f\u00f6re sl\u00e4pp. Postning <a href=\"https:\/\/x.com\/kacskrz\/status\/1993573407544205641\" target=\"_blank\" class=\"external-link-new-window\" rel=\"nofollow\">p\u00e5 X<\/a>skriver Skrzypek bara att detta \u00e4r bilder av Xiaomi 17 Ultra Photography Kit utan att utveckla det ytterligare. N\u00e5gra ytterligare detaljer kan \u00e4nd\u00e5 utl\u00e4sas ut\u00f6ver att Xiaomi kommer att erbjuda ett fotograferingsfokuserat tillbeh\u00f6r till sitt n\u00e4sta flaggskepp.<\/p>\n<p class=\"bodytext\">\u00c5 ena sidan verkar det som att Xiaomi 17 Ultra har en n\u00e5got mer rundad kropp \u00e4n sin f\u00f6reg\u00e5ngare, om \u00e4n med ett massivt cirkul\u00e4rt kamerahus ocks\u00e5. \u00c5 andra sidan \u00e4r endast tre bak\u00e5tv\u00e4nda kameror synliga, med en periskopzoomkamera som dominerar f\u00f6rfarandet precis som p\u00e5 <a href=\"http:\/\/www.notebookcheck.net\/Groundbreaking-cameras-in-the-Android-smartphone-Vivo-X200-Ultra-review.1049414.0.html\" target=\"_self\" class=\"internal-link\" rel=\"nofollow noopener\">Vivo X200 Ultra<\/a>.<\/p>\n<p class=\"bodytext\">Tidigare fanns det f\u00f6rslag p\u00e5 att Xiaomi hade utvecklat Xiaomi 17 Ultra med antingen tre eller fyra bak\u00e5tv\u00e4nda kameror, med p\u00e5st\u00e5dd sensorinformation <a href=\"http:\/\/www.notebookcheck.net\/Xiaomi-17-Ultra-reveals-itself-months-ahead-of-schedule-with-new-camera-hardware-outlined.1125786.0.html\" target=\"_self\" class=\"internal-link\" rel=\"nofollow noopener\">har dykt upp<\/a> f\u00f6r den senare varianten. S\u00e5ledes f\u00f6rblir \u00e4ktheten av dessa bilder oklar i detta skede, \u00e4ven med Skrzypeks tidigare utm\u00e4rkta meritlista.<\/p>\n<p>\t<a href=\"https:\/\/www.notebookcheck.se\/fileadmin\/Notebooks\/News\/_nc5\/xiaomi-17-ultra-photography-kit-leaks-1.jpg\" title=\"(Bildk\u00e4lla: via Kacper Skrzypek - redigerad)\" data-caption=\"(Bildk\u00e4lla: via Kacper Skrzypek - redigerad)\" target=\"_blank\" rel=\"nofollow noopener\"><img decoding=\"async\" src=\"https:\/\/www.europesays.com\/se\/wp-content\/uploads\/2025\/11\/csm_xiaomi-17-ultra-photography-kit-leaks-1_b7cbf82cec.jpg\" width=\"738\" height=\"555\" alt=\"(Bildk\u00e4lla: via Kacper Skrzypek - redigerad)\" loading=\"lazy\"\/><\/a>(Bildk\u00e4lla: via Kacper Skrzypek &#8211; redigerad)<a href=\"\"><img decoding=\"async\" src=\"https:\/\/www.europesays.com\/se\/wp-content\/uploads\/2025\/11\/csm_alex_alderson_photo_98f8faaa46.jpg\" loading=\"lazy\" width=\"120\" height=\"120\" alt=\"Alex Alderson\"\/><\/a><a href=\"\"><img decoding=\"async\" src=\"https:\/\/www.europesays.com\/se\/wp-content\/uploads\/2025\/11\/1763336113_814_csm_ninh_duy_ee54bf9777.jpg\" loading=\"lazy\" width=\"120\" height=\"120\" alt=\"Ninh Duy\"\/><\/a>Translator: <a href=\"\" class=\"j_name\">Ninh Ngoc Duy<\/a> &#8211; Editorial Assistant  &#8211; 663404 articles published on Notebookcheck since 2008<\/p>\n<p>Alex Alderson,\u00a02025-11-26\u00a0(Update:\u00a02025-11-26)<\/p>\n","protected":false},"excerpt":{"rendered":"En p\u00e5st\u00e5dd titt p\u00e5 Xiaomi 17 Ultra och dess fotokit i tv\u00e5 f\u00e4rger. (Bildk\u00e4lla: via Kacper Skrzypek &#8211;&hellip;\n","protected":false},"author":2,"featured_media":90362,"comment_status":"","ping_status":"","sticky":false,"template":"","format":"standard","meta":{"footnotes":""},"categories":[66],"tags":[6565,7083,7084,7085,10178,80,78,79,34,7147,31,33,32,30,81,84,83,82,7141,8206,10177],"class_list":{"0":"post-90361","1":"post","2":"type-post","3":"status-publish","4":"format-standard","5":"has-post-thumbnail","7":"category-vetenskap-och-teknik","8":"tag-android","9":"tag-barbar-dator","10":"tag-laptop","11":"tag-notebook","12":"tag-photography-kit","13":"tag-science","14":"tag-science-and-technology","15":"tag-scienceandtechnology","16":"tag-se","17":"tag-smartphone","18":"tag-svenska","19":"tag-sverige","20":"tag-sweden","21":"tag-swedish","22":"tag-technology","23":"tag-teknik","24":"tag-vetenskap","25":"tag-vetenskapteknik","26":"tag-xiaomi","27":"tag-xiaomi-17-ultra","28":"tag-xiaomi-17-ultra-photography-kit"},"share_on_mastodon":{"url":"https:\/\/pubeurope.com\/@se\/115616655963542639","error":""},"_links":{"self":[{"href":"https:\/\/www.europesays.com\/se\/wp-json\/wp\/v2\/posts\/90361","targetHints":{"allow":["GET"]}}],"collection":[{"href":"https:\/\/www.europesays.com\/se\/wp-json\/wp\/v2\/posts"}],"about":[{"href":"https:\/\/www.europesays.com\/se\/wp-json\/wp\/v2\/types\/post"}],"author":[{"embeddable":true,"href":"https:\/\/www.europesays.com\/se\/wp-json\/wp\/v2\/users\/2"}],"replies":[{"embeddable":true,"href":"https:\/\/www.europesays.com\/se\/wp-json\/wp\/v2\/comments?post=90361"}],"version-history":[{"count":0,"href":"https:\/\/www.europesays.com\/se\/wp-json\/wp\/v2\/posts\/90361\/revisions"}],"wp:featuredmedia":[{"embeddable":true,"href":"https:\/\/www.europesays.com\/se\/wp-json\/wp\/v2\/media\/90362"}],"wp:attachment":[{"href":"https:\/\/www.europesays.com\/se\/wp-json\/wp\/v2\/media?parent=90361"}],"wp:term":[{"taxonomy":"category","embeddable":true,"href":"https:\/\/www.europesays.com\/se\/wp-json\/wp\/v2\/categories?post=90361"},{"taxonomy":"post_tag","embeddable":true,"href":"https:\/\/www.europesays.com\/se\/wp-json\/wp\/v2\/tags?post=90361"}],"curies":[{"name":"wp","href":"https:\/\/api.w.org\/{rel}","templated":true}]}}