{"id":90415,"date":"2025-11-26T16:21:09","date_gmt":"2025-11-26T16:21:09","guid":{"rendered":"https:\/\/www.europesays.com\/se\/90415\/"},"modified":"2025-11-26T16:21:09","modified_gmt":"2025-11-26T16:21:09","slug":"brak-mellan-c-och-sd-ballar-ur-fullstandigt-politik","status":"publish","type":"post","link":"https:\/\/www.europesays.com\/se\/90415\/","title":{"rendered":"Br\u00e5k mellan C och SD: \u201dBallar ur fullst\u00e4ndigt\u201d | Politik"},"content":{"rendered":"<p>Publicerad 26 nov 2025 kl 12.52Uppdaterad kl 14.13<\/p>\n<p>Ett br\u00e5k uppstod mellan Martin \u00c5dahl (C) och Oscar Sj\u00f6stedt (SD) under riksdagens budgetdebatt p\u00e5 onsdagsf\u00f6rmiddagen.<\/p>\n<p>Det \u201dballar ur fullst\u00e4ndigt\u201d s\u00e4ger SD-toppen.<\/p>\n<p><img loading=\"lazy\"   alt=\"\"\/><\/p>\n<p>Oscar Sj\u00f6stedt (SD) och Martin \u00c5dahl (C) under en riksdagsdebatt om budgetramarna f\u00f6r statens budget.<\/p>\n<p>Foto: Pontus Lundahl\/ TT NYHETSBYR\u00c5N<\/p>\n<p>\u00d6ppna bild i helsk\u00e4rm<img loading=\"lazy\"   alt=\"\"\/><\/p>\n<p>Centerpartiets ekonomisk-politiske talesperson Martin \u00c5dahl (C)<\/p>\n<p>Foto: Henrik Montgomery\/ TT NYHETSBYR\u00c5N<\/p>\n<p>\u00d6ppna bild i helsk\u00e4rm<\/p>\n<p><a href=\"https:\/\/www.expressen.se\/tagg\/person\/martin-adahl\/\" class=\"\" rel=\"nofollow noopener\" target=\"_blank\">Martin \u00c5dahl<\/a> (C) fr\u00e5gade Sj\u00f6stedt om varf\u00f6r SD vill \u201dmedverka till att f\u00f6rs\u00e4mra v\u00e4lf\u00e4rden p\u00e5 landsbygden i Sverige till f\u00f6rm\u00e5n f\u00f6r st\u00e4derna i det h\u00e4r l\u00e4get n\u00e4r klyftorna i v\u00e4lf\u00e4rd mellan stad och land har v\u00e4xt s\u00e5 kraftigt.\u201d Han pekade p\u00e5 st\u00e4ngda servicekontor, f\u00f6rs\u00e4mrad infrastruktur och k\u00e4mpande landsbygdskommuner. Han listade flera kommuner som tagit stryk men ocks\u00e5 oh\u00e4lsan\u00a0<\/p>\n<p>Sj\u00f6stedt svarade att en parlamentarisk kommitt\u00e9 utsatts i fr\u00e5gan och att SD st\u00e5r bakom vad den kommit fram till. Han sa sedan:<\/p>\n<p>\u2013 Det h\u00e4r med stadens servicekontor, n\u00e4r vi hade landsdagar i \u00d6rebro d\u00e4r i helgen som var\u2026 Jag h\u00e5ller p\u00e5 att \u00e5terh\u00e4mta mig fr\u00e5n det, ska jag s\u00e4ga. Nej jag skojar bara. Men d\u00e5 s\u00e5g jag fr\u00e5n f\u00f6nstret d\u00e4r, och det p\u00e5 torget d\u00e4r i \u00d6rebro, d\u00e5 fanns det s\u00e5n d\u00e4r servicekontor.<\/p>\n<p>Svaret fick \u00c5dahl (C) att ilskna till.\u00a0<\/p>\n<p>\u2013 Man f\u00e5r g\u00e4rna skoja om sina st\u00e4mmor och landsm\u00f6ten, men det h\u00e4r \u00e4r faktiskt ganska allvarligt, och jag har en liten upplysning h\u00e4r till Oskar Sj\u00f6stedt, \u00d6rebro \u00e4r allts\u00e5 inte svensk landsbygd, med all respekt, s\u00e4ger han och \u00e4r m\u00e4rkart uppr\u00f6rd och s\u00e4ger att det verkar som SD inte har koll p\u00e5 sin landsbygd.<\/p>\n<p>\u2013 Det \u00e4r oacceptabelt och SD st\u00e5r och snackar och sk\u00e4mtar om landsbygden, men det h\u00e4r \u00e4r verklighet, s\u00e4ger han och kr\u00e4ver ett svar.\u00a0<\/p>\n<p>\u201dBallar ur\u201d<\/p>\n<p>Sj\u00f6stedt tappade ocks\u00e5 hum\u00f6ret i sin replik.\u00a0<\/p>\n<p>\u2013 S\u00e5 fort Martin \u00c5dahl g\u00e5r fram och st\u00e4ller sig, d\u00e5 ballar det ut fullst\u00e4ndigt. D\u00e5 f\u00f6rsvinner all rim och reson, sa Sj\u00f6stedt och po\u00e4ngterade att han svarade p\u00e5 fr\u00e5gan.<\/p>\n<p>\u00a0\u2013 Jag svarade p\u00e5 fr\u00e5gan. Och sen ballar Martin \u00c5dahl ur fullst\u00e4ndigt. Det blir alltid s\u00e5. Jag tycker att det \u00e4r tr\u00e5kigt.<\/p>\n<p>Sj\u00f6stedt avslutade repliken med en urs\u00e4kt.\u00a0<\/p>\n<p>\u2013 Urs\u00e4kta att jag blev arg, men det var faktiskt ganska befogat.\u00a0<\/p>\n","protected":false},"excerpt":{"rendered":"Publicerad 26 nov 2025 kl 12.52Uppdaterad kl 14.13 Ett br\u00e5k uppstod mellan Martin \u00c5dahl (C) och Oscar Sj\u00f6stedt&hellip;\n","protected":false},"author":2,"featured_media":90416,"comment_status":"","ping_status":"","sticky":false,"template":"","format":"standard","meta":{"footnotes":""},"categories":[12],"tags":[22,23,26,27,17,21,24,25,28,29,15,16,1353,38,10193,10194,18,34,583,31,33,32,30,19,20],"class_list":{"0":"post-90415","1":"post","2":"type-post","3":"status-publish","4":"format-standard","5":"has-post-thumbnail","7":"category-sverige","8":"tag-breaking-news","9":"tag-breakingnews","10":"tag-featured-news","11":"tag-featurednews","12":"tag-headlines","13":"tag-huvudnyheter","14":"tag-latest-news","15":"tag-latestnews","16":"tag-main-news","17":"tag-mainnews","18":"tag-news","19":"tag-nyheter","20":"tag-organization-centerpartiet","21":"tag-organization-sverigedemokraterna","22":"tag-person-martin-adahl","23":"tag-person-oscar-sjostedt","24":"tag-rubriker","25":"tag-se","26":"tag-sections-politik","27":"tag-svenska","28":"tag-sverige","29":"tag-sweden","30":"tag-swedish","31":"tag-top-stories","32":"tag-topstories"},"share_on_mastodon":{"url":"https:\/\/pubeurope.com\/@se\/115616919227586241","error":""},"_links":{"self":[{"href":"https:\/\/www.europesays.com\/se\/wp-json\/wp\/v2\/posts\/90415","targetHints":{"allow":["GET"]}}],"collection":[{"href":"https:\/\/www.europesays.com\/se\/wp-json\/wp\/v2\/posts"}],"about":[{"href":"https:\/\/www.europesays.com\/se\/wp-json\/wp\/v2\/types\/post"}],"author":[{"embeddable":true,"href":"https:\/\/www.europesays.com\/se\/wp-json\/wp\/v2\/users\/2"}],"replies":[{"embeddable":true,"href":"https:\/\/www.europesays.com\/se\/wp-json\/wp\/v2\/comments?post=90415"}],"version-history":[{"count":0,"href":"https:\/\/www.europesays.com\/se\/wp-json\/wp\/v2\/posts\/90415\/revisions"}],"wp:featuredmedia":[{"embeddable":true,"href":"https:\/\/www.europesays.com\/se\/wp-json\/wp\/v2\/media\/90416"}],"wp:attachment":[{"href":"https:\/\/www.europesays.com\/se\/wp-json\/wp\/v2\/media?parent=90415"}],"wp:term":[{"taxonomy":"category","embeddable":true,"href":"https:\/\/www.europesays.com\/se\/wp-json\/wp\/v2\/categories?post=90415"},{"taxonomy":"post_tag","embeddable":true,"href":"https:\/\/www.europesays.com\/se\/wp-json\/wp\/v2\/tags?post=90415"}],"curies":[{"name":"wp","href":"https:\/\/api.w.org\/{rel}","templated":true}]}}