{"id":90475,"date":"2025-11-26T17:41:11","date_gmt":"2025-11-26T17:41:11","guid":{"rendered":"https:\/\/www.europesays.com\/se\/90475\/"},"modified":"2025-11-26T17:41:11","modified_gmt":"2025-11-26T17:41:11","slug":"parolin-paven-i-mellanostern-som-budbarare-for-enighet-dialog-och-fred","status":"publish","type":"post","link":"https:\/\/www.europesays.com\/se\/90475\/","title":{"rendered":"Parolin: P\u00e5ven i Mellan\u00f6stern som budb\u00e4rare f\u00f6r enighet, dialog och fred"},"content":{"rendered":"<p>Turkiet och Libanon v\u00e4ntar p\u00e5 Leo XIV. Kardinalstatssekreteraren bekr\u00e4ftar resans centrala betydelse f\u00f6r ekumeniken, interreligi\u00f6sa relationer och som ett tecken p\u00e5 hopp och fred. Han betonar att kristna spelar en avg\u00f6rande roll i det sociala, ekonomiska, kulturella och politiska livet i regionen.<\/p>\n<p><b>Massimiliano Menichetti<\/b><\/p>\n<p>Allt \u00e4r klart i Turkiet och Libanon f\u00f6r p\u00e5ven Leo ankomst. Den amerikanske p\u00e5vens f\u00f6rsta internationella apostoliska resa inleds i vittnesb\u00f6rdets och m\u00f6tets tecken. Petrus eftertr\u00e4dare tar sig till Mellan\u00f6stern f\u00f6r att bekr\u00e4fta tron och sprida Kristi sk\u00f6nhet som r\u00e4ddar hela m\u00e4nskligheten. F\u00f6rv\u00e4ntningarna \u00e4r stora bland de katolska f\u00f6rsamlingarna, och inte bara dem, i b\u00e5da l\u00e4nderna som ligger p\u00e5 kontinenter som inte skonats av krig och v\u00e5ld, men som \u00e4nd\u00e5, ofta med mycket lidande och mots\u00e4ttningar, lyckats bygga upp v\u00e4gar f\u00f6r dialog, v\u00e4lkomnande och fred. De tv\u00e5 mottona som valts f\u00f6r bes\u00f6ket: \u201dEn enda Herre, en enda tro, ett enda dop\u201d och \u201dSaliga \u00e4r de som stiftar fred\u201d belyser inneb\u00f6rden av dessa etapper i hoppets, enhetens och broderskapets tecken. Resan till Turkiet kommer att ha som centrum den ekumeniska firandet av 1700-\u00e5rsdagen av konciliet i Nicea, medan en av de r\u00f6rande stunderna i Libanon kommer att vara den \u201dtysta b\u00f6nen\u201d i Beiruts hamn, d\u00e4r en explosion f\u00f6r fem \u00e5r sedan d\u00f6dade \u00f6ver 200 m\u00e4nniskor och skadade 7 000. F\u00f6r <b>kardinal Pietro Parolin<\/b>, statssekreterare i Heliga stolen, kommer p\u00e5vens bes\u00f6k att bringa hopp, fred och ny kraft f\u00f6r de kristna i Mellan\u00f6stern.<\/p>\n<p>    <img decoding=\"async\" src=\"data:image\/gif;base64,R0lGODlhAQABAIAAAAAAAP\/\/\/yH5BAEAAAAALAAAAAABAAEAAAIBRAA7\" data-original=\"https:\/\/www.vaticannews.va\/content\/dam\/vaticannews\/multimedia\/2025\/ottobre\/27\/Screenshot-2025-10-27-alle-12.30.17.jpg\/_jcr_content\/renditions\/cq5dam.thumbnail.cropped.750.422.jpeg\" alt=\"Logo f\u00f6r p\u00e5ven Leo XIV:s apostoliska resa till Libanon\" title=\"Logo f\u00f6r p\u00e5ven Leo XIV:s apostoliska resa till Libanon\"\/><\/p>\n<p>\n   Logo f\u00f6r p\u00e5ven Leo XIV:s apostoliska resa till Libanon\n  <\/p>\n<p><b>Libanon \u00e4r ett land som har genomg\u00e5tt m\u00e5nga f\u00f6r\u00e4ndringar under de senaste 50 \u00e5ren. Vilket budskap kommer p\u00e5ven att f\u00f6rmedla till landets befolkning?<\/b><\/p>\n<p>Jag tror att det framf\u00f6r allt kommer att vara ett budskap om hopp, eftersom Libanon beh\u00f6ver hopp. Libanon har p\u00e5 senare tid gjort framsteg i l\u00f6sningen av den kris som har drabbat landet under de senaste \u00e5ren. Nu har landet en president, en regering har valts, reformer \u00e4r p\u00e5 g\u00e5ng, men det finns fortfarande m\u00e5nga, m\u00e5nga sv\u00e5righeter, mycket tr\u00f6ghet, m\u00e5nga hinder som kan, jag s\u00e4ger inte \u00e4ventyra, men \u00e4nd\u00e5 bromsa reformprocessen n\u00e5got och d\u00e4rmed ocks\u00e5 g\u00f6ra befolkningen besviken. D\u00e4rf\u00f6r ett budskap om hopp, f\u00f6r att s\u00e4ga: \u201dForts\u00e4tt, mod, f\u00f6rs\u00f6k att forts\u00e4tta p\u00e5 den v\u00e4g ni har slagit in p\u00e5 och samtidigt ocks\u00e5 ett budskap om kyrkans n\u00e4rhet. Ni vet hur mycket Heliga stolen bryr sig om Libanon just d\u00e4rf\u00f6r att \u2013 f\u00f6r att citera en numera uttjatad fras \u2013 \u201ddet \u00e4r ett budskap mer \u00e4n ett land\u201d, i den meningen att det har uppst\u00e5tt ett fredligt samliv mellan olika religioner och olika etniska grupper, och detta m\u00e5ste forts\u00e4tta. Just d\u00e4rf\u00f6r har Heliga stolen alltid st\u00e5tt n\u00e4ra, och kommer att forts\u00e4tta att st\u00e5 n\u00e4ra, och jag tror att p\u00e5vens n\u00e4rvaro framf\u00f6r allt betyder just detta.<\/p>\n<p><b>Ni p\u00e5minde ocks\u00e5 om p\u00e5vens m\u00e5nga resor, efter Paulus VI:s f\u00f6rsta resor och 61 \u00e5r efter Montinis f\u00f6rsta resa till Heliga landet under konciliet. P\u00e5vens apostoliska resor bekr\u00e4ftar sin betydelse, men vad \u00e4r deras inneb\u00f6rd?<\/b><\/p>\n<p>Jag tror att p\u00e5ven, p\u00e5varna, med b\u00f6rjan med Paulus VI, har sett de apostoliska resorna som ett nytt verktyg, ett nytt s\u00e4tt som passar v\u00e5r tid, att ut\u00f6va sitt \u00e4mbete. Det faller allts\u00e5 alltid inom ramen f\u00f6r det uppdrag som Jesus anf\u00f6rtrodde Petrus, n\u00e4mligen att bekr\u00e4fta br\u00f6derna och tj\u00e4na kyrkans enhet. Det har funnits m\u00e5nga s\u00e4tt genom historien och i v\u00e5r samtid. P\u00e5varna har bed\u00f6mt att detta kunde vara ett s\u00e4tt, ett mycket l\u00e4mpligt verktyg. Och i viss mening, f\u00f6r att citera p\u00e5ven Franciskus, \u00e4r det ett tecken p\u00e5 den ut\u00e5triktade kyrkan: kyrkan som inte bara v\u00e4ntar p\u00e5 att de ska komma hit, att de ska komma till henne, att de ska komma till Rom, till kyrkans centrum, utan kyrkan som blir pilgrim och g\u00f6r sig n\u00e4rvarande f\u00f6r alla folk, alla kulturer och alla verkligheter i denna v\u00e4rld. Jag tror att resorna \u2013 bortom det enskilda inneh\u00e5llet som sedan anpassas till verkligheten i det land som bes\u00f6ks \u2013 kan ha denna globala betydelse, n\u00e4mligen att kyrkan, i den universelle herdens person, g\u00f6r sig n\u00e4rvarande f\u00f6r alla.<\/p>\n<p><b>Det h\u00e4r \u00e4r en resa som riktar blicken mot Europa och Mellan\u00f6stern, regioner som pr\u00e4glas av krig, splittring, kriser och migration. Vilket bidrag kan kristna ge i detta scenario?<\/b><\/p>\n<p>Kristna har alltid varit en viktig del av Mellan\u00f6stern, fr\u00e5n f\u00f6rsta b\u00f6rjan, och har alltid gett ett v\u00e4rdefullt och betydelsefullt bidrag till det sociala, ekonomiska, kulturella och \u00e4ven politiska livet. Kristna skulle vilja forts\u00e4tta att ge detta bidrag och ut\u00f6va den roll de alltid har haft. Jag tror att det i slut\u00e4ndan \u00e4r en modererande roll som gynnar och fr\u00e4mjar m\u00f6tet mellan parterna. Problemet \u00e4r att antalet kristna i Mellan\u00f6stern idag minskar alltmer och detta ser Heliga stolens som mycket oroande. Vi skulle vilja att de kristna kunde stanna kvar i Mellan\u00f6stern och forts\u00e4tta att ge det bidrag de vill till de samh\u00e4llen d\u00e4r de lever och som de \u00e4r en integrerad del av. De \u00e4r medborgare i dessa l\u00e4nder, i dessa samh\u00e4llen, och d\u00e4rf\u00f6r m\u00e5ste de kunna forts\u00e4tta att erbjuda sitt bidrag och sin uppgift.<\/p>\n<p><b>Ers Eminens, ni har flera g\u00e5nger p\u00e5pekat den s\u00e4rskilda roll som Heliga stolen spelar i det internationella sammanhanget. Vilket trosm\u00e4ssiga och diplomatiska perspektiv har ni i p\u00e5vens resa till Turkiet och Libanon?<\/b><\/p>\n<p>Vid andra tillf\u00e4llen har jag sagt att \u00e4ven dessa resor, liksom m\u00e5nga andra initiativ fr\u00e5n Heliga stolen, kan j\u00e4mf\u00f6ras med s\u00e5dd; vi s\u00e5r, sedan vet Herren vilka frukterna blir och n\u00e4r det \u00e4r dags att sk\u00f6rda dem. Men jag tror att just i ett globalt sammanhang, som pr\u00e4glas av alla dessa sv\u00e5righeter som ni n\u00e4mnde, m\u00e5ste Heliga stolen forts\u00e4tta att h\u00f6gt proklamera temat, till exempel, m\u00f6te, inte konflikt. Allts\u00e5 att \u00f6vervinna mots\u00e4ttningarna f\u00f6r att hitta gemensamma omr\u00e5den d\u00e4r man kan arbeta f\u00f6r samh\u00e4llets och den m\u00e4nskliga familjens goda &#8211; temat det gemensamma goda&#8230; Dessa stora v\u00e4rden som \u00e4r en del av evangeliet och som kyrkan forts\u00e4tter att predika. Jag tror att detta \u00e4r rollen, och f\u00f6rhoppningen \u00e4r att just fr\u00e5n detta budskap, som p\u00e5ven st\u00e4ndigt upprepar \u201dOpportune et importune\u201d, som aposteln (Paulus) skulle s\u00e4ga, kan nya verkligheter uppst\u00e5, d\u00e4r folken kan f\u00f6rst\u00e5 varandra och leva i fred, i enighet, och tillsammans bygga den m\u00e4nskliga familjen.<\/p>\n","protected":false},"excerpt":{"rendered":"Turkiet och Libanon v\u00e4ntar p\u00e5 Leo XIV. Kardinalstatssekreteraren bekr\u00e4ftar resans centrala betydelse f\u00f6r ekumeniken, interreligi\u00f6sa relationer och som&hellip;\n","protected":false},"author":2,"featured_media":90476,"comment_status":"","ping_status":"","sticky":false,"template":"","format":"standard","meta":{"footnotes":""},"categories":[14],"tags":[22,23,26,27,17,21,24,25,28,29,15,16,18,34,31,33,32,30,19,20,51,52,53,54],"class_list":{"0":"post-90475","1":"post","2":"type-post","3":"status-publish","4":"format-standard","5":"has-post-thumbnail","7":"category-varlden","8":"tag-breaking-news","9":"tag-breakingnews","10":"tag-featured-news","11":"tag-featurednews","12":"tag-headlines","13":"tag-huvudnyheter","14":"tag-latest-news","15":"tag-latestnews","16":"tag-main-news","17":"tag-mainnews","18":"tag-news","19":"tag-nyheter","20":"tag-rubriker","21":"tag-se","22":"tag-svenska","23":"tag-sverige","24":"tag-sweden","25":"tag-swedish","26":"tag-top-stories","27":"tag-topstories","28":"tag-varlden","29":"tag-world","30":"tag-world-news","31":"tag-worldnews"},"share_on_mastodon":{"url":"https:\/\/pubeurope.com\/@se\/115617233878307384","error":""},"_links":{"self":[{"href":"https:\/\/www.europesays.com\/se\/wp-json\/wp\/v2\/posts\/90475","targetHints":{"allow":["GET"]}}],"collection":[{"href":"https:\/\/www.europesays.com\/se\/wp-json\/wp\/v2\/posts"}],"about":[{"href":"https:\/\/www.europesays.com\/se\/wp-json\/wp\/v2\/types\/post"}],"author":[{"embeddable":true,"href":"https:\/\/www.europesays.com\/se\/wp-json\/wp\/v2\/users\/2"}],"replies":[{"embeddable":true,"href":"https:\/\/www.europesays.com\/se\/wp-json\/wp\/v2\/comments?post=90475"}],"version-history":[{"count":0,"href":"https:\/\/www.europesays.com\/se\/wp-json\/wp\/v2\/posts\/90475\/revisions"}],"wp:featuredmedia":[{"embeddable":true,"href":"https:\/\/www.europesays.com\/se\/wp-json\/wp\/v2\/media\/90476"}],"wp:attachment":[{"href":"https:\/\/www.europesays.com\/se\/wp-json\/wp\/v2\/media?parent=90475"}],"wp:term":[{"taxonomy":"category","embeddable":true,"href":"https:\/\/www.europesays.com\/se\/wp-json\/wp\/v2\/categories?post=90475"},{"taxonomy":"post_tag","embeddable":true,"href":"https:\/\/www.europesays.com\/se\/wp-json\/wp\/v2\/tags?post=90475"}],"curies":[{"name":"wp","href":"https:\/\/api.w.org\/{rel}","templated":true}]}}