{"id":90493,"date":"2025-11-26T18:26:28","date_gmt":"2025-11-26T18:26:28","guid":{"rendered":"https:\/\/www.europesays.com\/se\/90493\/"},"modified":"2025-11-26T18:26:28","modified_gmt":"2025-11-26T18:26:28","slug":"james-camerons-kanga-mot-netflix-sa-ruttet","status":"publish","type":"post","link":"https:\/\/www.europesays.com\/se\/90493\/","title":{"rendered":"James Camerons k\u00e4nga mot Netflix: &#8221;S\u00e5 ruttet&#8221;"},"content":{"rendered":"<p><strong>James Cameron<\/strong> skr\u00e4der inte orden n\u00e4r det kommer till Netflix. I en <a href=\"https:\/\/www.worldofreel.com\/blog\/2025\/11\/24\/james-cameron-doesnt-think-netflix-should-compete-for-oscars\" target=\"_blank\" rel=\"noreferrer noopener nofollow\">intervju<\/a> med Matt Belloni kritiserar han VD:n Ted Sarandos \u2013 och hela id\u00e9n att streamingfilmer numera kan t\u00e4vla om Oscars p\u00e5 samma villkor som biofilmer.<\/p>\n<p>Netflix \u00e4r som bekant med i matchen f\u00f6r att <strong>k\u00f6pa upp studion Warner Bros<\/strong>, och det var det som fick Cameron att ryta ifr\u00e5n:<\/p>\n<p>\u2013 Jag tror att Paramount vore det b\u00e4sta valet. Netflix skulle bli en katastrof. Sorry, Ted, men j\u00f6sses. Sarandos har g\u00e5tt ut och sagt att \u201dbiofilmen \u00e4r d\u00f6d\u201d.<\/p>\n<p>\u2013 Nu s\u00e4ger han att \u201dvi kommer sl\u00e4ppa filmer p\u00e5 bio i en vecka eller 10 dagar. F\u00f6r att kvalificera dem f\u00f6r Oscars\u201d. Du ser, jag tycker det h\u00e4r \u00e4r genomruttet. En film ska g\u00f6ras f\u00f6r bioduken, och Oscarsgalan betyder ingenting f\u00f6r mig om de inte s\u00e4tter bio f\u00f6rst. Jag tycker det \u00e4r skr\u00e4mmande, s\u00e4ger Cameron.<\/p>\n<p>\u201d2000 biodukar i en m\u00e5nad\u201d<\/p>\n<p>Om Netflix-filmer s\u00e5 som \u201dThe Irishman\u201d eller \u201dRoma\u201d ska f\u00e5 t\u00e4vla om Oscars, s\u00e5 anser filmskaparen att de beh\u00f6ver f\u00e5 <strong>en riktig biorelease<\/strong>. Netflix har \u00e5 andra sidan gjort det till en vana att sl\u00e4ppa ett f\u00e5tal utvalda filmer p\u00e5 mindre biografer, bara f\u00f6r att kvala in i kampen om fina priser.<\/p>\n<p>\u2013 De borde f\u00e5 t\u00e4vla om de s\u00e4tter ut filmen p\u00e5 bio med en betydande release, p\u00e5 2000 biodukar i en m\u00e5nad, svarar han.<\/p>\n<p>James Cameron g\u00f6r sj\u00e4lv vad han kan f\u00f6r att r\u00e4dda biograferna med sina \u201dAvatar\u201d-filmer. En tredje kommer ut p\u00e5 bio den 17 december.<\/p>\n<p><img loading=\"lazy\" decoding=\"async\" alt=\"YouTube video\" width=\"480\" height=\"360\" data-pin-nopin=\"true\" nopin=\"nopin\" class=\"perfmatters-lazy\" src=\"https:\/\/www.europesays.com\/se\/wp-content\/uploads\/2025\/11\/1764181588_281_hqdefault.jpg\"\/><\/p>\n<p>L\u00e4s ocks\u00e5: <a href=\"https:\/\/www.moviezine.se\/nyheter\/james-camerons-jurassic-park-skulle-ha-varit-for-skrammande-och-barnforbjuden\" title=\"James Camerons \u201dJurassic Park\u201d skulle ha varit \u201df\u00f6r skr\u00e4mmande och barnf\u00f6rbjuden\u201d\" class=\"underline-custom !font-montserrat !font-bold !underline-offset-4 !decoration-4 !decoration-moviezine-green !text-md\" rel=\"nofollow noopener\" target=\"_blank\">James Camerons \u201dJurassic Park\u201d skulle ha varit \u201df\u00f6r skr\u00e4mmande och barnf\u00f6rbjuden\u201d<\/a><\/p>\n<p>L\u00e4s ocks\u00e5: <a href=\"https:\/\/www.moviezine.se\/nyheter\/guillermo-del-toro-har-sett-alla-tre-avatar-filmer-de-ar-absoluta-masterverk\" title=\"Guillermo del Toro har sett alla tre \u201dAvatar\u201d-filmer: \u201dDe \u00e4r absoluta m\u00e4sterverk\u201d\" class=\"underline-custom !font-montserrat !font-bold !underline-offset-4 !decoration-4 !decoration-moviezine-green !text-md\" rel=\"nofollow noopener\" target=\"_blank\">Guillermo del Toro har sett alla tre \u201dAvatar\u201d-filmer: \u201dDe \u00e4r absoluta m\u00e4sterverk\u201d<\/a><\/p>\n","protected":false},"excerpt":{"rendered":"James Cameron skr\u00e4der inte orden n\u00e4r det kommer till Netflix. I en intervju med Matt Belloni kritiserar han&hellip;\n","protected":false},"author":2,"featured_media":90494,"comment_status":"","ping_status":"","sticky":false,"template":"","format":"standard","meta":{"footnotes":""},"categories":[67],"tags":[104,9827,2399,34,31,33,32,30,105],"class_list":{"0":"post-90493","1":"post","2":"type-post","3":"status-publish","4":"format-standard","5":"has-post-thumbnail","7":"category-underhallning","8":"tag-entertainment","9":"tag-james-cameron","10":"tag-netflix","11":"tag-se","12":"tag-svenska","13":"tag-sverige","14":"tag-sweden","15":"tag-swedish","16":"tag-underhallning"},"share_on_mastodon":{"url":"https:\/\/pubeurope.com\/@se\/115617410913396598","error":""},"_links":{"self":[{"href":"https:\/\/www.europesays.com\/se\/wp-json\/wp\/v2\/posts\/90493","targetHints":{"allow":["GET"]}}],"collection":[{"href":"https:\/\/www.europesays.com\/se\/wp-json\/wp\/v2\/posts"}],"about":[{"href":"https:\/\/www.europesays.com\/se\/wp-json\/wp\/v2\/types\/post"}],"author":[{"embeddable":true,"href":"https:\/\/www.europesays.com\/se\/wp-json\/wp\/v2\/users\/2"}],"replies":[{"embeddable":true,"href":"https:\/\/www.europesays.com\/se\/wp-json\/wp\/v2\/comments?post=90493"}],"version-history":[{"count":0,"href":"https:\/\/www.europesays.com\/se\/wp-json\/wp\/v2\/posts\/90493\/revisions"}],"wp:featuredmedia":[{"embeddable":true,"href":"https:\/\/www.europesays.com\/se\/wp-json\/wp\/v2\/media\/90494"}],"wp:attachment":[{"href":"https:\/\/www.europesays.com\/se\/wp-json\/wp\/v2\/media?parent=90493"}],"wp:term":[{"taxonomy":"category","embeddable":true,"href":"https:\/\/www.europesays.com\/se\/wp-json\/wp\/v2\/categories?post=90493"},{"taxonomy":"post_tag","embeddable":true,"href":"https:\/\/www.europesays.com\/se\/wp-json\/wp\/v2\/tags?post=90493"}],"curies":[{"name":"wp","href":"https:\/\/api.w.org\/{rel}","templated":true}]}}