{"id":90551,"date":"2025-11-26T19:46:07","date_gmt":"2025-11-26T19:46:07","guid":{"rendered":"https:\/\/www.europesays.com\/se\/90551\/"},"modified":"2025-11-26T19:46:07","modified_gmt":"2025-11-26T19:46:07","slug":"kjell-kaspersen-har-begravts-malin-berghagens-sorg","status":"publish","type":"post","link":"https:\/\/www.europesays.com\/se\/90551\/","title":{"rendered":"Kjell Kaspersen har begravts \u2013 Malin Berghagens sorg"},"content":{"rendered":"<p>Publicerad 26 nov 2025 kl 20.29<\/p>\n<p>Kjell Kaspersen har f\u00f6rts till sista vilan.<\/p>\n<p>F\u00f6rre proffsfotbollspelaren och Kristin Kaspersens pappa begravdes i norska Holmenkollen p\u00e5 onsdagen.<\/p>\n<p>\u201dKjell, h\u00e4lsa mamma\u201d, skriver Malin Berghagen och syftar p\u00e5 Lill-Babs som Kaspersen varit gift med.<\/p>\n<p><img   alt=\"\"\/><\/p>\n<p>Kjell Kaspersen har begravts.<\/p>\n<p>Foto: Karin T\u00f6rnblom \/ IBL<\/p>\n<p>\u00d6ppna bild i helsk\u00e4rm<img loading=\"lazy\"   alt=\"\"\/><\/p>\n<p>Malin Berghagen.<\/p>\n<p>Foto: ANNA-KARIN NILSSON<\/p>\n<p>\u00d6ppna bild i helsk\u00e4rm<img loading=\"lazy\"   alt=\"\"\/><\/p>\n<p>Malin Berghagen tog farv\u00e4l av sin tidigare bonuspappa.<\/p>\n<p>\u00d6ppna bild i helsk\u00e4rm<img loading=\"lazy\"   alt=\"\"\/><\/p>\n<p>Ett foto av Kjell med rosor och ljus i f\u00f6rgrunden.<\/p>\n<p>\u00d6ppna bild i helsk\u00e4rm<\/p>\n<p>F\u00f6re detta fotbollsm\u00e5lvakten och lagkaptenen Kjell Kaspersen avled i mitten av november.<\/p>\n<p>Han blev 86 \u00e5r gammal.<\/p>\n<p>Under m\u00e5nga \u00e5r spelade Kaspersen i norska fotbollsklubben Skeid och han spelade \u00e4ven i norska landslaget.<\/p>\n<p>1969 gifte han sig med Barbro \u201dLill-Babs\u201d Svensson och tillsammans fick de dottern <a href=\"https:\/\/www.expressen.se\/tagg\/person\/kristin-kaspersen\/\" class=\"\" rel=\"nofollow noopener\" target=\"_blank\">Kristin Kaspersen<\/a>. De skilde sig dock efter tv\u00e5 \u00e5rs \u00e4ktenskap.<\/p>\n<p>Ville adoptera henne<\/p>\n<p>P\u00e5 onsdagen begravdes Kjell Kaspersen vid en ceremoni i Holmenkollen kapell i Oslo.<\/p>\n<p>Malin Berghagen, halvsyster till Kristin Kaspersen och tidigare bonusdotter till Kjell Kaspersen, var en av de som tog ett sista farv\u00e4l.<\/p>\n<p>\u201dS\u00e5 otroligt vackert avsked av Kjell. Och solen letade sig fram genom molnen och f\u00f6nstret mitt under gudstj\u00e4nsten\u201d, skriver Berghagen om begravningen p\u00e5 Instagram.<\/p>\n<p>Hon skriver \u00e4ven att Kjell en g\u00e5ng i tiden ville adoptera henne och ringde hennes pappa Lasse Berghagen och fr\u00e5gade om han fick det. Lasse sa d\u00e5 best\u00e4mt nej, enligt Malin Berghagen.<\/p>\n<p>\u201dVila i ro Kjell. Kram lilla Malin\u201d, skriver hon vidare p\u00e5 Instagram.<\/p>\n","protected":false},"excerpt":{"rendered":"Publicerad 26 nov 2025 kl 20.29 Kjell Kaspersen har f\u00f6rts till sista vilan. F\u00f6rre proffsfotbollspelaren och Kristin Kaspersens&hellip;\n","protected":false},"author":2,"featured_media":90552,"comment_status":"","ping_status":"","sticky":false,"template":"","format":"standard","meta":{"footnotes":""},"categories":[67],"tags":[104,2240,10222,10221,34,31,33,32,30,3524,105],"class_list":{"0":"post-90551","1":"post","2":"type-post","3":"status-publish","4":"format-standard","5":"has-post-thumbnail","7":"category-underhallning","8":"tag-entertainment","9":"tag-person-kristin-kaspersen","10":"tag-person-lasse-berghagen","11":"tag-person-malin-berghagens","12":"tag-se","13":"tag-svenska","14":"tag-sverige","15":"tag-sweden","16":"tag-swedish","17":"tag-topic-begravning","18":"tag-underhallning"},"share_on_mastodon":{"url":"https:\/\/pubeurope.com\/@se\/115617725413589965","error":""},"_links":{"self":[{"href":"https:\/\/www.europesays.com\/se\/wp-json\/wp\/v2\/posts\/90551","targetHints":{"allow":["GET"]}}],"collection":[{"href":"https:\/\/www.europesays.com\/se\/wp-json\/wp\/v2\/posts"}],"about":[{"href":"https:\/\/www.europesays.com\/se\/wp-json\/wp\/v2\/types\/post"}],"author":[{"embeddable":true,"href":"https:\/\/www.europesays.com\/se\/wp-json\/wp\/v2\/users\/2"}],"replies":[{"embeddable":true,"href":"https:\/\/www.europesays.com\/se\/wp-json\/wp\/v2\/comments?post=90551"}],"version-history":[{"count":0,"href":"https:\/\/www.europesays.com\/se\/wp-json\/wp\/v2\/posts\/90551\/revisions"}],"wp:featuredmedia":[{"embeddable":true,"href":"https:\/\/www.europesays.com\/se\/wp-json\/wp\/v2\/media\/90552"}],"wp:attachment":[{"href":"https:\/\/www.europesays.com\/se\/wp-json\/wp\/v2\/media?parent=90551"}],"wp:term":[{"taxonomy":"category","embeddable":true,"href":"https:\/\/www.europesays.com\/se\/wp-json\/wp\/v2\/categories?post=90551"},{"taxonomy":"post_tag","embeddable":true,"href":"https:\/\/www.europesays.com\/se\/wp-json\/wp\/v2\/tags?post=90551"}],"curies":[{"name":"wp","href":"https:\/\/api.w.org\/{rel}","templated":true}]}}