{"id":90613,"date":"2025-11-26T21:47:12","date_gmt":"2025-11-26T21:47:12","guid":{"rendered":"https:\/\/www.europesays.com\/se\/90613\/"},"modified":"2025-11-26T21:47:12","modified_gmt":"2025-11-26T21:47:12","slug":"rasar-mot-nya-regelndet-ar-helt-sjukt-langdskidor","status":"publish","type":"post","link":"https:\/\/www.europesays.com\/se\/90613\/","title":{"rendered":"Rasar mot nya regeln:\n\u201dDet \u00e4r helt sjukt\u201d | L\u00e4ngdskidor"},"content":{"rendered":"<p>Publicerad 26 nov 2025 kl 13.17<\/p>\n<p>En ny regel inf\u00f6rs i l\u00e4ngdskidsporten i vinter \u2013 efter ett uppm\u00e4rksammat br\u00e5k f\u00f6rra s\u00e4songen.<\/p>\n<p>Det f\u00e5r den svenske huvudpersonen Max Novak att rasa.\u00a0<\/p>\n<p>\u2013 De har gjort ett rej\u00e4lt sj\u00e4lvm\u00e5l, s\u00e4ger Novak.<\/p>\n<p><img loading=\"lazy\"   alt=\"\"\/><\/p>\n<p>Max Novak.<\/p>\n<p>Foto: JOHAN AXELSSON \/ BILDBYR\u00c5N<\/p>\n<p>\u00d6ppna bild i helsk\u00e4rm<img loading=\"lazy\"   alt=\"\"\/><\/p>\n<p>Frida Karlsson.<\/p>\n<p>Foto: MAXIM THORE \/ BILDBYR\u00c5N<\/p>\n<p>\u00d6ppna bild i helsk\u00e4rm<img loading=\"lazy\"   alt=\"\"\/><\/p>\n<p>Edvin Anger.<\/p>\n<p>Foto: Ulf Palm\/TT \/ TT NYHETSBYR\u00c5N<\/p>\n<p>\u00d6ppna bild i helsk\u00e4rm<img alt=\"\"\/>Ljudklippet gick inte att spela upp<\/p>\n<p>F\u00f6rs\u00f6k igen senare<\/p>\n<p>Artikeln i korthet<\/p>\n<p> En ny regel om osportsligt upptr\u00e4dande inf\u00f6rs i l\u00e4ngdsporten.<\/p>\n<p> Svenske l\u00e5nglopps\u00e5karen Max Novak \u00e4r inte n\u00f6jd med att han anv\u00e4ndas som exempel f\u00f6r den nya regeln.<\/p>\n<p> Frida Karlsson \u00e4r inte orolig f\u00f6r diskning \u2013 men varnar Alvar Myhlback.<\/p>\n<p>Visa mer<\/p>\n<p>Det mesta \u00e4r som vanligt n\u00e4r v\u00e4rldscupen i l\u00e4ngdskidor drar i g\u00e5ng i helgen.<\/p>\n<p>Platsen \u00e4r som vanligt finska Ruka, n\u00e5gra mil fr\u00e5n den ryska gr\u00e4nsen. Tre t\u00e4vlingsdagar st\u00e5r p\u00e5 schemat och hela v\u00e4rldseliten \u00e4r p\u00e5 plats.<\/p>\n<p>Men en sak \u00e4r annorlunda i vinter. Den som lusl\u00e4ser internationella skidf\u00f6rbundets regelbok hittar en ny punkt: nummer 352.2.4.<\/p>\n<p>Den s\u00e4ger att \u00e5kare numera kan bli omedelbart diskvalificerade vid \u201dallvarlig eller upprepat osportsligt upptr\u00e4dande\u201d. Den nya regeln kom till efter en uppm\u00e4rksammad situation i l\u00e5ngloppscupen Ski Classics<a href=\"https:\/\/www.svt.se\/sport\/langdskidor\/max-novak-diskas-efter-tilltaget-mot-ola-jorgen-bruvoll\" rel=\"nofollow noopener\" target=\"_blank\"> d\u00e4r svensken Max Novak b\u00f6rjade br\u00e5ka med norrmannen Ola J\u00f6rgen Bruvoll<\/a> f\u00f6rra s\u00e4songen.<\/p>\n<p>Det h\u00e4r s\u00e4ger den nya regeln<\/p>\n<p>\u201dAllvarlig eller upprepat osportsligt upptr\u00e4dande, inklusive men inte begr\u00e4nsat till, ol\u00e4mpligt spr\u00e5kbruk, fysisk aggression, bevisat bristande respekt f\u00f6r arrang\u00f6rer, osportsliga handlingar, kan resultera i omedelbar diskvalifikation\u201d.<\/p>\n<p>Visa mer<\/p>\n<p>N\u00e4r norska skidf\u00f6rbundet informerade om den nya regeln inf\u00f6r s\u00e4songen illustrerades den med en bild p\u00e5 Novak och Bruvoll. Det reagerar Max Novak sj\u00e4lv starkt p\u00e5.<\/p>\n<p>\u2013 Jag tycker att det \u00e4r helt sjukt att de anv\u00e4nder mig som exempel. Jag blev ju diskad, s\u00e4ger 29-\u00e5ringen.<\/p>\n<p><img loading=\"lazy\"   alt=\"\"\/><\/p>\n<p>S\u00e5 h\u00e4r s\u00e5g det ut n\u00e4r regeln presenterades i Norge.<\/p>\n<p>\u00d6ppna bild i helsk\u00e4rm\u201dMer k\u00e4nslol\u00f6st och robotstyrt\u201d<\/p>\n<p>Han tog hj\u00e4lp av en jurist f\u00f6r att nagelfara den d\u00e5varande regelboken efter diskningen.<\/p>\n<p>\u2013 Det fanns verkligen inget st\u00f6d i reglerna f\u00f6r att jag skulle bli diskad, men man diskade mig \u00e4nd\u00e5. Och nu l\u00e4gger man till en regel inf\u00f6r n\u00e4sta s\u00e4song att man ska kunna bli diskad f\u00f6r det, s\u00e4ger Max Novak.<\/p>\n<p>\u2013 Det faller ju p\u00e5 sin egen orimlighet. De har gjort ett rej\u00e4lt sj\u00e4lvm\u00e5l. Nu har de ju erk\u00e4nt att de inte hade r\u00e4tt som diskade mig.<\/p>\n<p>Han \u00e4r orolig f\u00f6r att den nya regelskrivningen kommer att g\u00f6ra skidsporten tr\u00e5kigare.<\/p>\n<p>\u2013 Sport \u00e4r till f\u00f6r publiken och publiken kollar p\u00e5 sport f\u00f6r k\u00e4nslorna. Att det betyder n\u00e5got f\u00f6r de som ut\u00f6var sporten. Om man ska f\u00e5 uttrycka positiva k\u00e4nslor m\u00e5ste man ocks\u00e5 f\u00e5 ha negativa k\u00e4nslor. Nu g\u00e5r man \u00e5t att allt blir mer k\u00e4nslol\u00f6st och robotstyrt.<\/p>\n<p>Frida Karlsson varnar Alvar Myhlback: \u201dF\u00e5r passa sig lite\u201d<\/p>\n<p><a href=\"https:\/\/www.expressen.se\/tagg\/person\/frida-karlsson\/\" class=\"\" rel=\"nofollow noopener\" target=\"_blank\">Frida Karlsson<\/a> \u00e4r inte speciellt orolig f\u00f6r att falla offer f\u00f6r den nya regeln.\u00a0<\/p>\n<p>\u2013 Jag brukar inte s\u00e4ga s\u00e5 mycket fula ord under t\u00e4vling. Det \u00e4r ganska sn\u00e4llt p\u00e5 damsidan. Oftast h\u00f6r man bara lite bittra suckar och andra ord, s\u00e4ger 26-\u00e5ringen i <a href=\"https:\/\/open.spotify.com\/show\/5bgeBGqvAQ253FQBqXsaQm?si=c63e8a9b4c45464d\" rel=\"nofollow noopener\" target=\"_blank\">Expressens skidpodd Vallaboden.<\/a><\/p>\n<p><strong>Hur l\u00e5ter det d\u00e5?<\/strong><\/p>\n<p>Annons<\/p>\n<p>\u2013 Jag brukar ofta f\u00e5 h\u00f6ra Ebba Anderssons r\u00f6st: \u201dMen Frida&#8230;\u201d med en besviken ton. Det tar h\u00e5rdare i en. D\u00e5 k\u00e4nner man bara: \u201dMen gud, f\u00f6rl\u00e5t\u201d, s\u00e4ger Karlsson.<\/p>\n<p>\u2013 Det \u00e4r mer p\u00e5 herrsidan som det \u00e4r v\u00e4ldigt aggressivt.\u00a0<\/p>\n<p><strong>T\u00e4nker du p\u00e5 n\u00e5gon speciell?<\/strong><\/p>\n<p>\u2013 Efter den h\u00e4r helgen i G\u00e4llivare k\u00e4nner jag mest att Alvar Myhlback f\u00e5r passa sig lite med vad han s\u00e4ger, s\u00e4ger Frida Karlsson och skrattar.<\/p>\n<p>Alvar Myhlback utbrast <a href=\"https:\/\/www.expressen.se\/sport\/langdskidor\/forvirring-i-svt-alvar-myhlback-diskad-i-sprinten\/\" rel=\"nofollow noopener\" target=\"_blank\">\u201dvilka j\u00e4vla kukregler\u201d<\/a> i m\u00e5lomr\u00e5det efter att ha blivit diskad i fredagens sprint.<\/p>\n<p>\u2013 Samtidigt \u00e4r det befriande att han \u00e4r s\u00e5 rak och lite or\u00f6rd, s\u00e4ger Karlsson.<\/p>\n<p>Edvin Anger tycker att regeln \u00e4r bra, men&#8230;<\/p>\n<p>\u2013 Man m\u00e5ste ha lite k\u00e4nsla ocks\u00e5 i bed\u00f6mningen. Det m\u00e5ste f\u00e5 hetta till lite grann i idrotten ocks\u00e5, annars tappar man en del av sp\u00e4nningen, s\u00e4ger 23-\u00e5ringen i <a href=\"https:\/\/open.spotify.com\/show\/5bgeBGqvAQ253FQBqXsaQm?si=c63e8a9b4c45464d\" rel=\"nofollow noopener\" target=\"_blank\">Vallaboden<\/a>.<\/p>\n<p>V\u00e4rldscuphelgen i Ruka inleds p\u00e5 fredag med 10 kilometer klassiskt.<\/p>\n","protected":false},"excerpt":{"rendered":"Publicerad 26 nov 2025 kl 13.17 En ny regel inf\u00f6rs i l\u00e4ngdskidsporten i vinter \u2013 efter ett uppm\u00e4rksammat&hellip;\n","protected":false},"author":2,"featured_media":90614,"comment_status":"","ping_status":"","sticky":false,"template":"","format":"standard","meta":{"footnotes":""},"categories":[68],"tags":[4478,4484,34,857,111,110,31,33,32,30],"class_list":{"0":"post-90613","1":"post","2":"type-post","3":"status-publish","4":"format-standard","5":"has-post-thumbnail","7":"category-sport","8":"tag-person-edvin-anger","9":"tag-person-frida-karlsson","10":"tag-se","11":"tag-sections-langdskidor","12":"tag-sport","13":"tag-sports","14":"tag-svenska","15":"tag-sverige","16":"tag-sweden","17":"tag-swedish"},"share_on_mastodon":{"url":"https:\/\/pubeurope.com\/@se\/115618201180219672","error":""},"_links":{"self":[{"href":"https:\/\/www.europesays.com\/se\/wp-json\/wp\/v2\/posts\/90613","targetHints":{"allow":["GET"]}}],"collection":[{"href":"https:\/\/www.europesays.com\/se\/wp-json\/wp\/v2\/posts"}],"about":[{"href":"https:\/\/www.europesays.com\/se\/wp-json\/wp\/v2\/types\/post"}],"author":[{"embeddable":true,"href":"https:\/\/www.europesays.com\/se\/wp-json\/wp\/v2\/users\/2"}],"replies":[{"embeddable":true,"href":"https:\/\/www.europesays.com\/se\/wp-json\/wp\/v2\/comments?post=90613"}],"version-history":[{"count":0,"href":"https:\/\/www.europesays.com\/se\/wp-json\/wp\/v2\/posts\/90613\/revisions"}],"wp:featuredmedia":[{"embeddable":true,"href":"https:\/\/www.europesays.com\/se\/wp-json\/wp\/v2\/media\/90614"}],"wp:attachment":[{"href":"https:\/\/www.europesays.com\/se\/wp-json\/wp\/v2\/media?parent=90613"}],"wp:term":[{"taxonomy":"category","embeddable":true,"href":"https:\/\/www.europesays.com\/se\/wp-json\/wp\/v2\/categories?post=90613"},{"taxonomy":"post_tag","embeddable":true,"href":"https:\/\/www.europesays.com\/se\/wp-json\/wp\/v2\/tags?post=90613"}],"curies":[{"name":"wp","href":"https:\/\/api.w.org\/{rel}","templated":true}]}}