{"id":90615,"date":"2025-11-26T21:49:08","date_gmt":"2025-11-26T21:49:08","guid":{"rendered":"https:\/\/www.europesays.com\/se\/90615\/"},"modified":"2025-11-26T21:49:08","modified_gmt":"2025-11-26T21:49:08","slug":"snart-inleds-betatest-av-one-ui-8-5-mobil-se","status":"publish","type":"post","link":"https:\/\/www.europesays.com\/se\/90615\/","title":{"rendered":"Snart inleds betatest av One UI 8.5 &#8211; mobil.se"},"content":{"rendered":"<ol>\n<li><a href=\"https:\/\/news.google.com\/rss\/articles\/CBMie0FVX3lxTE9mN0tDbkY1WmpybGVVb0NTc2VTNzVoTTUwX0FkODlKa3JBei1jN05rN3dlVjZVUE1zOVg0SlFQbElvMlJNS3IyR3IweWszb3ZlaVhqVG5vdlRZbmRXdDdyYXRKdVFBd3N5VnlrWjBaanRIekhSSVIxdHgyTQ?oc=5\" target=\"_blank\" rel=\"nofollow noopener\">Snart inleds betatest av One UI 8.5<\/a>&nbsp;&nbsp;mobil.se<\/li>\n<li><a href=\"https:\/\/news.google.com\/rss\/articles\/CBMicEFVX3lxTE03OGNUUktxRmJlb0F0TmNYWmRpUEUtSlhOejJSNmt5b3lwZXFYT1ZKMXpZekNSSVdpR0QxU0l5cHk5UnJKbktFc3l4Mk1LUk5MbDdTZ0hKeUxmYlpfWDMwUlBQNFN3eDVLUmpzaGZZZ1Y?oc=5\" target=\"_blank\" rel=\"nofollow noopener\">F\u00f6rst beta One UI 8.5 \u00e4r h\u00e4r! Kommer till Galaxy S25<\/a>&nbsp;&nbsp;Samsung Magazine<\/li>\n<li><a href=\"https:\/\/news.google.com\/rss\/articles\/CBMi9AFBVV95cUxOQjVOWTVReEhkLVdQZ3hXbFhwNGlKREdxeDhpa2NTX1diU2RQYTNUUTQ2SmFHR0ZRM0NzNXNFbUVCcUlSNFVnWFZuMFV0VktfTmllVUEtc0g1YUcyYzBZYnBLeTl1ZDVFUnpWTGhScm03eUVFdlY0U2NVcEFaR0dUaUZyS29TZW5nb3FpZnRjSGVobDVCWHdmb1BkeGJlQ201QURpTGFON2ozcTQ5dHQ4WXZjMHZDZVk0enRXLXF3ZmE2Wm5tT19YRE1mUGl0ZEVJcF9SVy1EX0VBTlYxQ1FENFl2Q0duLS1xTTFiallQQm55R3Nn?oc=5\" target=\"_blank\" rel=\"nofollow noopener\">Samsungs f\u00f6rb\u00e4ttringar av One UI 8.5 f\u00f6r vikbara enheter som Galaxy Z Fold7 visas f\u00f6re utsatt tid i en tidig video<\/a>&nbsp;&nbsp;notebookcheck.se<\/li>\n<li><a href=\"https:\/\/news.google.com\/rss\/articles\/CBMigAFBVV95cUxQQ0t5WmFDa3hTdlpEOTh4bVpBYndTMDk3NUdneVlxdzNwNTA4UndteWc3Qy01bFBJWG9NdnFzbW84Ti1iWFMyWXFLdm1QWE9BY01zMTJEVUNvcjZiYjhqWW1yN0RWbUZtUTd0Mjh0cUNuenVsZ0dBUTJVd2dLQkh4cQ?oc=5\" target=\"_blank\" rel=\"nofollow noopener\">One UI 8.5 kommer att f\u00f6r\u00e4ndra Samsungs internet till oigenk\u00e4nnlighet, ov\u00e4ntade detaljer l\u00e4ckta<\/a>&nbsp;&nbsp;Samsung Magazine<\/li>\n<li><a href=\"https:\/\/news.google.com\/rss\/articles\/CBMigAFBVV95cUxNQmNSNEtiTS01NlVTSVAyRTVfN0ZMVWpVS0ptN1p3QkstenVTNWdlT0JUSXQyQmNjM1FpaUlRWl9NSDFqbUFPOEdGc3RVdzRIZU5NbzZ0VUhFMDhKVGV2U3hETE40a2NuTW1WcFVoQmJ6NFpCZm5BUnBiM09RaVdYaw?oc=5\" target=\"_blank\" rel=\"nofollow noopener\">\u00c4r du r\u00e4dd att din telefon ska bli stulen? One UI 8.5 f\u00f6rbereder en st\u00f6rre uppdatering<\/a>&nbsp;&nbsp;Samsung Magazine<\/li>\n<\/ol>\n","protected":false},"excerpt":{"rendered":"Snart inleds betatest av One UI 8.5&nbsp;&nbsp;mobil.se F\u00f6rst beta One UI 8.5 \u00e4r h\u00e4r! Kommer till Galaxy S25&nbsp;&nbsp;Samsung&hellip;\n","protected":false},"author":2,"featured_media":30998,"comment_status":"","ping_status":"","sticky":false,"template":"","format":"standard","meta":{"footnotes":""},"categories":[66],"tags":[80,78,79,34,31,33,32,30,81,84,83,82],"class_list":{"0":"post-90615","1":"post","2":"type-post","3":"status-publish","4":"format-standard","5":"has-post-thumbnail","7":"category-vetenskap-och-teknik","8":"tag-science","9":"tag-science-and-technology","10":"tag-scienceandtechnology","11":"tag-se","12":"tag-svenska","13":"tag-sverige","14":"tag-sweden","15":"tag-swedish","16":"tag-technology","17":"tag-teknik","18":"tag-vetenskap","19":"tag-vetenskapteknik"},"share_on_mastodon":{"url":"https:\/\/pubeurope.com\/@se\/115618209105124336","error":""},"_links":{"self":[{"href":"https:\/\/www.europesays.com\/se\/wp-json\/wp\/v2\/posts\/90615","targetHints":{"allow":["GET"]}}],"collection":[{"href":"https:\/\/www.europesays.com\/se\/wp-json\/wp\/v2\/posts"}],"about":[{"href":"https:\/\/www.europesays.com\/se\/wp-json\/wp\/v2\/types\/post"}],"author":[{"embeddable":true,"href":"https:\/\/www.europesays.com\/se\/wp-json\/wp\/v2\/users\/2"}],"replies":[{"embeddable":true,"href":"https:\/\/www.europesays.com\/se\/wp-json\/wp\/v2\/comments?post=90615"}],"version-history":[{"count":0,"href":"https:\/\/www.europesays.com\/se\/wp-json\/wp\/v2\/posts\/90615\/revisions"}],"wp:featuredmedia":[{"embeddable":true,"href":"https:\/\/www.europesays.com\/se\/wp-json\/wp\/v2\/media\/30998"}],"wp:attachment":[{"href":"https:\/\/www.europesays.com\/se\/wp-json\/wp\/v2\/media?parent=90615"}],"wp:term":[{"taxonomy":"category","embeddable":true,"href":"https:\/\/www.europesays.com\/se\/wp-json\/wp\/v2\/categories?post=90615"},{"taxonomy":"post_tag","embeddable":true,"href":"https:\/\/www.europesays.com\/se\/wp-json\/wp\/v2\/tags?post=90615"}],"curies":[{"name":"wp","href":"https:\/\/api.w.org\/{rel}","templated":true}]}}