{"id":90620,"date":"2025-11-26T21:55:23","date_gmt":"2025-11-26T21:55:23","guid":{"rendered":"https:\/\/www.europesays.com\/se\/90620\/"},"modified":"2025-11-26T21:55:23","modified_gmt":"2025-11-26T21:55:23","slug":"en-bra-ide-for-den-somvill-gora-nagot-fint-for-danmark-noa-bachner","status":"publish","type":"post","link":"https:\/\/www.europesays.com\/se\/90620\/","title":{"rendered":"En bra id\u00e9 f\u00f6r den som\nvill g\u00f6ra n\u00e5got fint f\u00f6r Danmark | Noa Bachner"},"content":{"rendered":"<p>FC K\u00f6penhamn vill ha ett farmarlag i allsvenskan.<\/p>\n<p>Det \u00e4r en j\u00e4ttebra id\u00e9 f\u00f6r den som vill anv\u00e4nda svensk fotboll till att g\u00f6ra dansk b\u00e4ttre.<\/p>\n<p>Detta \u00e4r en kr\u00f6nika. Analys och st\u00e4llningstaganden \u00e4r skribentens.<\/p>\n<p><img   alt=\"\"\/>\u00d6ppna bild i helsk\u00e4rm<img   alt=\"\"\/>Noa Bachner<\/p>\n<p>Dammet efter HTFF:s f\u00f6rs\u00f6k att kvala sig upp i superettan hade inte hunnit l\u00e4gga sig innan svensk fotboll anl\u00e4nde till n\u00e4sta \u201d\u00c4r det h\u00e4r jag?\u201d-\u00f6gonblick.<\/p>\n<p>Det h\u00e4r var emellertid annorlunda.<\/p>\n<p>I den HTFF-relaterade debatten finns en enkel uppsida att v\u00e4ga in. Effekten av talangf\u00f6reningar i seriespel kan bli positiv f\u00f6r talangutvecklingen, vilket ger b\u00e4ttre fotboll och mer pengar till systemet. Priset skulle d\u00e4remot bli h\u00f6gt f\u00f6r mindre f\u00f6reningar, som f\u00e5r maka p\u00e5 sig. Och t\u00e4vlingsintegriteten mosas. S\u00e5 det blir nej, i alla fall f\u00f6r mig.<\/p>\n<p>Nu, d\u00e4remot, saknas nyanserna.<\/p>\n<p>I maj f\u00f6rra \u00e5ret aviserade FC Roseng\u00e5rd och FC K\u00f6penhamn att klubbarna t\u00e4nkte inleda ett samarbete. Ordf\u00f6randen H\u00e5kan Wifvesson kallade det f\u00f6r en \u201dunik\u201d m\u00f6jlighet (vad som var unikt \u00e4r oklart) och menade att designad medelm\u00e5ttighet \u2013 han menade att superettan var en lagom niv\u00e5 f\u00f6r herrarna \u2013 var m\u00e5let.<\/p>\n<p>\u2013 Vi \u00e4r ganska \u00f6verens om att vi vill ha damfotbollen p\u00e5 den svenska sidan och herrfotbollen p\u00e5 den danska, po\u00e4ngterade han.<\/p>\n<p><img loading=\"lazy\"   alt=\"\"\/><\/p>\n<p>H\u00e5kan Wifvesson, FC Roseng\u00e5rds ordf\u00f6rande.<\/p>\n<p>Foto: CHRISTIAN \u00d6RNBERG \/ BILDBYR\u00c5N<\/p>\n<p>\u00d6ppna bild i helsk\u00e4rm<\/p>\n<p>FCK skulle g\u00f6ra en behovsanalys och aff\u00e4rsplan, sedan \u00e5terkomma.\u00a0<\/p>\n<p>H\u00e4r \u2013 f\u00e5r man anta \u2013 \u00e4r resultatet av den: FC Roseng\u00e5rd f\u00f6rvandlar sin herrverksamhet till ett hyreskontrakt.\u00a0<\/p>\n<p>Danmarks st\u00f6rsta klubb nappar p\u00e5 erbjudandet och anv\u00e4nder platsen i det svenska seriesystemet till att lufta talanger och reserver.\u00a0<\/p>\n<p>M\u00e5let \u00e4r allsvenskan. Ett fullt realistiskt scenario med tanke p\u00e5 klubbens ekonomiska kraft.<\/p>\n<blockquote><p>G\u00f6r inte planerna mindre allvarliga<\/p><\/blockquote>\n<p>Investeringen fr\u00e5n K\u00f6penhamn \u00e4r i en minoritetsandel och inget ingrepp i 51-procentsmodellen, som skyddar svenska klubbar fr\u00e5n de fasansfulla konsekvenserna av ett oreglerat \u00e4garlandskap. Den som har tillg\u00e5ng till internet serveras dagligen skr\u00e4ckexempel fr\u00e5n Europa.<\/p>\n<p>Det g\u00f6r inte planerna mindre allvarliga.<\/p>\n<p>H\u00e4r planeras dansk talangutveckling i Sverige. Spel, utveckling och f\u00f6rs\u00e4ljning av danska fotbollsspelare \u2013 s\u00e5 sm\u00e5ningom \u00e4ven svenska, f\u00e5r man r\u00e4kna med \u2013 f\u00f6r FCK:s r\u00e4kning.<\/p>\n<p>Det hela ska avg\u00f6ras p\u00e5 ett extrainsatt medlemsm\u00f6te, schemalagt till tisdag n\u00e4sta vecka.\u00a0<\/p>\n<p>Med FC Roseng\u00e5rds l\u00e4ttr\u00e4knade medlemsbas \u00e4r det sv\u00e5rt att f\u00f6rest\u00e4lla sig n\u00e5got annat \u00e4n gr\u00f6nt ljus.<\/p>\n<blockquote><p>Det \u00e4r en \u00f6verh\u00e4ngande risk<\/p><\/blockquote>\n<p>Roseng\u00e5rds damf\u00f6rening har ocks\u00e5 ett extrainsatt medlemsm\u00f6te n\u00e4sta vecka.\u00a0<\/p>\n<p>D\u00e4r ska medlemmarna r\u00f6sta om att s\u00e4lja en minoritetsandel till det nystartade, brittiska \u00e4garkonglomeratet Crux Football, med Bex Smith, tidigare lagkapten f\u00f6r Nya Zeeland, och Ted Knutson, mannen bakom det v\u00e4lrenommerade dataf\u00f6retaget StatsBomb, i ryggen. Bolaget k\u00f6pte franska Montpelliers damlag i b\u00f6rjan av oktober.<\/p>\n<p>Annons<\/p>\n<p>Det kan vara en b\u00e4ttre id\u00e9, om inte Roseng\u00e5rd snabbt f\u00f6rvandlas till en lagerhylla f\u00f6r talanger \u00e4mnade f\u00f6r andra klubbar inom samma koncern och ser sina egna ambitioner reduceras. Vilket f\u00f6rst\u00e5s \u00e4r en \u00f6verh\u00e4ngande risk.<\/p>\n<p>Den svenska medlemsmodellen har sina styrkor och svagheter. En styrka \u00e4r att medlemmarna beh\u00e5ller friheten att r\u00f6sta bort den h\u00e4r sortens initiativ om det inte fungerar. En svaghet \u00e4r att m\u00e5nga mindre f\u00f6reningar har en s\u00e5 pass liten och oengagerad medlemsbas att den som vill koppla kontroll kan g\u00f6ra det utan n\u00e5gra st\u00f6rre problem.<\/p>\n<blockquote><p>En helt vansinnig \u00e5tg\u00e4rd<\/p><\/blockquote>\n<p>Jo, svensk fotboll har i likhet med all annan idrott h\u00e4r rej\u00e4la problem med innovationskraft och finansiering.\u00a0<\/p>\n<p>Titta bara p\u00e5 Sef, d\u00e4r Fotbollskanalen under tisdagen ber\u00e4ttade att man sneglar p\u00e5 ett avtal med Turkish Airlines f\u00f6r att t\u00e4ppa till h\u00e5len efter flera \u00e5rs underm\u00e5lig bearbetning av sponsorer. Eller Elitfotboll dam, som precis tappat sin huvudpartner.<\/p>\n<p><img loading=\"lazy\"   alt=\"\"\/><\/p>\n<p>FC Roseng\u00e5rds samarbete \u00e4r j\u00e4ttebra \u2013 f\u00f6r FC K\u00f6penhamn<\/p>\n<p>Foto: Andreas Hillergren\/TT \/ Andreas Hillergren \/ TT NYHETSBYR\u00c5N<\/p>\n<p>\u00d6ppna bild i helsk\u00e4rm<img loading=\"lazy\"   alt=\"\"\/><\/p>\n<p>Svenske landslagsspelaren Jordan Larsson i K\u00f6penhamn.<\/p>\n<p>Foto: GONZALES PHOTO\/TOBIAS JORGENSENG \/ STELLA PICTURES<\/p>\n<p>\u00d6ppna bild i helsk\u00e4rm<\/p>\n<p>Men att l\u00e5ta svenska f\u00f6reningar infogas i internationella multiklubbsn\u00e4tverk, d\u00e4r den egna f\u00f6reningens ambitioner nedprioriteras och verksamheten f\u00f6rvandlas till en logistisk funktion f\u00f6r en st\u00f6rre klubb i ett annat land, \u00e4r f\u00f6rst\u00e5s en helt vansinnig \u00e5tg\u00e4rd.<\/p>\n<blockquote><p>Emot att hyra ut den f\u00f6r dansk talangutveckling<\/p><\/blockquote>\n<p>Vi tittar p\u00e5 sj\u00e4lvskadebeteende.\u00a0<\/p>\n<p>Fr\u00e5n b\u00f6rjan har jag t\u00e4nkt att FC Roseng\u00e5rds samarbete med FC K\u00f6penhamn \u00e4r bl\u00e5\u00f6gt. Varf\u00f6r skulle Skandinaviens st\u00f6rsta klubb acceptera en mer ambiti\u00f6s satsning p\u00e5 damfotboll i Sverige \u00e4n inom den egna verksamheten? Det var aldrig n\u00e5gon tvekan om vem som skulle \u00e4ta vem.<\/p>\n<p>Nu tornar en st\u00f6rre, regulatorisk fr\u00e5ga upp sig, som kr\u00e4ver ordentlig riskanalys, inte minst p\u00e5 l\u00e5ng sikt. Ska utl\u00e4ndska klubbar eller \u00e4garkoncerner ens till\u00e5tas som minoritets\u00e4gare i svenska f\u00f6reningar? Vad kan bli konsekvensen?<\/p>\n<p>Fr\u00e5gan som alltid beh\u00f6ver st\u00e4llas \u00e4r vad vi egentligen vill anv\u00e4nda svensk fotboll till.\u00a0<\/p>\n<p>Jag \u00e4r emot id\u00e9n att anv\u00e4nda den som en marknadsf\u00f6ringsyta f\u00f6r energidrycker. Jag \u00e4r emot att l\u00e5ta den posera som reklamskylt f\u00f6r auktorit\u00e4ra stater, som mjukt maktmedel f\u00f6r ryska oligarker och emot att l\u00e5ta den bli ett vinstinstrument f\u00f6r amerikanska investmentbolag.<\/p>\n<p>Jag \u00e4r \u00e4ven emot att hyra ut den som verktyg f\u00f6r dansk talangutveckling.<\/p>\n","protected":false},"excerpt":{"rendered":"FC K\u00f6penhamn vill ha ett farmarlag i allsvenskan. Det \u00e4r en j\u00e4ttebra id\u00e9 f\u00f6r den som vill anv\u00e4nda&hellip;\n","protected":false},"author":2,"featured_media":90621,"comment_status":"","ping_status":"","sticky":false,"template":"","format":"standard","meta":{"footnotes":""},"categories":[68],"tags":[34,305,739,111,110,31,33,32,30],"class_list":{"0":"post-90620","1":"post","2":"type-post","3":"status-publish","4":"format-standard","5":"has-post-thumbnail","7":"category-sport","8":"tag-se","9":"tag-sections-kronikorer","10":"tag-sections-noabachner","11":"tag-sport","12":"tag-sports","13":"tag-svenska","14":"tag-sverige","15":"tag-sweden","16":"tag-swedish"},"share_on_mastodon":{"url":"https:\/\/pubeurope.com\/@se\/115618232601726242","error":""},"_links":{"self":[{"href":"https:\/\/www.europesays.com\/se\/wp-json\/wp\/v2\/posts\/90620","targetHints":{"allow":["GET"]}}],"collection":[{"href":"https:\/\/www.europesays.com\/se\/wp-json\/wp\/v2\/posts"}],"about":[{"href":"https:\/\/www.europesays.com\/se\/wp-json\/wp\/v2\/types\/post"}],"author":[{"embeddable":true,"href":"https:\/\/www.europesays.com\/se\/wp-json\/wp\/v2\/users\/2"}],"replies":[{"embeddable":true,"href":"https:\/\/www.europesays.com\/se\/wp-json\/wp\/v2\/comments?post=90620"}],"version-history":[{"count":0,"href":"https:\/\/www.europesays.com\/se\/wp-json\/wp\/v2\/posts\/90620\/revisions"}],"wp:featuredmedia":[{"embeddable":true,"href":"https:\/\/www.europesays.com\/se\/wp-json\/wp\/v2\/media\/90621"}],"wp:attachment":[{"href":"https:\/\/www.europesays.com\/se\/wp-json\/wp\/v2\/media?parent=90620"}],"wp:term":[{"taxonomy":"category","embeddable":true,"href":"https:\/\/www.europesays.com\/se\/wp-json\/wp\/v2\/categories?post=90620"},{"taxonomy":"post_tag","embeddable":true,"href":"https:\/\/www.europesays.com\/se\/wp-json\/wp\/v2\/tags?post=90620"}],"curies":[{"name":"wp","href":"https:\/\/api.w.org\/{rel}","templated":true}]}}