{"id":90622,"date":"2025-11-26T21:58:08","date_gmt":"2025-11-26T21:58:08","guid":{"rendered":"https:\/\/www.europesays.com\/se\/90622\/"},"modified":"2025-11-26T21:58:08","modified_gmt":"2025-11-26T21:58:08","slug":"rapport-sa-mycket-vill-s-hoja-skatten-pa-isk-for-de-med-3-miljoner","status":"publish","type":"post","link":"https:\/\/www.europesays.com\/se\/90622\/","title":{"rendered":"Rapport: S\u00e5 mycket vill S h\u00f6ja skatten p\u00e5 ISK f\u00f6r de med 3 miljoner"},"content":{"rendered":"<p class=\"font-sans text-base text-text-main dark:text-text-main-dark font-normal leading-[1.4]\">F\u00f6r ISK-sparande som \u00f6verstiger 3 Mkr vill Socialdemokraterna inf\u00f6ra en ny och h\u00f6gre schablonint\u00e4kt. Den ska ber\u00e4knas som statsl\u00e5ner\u00e4ntan plus 2 procentenheter. <\/p>\n<p class=\"font-sans text-base text-text-main dark:text-text-main-dark font-normal leading-[1.4]\">I dag beskattas ISK generellt med statsl\u00e5ner\u00e4ntan plus 1 procentenhet. D\u00e4rmed skulle f\u00f6rslaget bli en tydlig sk\u00e4rpning av skatten f\u00f6r de med mer sparande. <\/p>\n<p class=\"font-sans text-base text-text-main dark:text-text-main-dark font-normal leading-[1.4]\">F\u00f6rslaget \u00e4r en del av <strong>Socialdemokraternas <\/strong>m\u00e5l att ta in mer skatt fr\u00e5n personer med stora tillg\u00e5ngar. Mindre sparande ska inte p\u00e5verkas av det nya f\u00f6rslaget.<\/p>\n","protected":false},"excerpt":{"rendered":"F\u00f6r ISK-sparande som \u00f6verstiger 3 Mkr vill Socialdemokraterna inf\u00f6ra en ny och h\u00f6gre schablonint\u00e4kt. Den ska ber\u00e4knas som&hellip;\n","protected":false},"author":2,"featured_media":90623,"comment_status":"","ping_status":"","sticky":false,"template":"","format":"standard","meta":{"footnotes":""},"categories":[65],"tags":[72,70,71,1145,34,10228,1142,31,33,32,30],"class_list":{"0":"post-90622","1":"post","2":"type-post","3":"status-publish","4":"format-standard","5":"has-post-thumbnail","7":"category-ekonomi","8":"tag-business","9":"tag-economy","10":"tag-ekonomi","11":"tag-investeringssparkonto","12":"tag-se","13":"tag-skatter","14":"tag-sparande","15":"tag-svenska","16":"tag-sverige","17":"tag-sweden","18":"tag-swedish"},"share_on_mastodon":{"url":"https:\/\/pubeurope.com\/@se\/115618244386135065","error":""},"_links":{"self":[{"href":"https:\/\/www.europesays.com\/se\/wp-json\/wp\/v2\/posts\/90622","targetHints":{"allow":["GET"]}}],"collection":[{"href":"https:\/\/www.europesays.com\/se\/wp-json\/wp\/v2\/posts"}],"about":[{"href":"https:\/\/www.europesays.com\/se\/wp-json\/wp\/v2\/types\/post"}],"author":[{"embeddable":true,"href":"https:\/\/www.europesays.com\/se\/wp-json\/wp\/v2\/users\/2"}],"replies":[{"embeddable":true,"href":"https:\/\/www.europesays.com\/se\/wp-json\/wp\/v2\/comments?post=90622"}],"version-history":[{"count":0,"href":"https:\/\/www.europesays.com\/se\/wp-json\/wp\/v2\/posts\/90622\/revisions"}],"wp:featuredmedia":[{"embeddable":true,"href":"https:\/\/www.europesays.com\/se\/wp-json\/wp\/v2\/media\/90623"}],"wp:attachment":[{"href":"https:\/\/www.europesays.com\/se\/wp-json\/wp\/v2\/media?parent=90622"}],"wp:term":[{"taxonomy":"category","embeddable":true,"href":"https:\/\/www.europesays.com\/se\/wp-json\/wp\/v2\/categories?post=90622"},{"taxonomy":"post_tag","embeddable":true,"href":"https:\/\/www.europesays.com\/se\/wp-json\/wp\/v2\/tags?post=90622"}],"curies":[{"name":"wp","href":"https:\/\/api.w.org\/{rel}","templated":true}]}}