{"id":90687,"date":"2025-11-27T00:13:32","date_gmt":"2025-11-27T00:13:32","guid":{"rendered":"https:\/\/www.europesays.com\/se\/90687\/"},"modified":"2025-11-27T00:13:32","modified_gmt":"2025-11-27T00:13:32","slug":"kojima-productions-od-rostskadespelare-och-skracklegenden-udo-kier-avlider-vid-81-ars-alder","status":"publish","type":"post","link":"https:\/\/www.europesays.com\/se\/90687\/","title":{"rendered":"Kojima Productions&#8217; OD-r\u00f6stsk\u00e5despelare och skr\u00e4cklegenden Udo Kier avlider vid 81 \u00e5rs \u00e5lder"},"content":{"rendered":"<p class=\"bodytext\">Udo Kier, den tyske sk\u00e5despelaren, k\u00e4nd f\u00f6r sina insatser i \u00f6ver 200 filmer och videospel, har tyv\u00e4rr avlidit vid 81 \u00e5rs \u00e5lder. Kier avled p\u00e5 morgonen den 23 november 2025 i Palm Springs, Florida, d\u00e4r han hade bott sedan 1991.&#13;<\/p>\n<p class=\"bodytext\">Hans partner, Delbert McBride, bekr\u00e4ftade nyheten till <a href=\"https:\/\/variety.com\/2025\/film\/news\/udo-kier-dead-own-private-idaho-andy-warhol-frankenstein-1236590259\/\" target=\"_blank\" rel=\"nofollow noopener\">Variety<\/a>och p\u00e5 sociala medier delade den n\u00e4ra v\u00e4nnen Michael Childers med sig av den hj\u00e4rtsk\u00e4rande nyheten.&#13;<\/p>\n<p class=\"bodytext\">Kiers tidiga liv tillbringades under andra v\u00e4rldskrigets h\u00f6jdpunkt, d\u00e5 hans mor skyddade honom fr\u00e5n bomber i en k\u00e4llare under de allierades framryckning. Han l\u00e4mnade \u00d6sttyskland och flyttade till London, d\u00e4r han tog de f\u00f6rsta stegen i sin sk\u00e5despelarkarri\u00e4r vid London Academy of Music and Dramatic Art.&#13;<\/p>\n<p class=\"bodytext\">Senare \u00e5terv\u00e4nde han till Tyskland och fick sitt stora genombrott i b\u00f6rjan av 1970-talet med en katalog av skr\u00e4ckfilmer som nu \u00e4r kultklassiker, bl.a. Mark of the Devil (1970), Flesh for Frankenstein (1973) och Blood for Dracula (1974).&#13;<\/p>\n<p class=\"bodytext\">P\u00e5 1990-talet \u00f6vergick Kier till amerikansk film, med sin f\u00f6rsta amerikanska roll som hotelldirekt\u00f6r i My Own Private Idaho. Senare hamnade han i rollen som hantlangare i Ace Ventura: Pet Detective (1994), en f\u00f6retagsarbetare i Johnny Mnemonic (1995) och en astronaut i Armageddon (1998).&#13;<\/p>\n<p class=\"bodytext\">\u00c4ven under sina sista \u00e5r f\u00f6rblev Kier aktiv inom filmen och hans sista roll var som en judisk \u00f6verlevande fr\u00e5n F\u00f6rintelsen som navigerade i slutet av Brasiliens milit\u00e4rdiktatur i den politiska thrillern The Secret Agent fr\u00e5n 2025.&#13;<\/p>\n<p class=\"bodytext\">Vid sidan av filmen var Kier ocks\u00e5 aktiv i videospel. Han spelade Yuri, den synske sovjetiske antagonisten, i de direkts\u00e4nda scenerna i Command &amp; Conquer: Red Alert 2 p\u00e5 2000-talet. Han repriserade senare denna roll i 2001 \u00e5rs Yuri&#8217;s Revenge Expansion.&#13;<\/p>\n<p class=\"bodytext\">Han gjorde ocks\u00e5 r\u00f6sten till motst\u00e5ndsmannen Metz i 2017 \u00e5rs Call of Duty: WWII och den excentriske Dr. Giovanni i 2022 \u00e5rs psykologiska skr\u00e4cktitel Martha is Dead. Nyligen positionerades Kier f\u00f6r att g\u00f6ra en \u00e5terkomst till skr\u00e4ckfyllda filmspel i Hideo Kojimas OD.&#13;<\/p>\n<p class=\"bodytext\">Metal Gear-skaparen och OD-regiss\u00f6ren Hideo Kojima delade med sig av sin sorg \u00f6ver Kiers bortg\u00e5ng i ett inl\u00e4gg p\u00e5 <a href=\"https:\/\/x.com\/HIDEO_KOJIMA_EN\/status\/1992785286712209409?s=20\" target=\"_blank\" rel=\"nofollow\">p\u00e5 X<\/a>:<\/p>\n<blockquote>\n<p class=\"bodytext\">Jag har sv\u00e5rt att hitta ord. Allt h\u00e4nde alldeles f\u00f6r pl\u00f6tsligt. P\u00e5 grund av strejken kunde vi inte spela in OD under en l\u00e5ng tid, s\u00e5 vi var tvungna att skjuta upp inspelningen till n\u00e4sta \u00e5r. \u00c4ven under den tiden utbytte Udo och jag e-post ofta. Vi h\u00f6ll n\u00e4ra kontakt.&#13;<\/p>\n<p class=\"bodytext\">N\u00e4r vi tr\u00e4ffades i Milano i slutet av september ber\u00e4ttade han f\u00f6r mig hur mycket han s\u00e5g fram emot att vi skulle b\u00f6rja filma igen n\u00e4sta \u00e5r. Han var full av energi \u00e4ven d\u00e5 och fick mig att skratta med sina vanliga &#8221;Udo-ismer&#8221;&#13;<\/p>\n<p class=\"bodytext\">Jag kan fortfarande inte tro det. Udo var inte bara en sk\u00e5despelare. Han var verkligen en &#8221;ikon&#8221; f\u00f6r sin tid. Vi har f\u00f6rlorat en stor &#8221;ikon&#8221; Det kommer att finnas en annan som han. Udo, vila i frid. Jag kommer aldrig att gl\u00f6mma dig.<\/p>\n<\/blockquote>\n<p class=\"bodytext\"><a href=\"https:\/\/www.amazon.com\/Death-Stranding-2-Beach-PlayStation-5\/dp\/B0F19GPDW3?tag=nbcnewsnet-20\" target=\"_blank\" rel=\"sponsored nofollow noopener\">K\u00f6p Death Stranding 2: On The Beach p\u00e5 Amazon h\u00e4r<\/a><\/p>\n","protected":false},"excerpt":{"rendered":"Udo Kier, den tyske sk\u00e5despelaren, k\u00e4nd f\u00f6r sina insatser i \u00f6ver 200 filmer och videospel, har tyv\u00e4rr avlidit&hellip;\n","protected":false},"author":2,"featured_media":90688,"comment_status":"","ping_status":"","sticky":false,"template":"","format":"standard","meta":{"footnotes":""},"categories":[67],"tags":[10236,7083,6558,10237,10241,10235,10238,104,10232,10233,7084,10240,7085,10234,3064,34,6519,2054,31,33,32,30,10231,105,10239],"class_list":{"0":"post-90687","1":"post","2":"type-post","3":"status-publish","4":"format-standard","5":"has-post-thumbnail","7":"category-underhallning","8":"tag-alert","9":"tag-barbar-dator","10":"tag-bio","11":"tag-call","12":"tag-dead","13":"tag-dodsruna","14":"tag-duty","15":"tag-entertainment","16":"tag-kier","17":"tag-kojima","18":"tag-laptop","19":"tag-martha","20":"tag-notebook","21":"tag-od","22":"tag-red","23":"tag-se","24":"tag-skadespelare","25":"tag-skrack","26":"tag-svenska","27":"tag-sverige","28":"tag-sweden","29":"tag-swedish","30":"tag-udo","31":"tag-underhallning","32":"tag-wwii"},"share_on_mastodon":{"url":"https:\/\/pubeurope.com\/@se\/115618775276247729","error":""},"_links":{"self":[{"href":"https:\/\/www.europesays.com\/se\/wp-json\/wp\/v2\/posts\/90687","targetHints":{"allow":["GET"]}}],"collection":[{"href":"https:\/\/www.europesays.com\/se\/wp-json\/wp\/v2\/posts"}],"about":[{"href":"https:\/\/www.europesays.com\/se\/wp-json\/wp\/v2\/types\/post"}],"author":[{"embeddable":true,"href":"https:\/\/www.europesays.com\/se\/wp-json\/wp\/v2\/users\/2"}],"replies":[{"embeddable":true,"href":"https:\/\/www.europesays.com\/se\/wp-json\/wp\/v2\/comments?post=90687"}],"version-history":[{"count":0,"href":"https:\/\/www.europesays.com\/se\/wp-json\/wp\/v2\/posts\/90687\/revisions"}],"wp:featuredmedia":[{"embeddable":true,"href":"https:\/\/www.europesays.com\/se\/wp-json\/wp\/v2\/media\/90688"}],"wp:attachment":[{"href":"https:\/\/www.europesays.com\/se\/wp-json\/wp\/v2\/media?parent=90687"}],"wp:term":[{"taxonomy":"category","embeddable":true,"href":"https:\/\/www.europesays.com\/se\/wp-json\/wp\/v2\/categories?post=90687"},{"taxonomy":"post_tag","embeddable":true,"href":"https:\/\/www.europesays.com\/se\/wp-json\/wp\/v2\/tags?post=90687"}],"curies":[{"name":"wp","href":"https:\/\/api.w.org\/{rel}","templated":true}]}}