{"id":90713,"date":"2025-11-27T01:45:10","date_gmt":"2025-11-27T01:45:10","guid":{"rendered":"https:\/\/www.europesays.com\/se\/90713\/"},"modified":"2025-11-27T01:45:10","modified_gmt":"2025-11-27T01:45:10","slug":"soldater-ur-nationalgardet-skjutna-nara-vita-huset","status":"publish","type":"post","link":"https:\/\/www.europesays.com\/se\/90713\/","title":{"rendered":"Soldater ur nationalgardet skjutna n\u00e4ra Vita huset"},"content":{"rendered":"<p>Skottlossningen intr\u00e4ffade bara tv\u00e5 kvarter fr\u00e5n Vita huset vid klockan 14.15, lokal tid. En misst\u00e4nkt <a href=\"https:\/\/x.com\/DCPoliceDept\" rel=\"nofollow\">har gripits<\/a>.<\/p>\n<p>Den gripna tros ha agerat ensam, uppger Washingtons borgm\u00e4stare Muriel Bowser under en presstr\u00e4ff. Hon beskriver skjutningen som en riktad attack mot medlemmar i nationalgardet, men n\u00e4mner inget om m\u00f6jligt motiv.<\/p>\n<p>Soldaterna tillh\u00f6r West Virginias nationalgarde. Deras tillst\u00e5nd \u00e4r kritiskt, s\u00e4ger FBI-chefen Kash Patel under presstr\u00e4ffen. West Virginias guvern\u00f6r Patrick Morrisey uppgav tidigare under onsdagskv\u00e4llen att soldaterna d\u00f6tt, men backade sedan fr\u00e5n uttalandet och skrev p\u00e5 <a href=\"https:\/\/x.com\/wvgovernor\/status\/1993788043971502534\" rel=\"nofollow\">X<\/a> att han f\u00e5tt \u201dmotstridiga uppgifter\u201d.<\/p>\n<p>          <img decoding=\"async\" class=\"picture__img\" src=\"https:\/\/www.europesays.com\/se\/wp-content\/uploads\/2025\/11\/0f3cf285-6db8-4b41-8247-f6fc6ad0d618.jpeg\"   alt=\"En av de skadade har f\u00f6rts till sjukhus med ambulanshelikopter.\"\/><\/p>\n<p>      En av de skadade har f\u00f6rts till sjukhus med ambulanshelikopter.<\/p>\n<p>      Foto: Emily Hanson\/AP<\/p>\n<p>Soldaterna besk\u00f6ts n\u00e4r de patrullerade n\u00e4ra Farragut Square, ett popul\u00e4rt lunchstr\u00e5k, enligt Reuters.<\/p>\n<p>G\u00e4rningspersonen kom runt ett h\u00f6rn, h\u00f6jde sitt vapen och \u00f6ppnade eld, s\u00e4ger Washingtons bitr\u00e4dande polischef Jeffrey Carroll.<\/p>\n<p>D\u00e4refter utbr\u00f6t kaos p\u00e5 platsen, ber\u00e4ttar vittnen f\u00f6r Reuters. En 55-\u00e5rig man s\u00e4ger till nyhetsbyr\u00e5n att han skulle k\u00f6pa lunch n\u00e4r han h\u00f6rde n\u00e5got som l\u00e4t som skottlossning n\u00e5gra gator bort. N\u00e4r han sprang mot platsen h\u00f6rde han ytterligare skott. V\u00e4l framme s\u00e5g han tv\u00e5 nationalgardister ligga p\u00e5 marken medan personer utf\u00f6rde \u00e5terupplivningsf\u00f6rs\u00f6k p\u00e5 en av dem.<\/p>\n<p><strong>G\u00e4rningspersonen sk\u00f6ts och<\/strong> \u00f6vermannades av andra nationalgardister och f\u00f6rdes sedan till sjukhus, uppger Jeffrey Carroll.<\/p>\n<p>Enligt Donald Trump har g\u00e4rningspersonen skadats allvarligt. Presidenten kallar personen f\u00f6r ett \u201ddjur\u201d och s\u00e4ger att denne kommer att f\u00e5 betala ett h\u00f6gt pris. Vita huset har st\u00e4ngts ner efter skottlossningen. Presidenten befinner sig f\u00f6r n\u00e4rvarande i Florida.<\/p>\n<p>Trafiken p\u00e5 Ronald Reagan-flygplatsen i Washington har stoppats efter h\u00e4ndelsen, meddelar USA:s luftfartsmyndighet.<\/p>\n<p><strong>Inkallandet av nationalgardet<\/strong> i Washington har de senaste m\u00e5naderna varit f\u00f6rem\u00e5l f\u00f6r stor debatt. Det var i augusti som Trump beordrade soldaterna till huvudstadsomr\u00e5det f\u00f6r att f\u00e5 bukt med det som Vita huset beskrev som en eskalerande brottslighet. Detta trots att antalet v\u00e5ldsbrott har minskat kraftigt.<\/p>\n<p>\u00c5tg\u00e4rden har sedan dess utmanats i domstol och f\u00f6rra veckan beordrade en federal domare att soldaterna skulle skickas hem. Trumpadministrationen har dock f\u00e5tt tre veckor p\u00e5 sig att \u00f6verklaga beslutet.<\/p>\n<p>          Fakta.Nationalgardet<\/p>\n<p>\u2022 Nationalgardet \u00e4r en trupp som finns i USA:s delstater och har som uppgift att uppr\u00e4tth\u00e5lla ordningen. De styrs av guvern\u00f6ren i respektive delstat. De \u00e4r ofta baserade p\u00e5 flera olika platser, i arm\u00e9baser eller flygbaser.<\/p>\n<p>\u2022 Presidenten kan vid kriser fatta beslut om att federalisera nationalgardet. D\u00e5 lyder det i st\u00e4llet under regeringen. Detta sker mycket s\u00e4llan.<\/p>\n<p>\u2022 Presidenten kan fatta beslut om att ta \u00f6ver nationalgardet mot delstaternas vilja. Det skedde till exempel under medborgarr\u00e4ttsr\u00f6relsen p\u00e5 1960-talet.<\/p>\n<p>\u2022 Efter George Floyds d\u00f6d 2020, och i samband med Black Lives Matter-protesterna, aktiverades nationalgardet i flera delstater, men det var guvern\u00f6rerna som tog det beslutet och inte presidenten.<\/p>\n<p>K\u00e4lla: USA:s arkivmyndighet.<\/p>\n<p>            Visa mer<\/p>\n<p>            Visa mindre<\/p>\n<p>Texten uppdateras.<\/p>\n","protected":false},"excerpt":{"rendered":"Skottlossningen intr\u00e4ffade bara tv\u00e5 kvarter fr\u00e5n Vita huset vid klockan 14.15, lokal tid. En misst\u00e4nkt har gripits. Den&hellip;\n","protected":false},"author":2,"featured_media":90714,"comment_status":"","ping_status":"","sticky":false,"template":"","format":"standard","meta":{"footnotes":""},"categories":[14],"tags":[22,23,26,27,17,21,24,25,28,29,15,16,18,34,31,33,32,30,19,20,51,52,53,54],"class_list":{"0":"post-90713","1":"post","2":"type-post","3":"status-publish","4":"format-standard","5":"has-post-thumbnail","7":"category-varlden","8":"tag-breaking-news","9":"tag-breakingnews","10":"tag-featured-news","11":"tag-featurednews","12":"tag-headlines","13":"tag-huvudnyheter","14":"tag-latest-news","15":"tag-latestnews","16":"tag-main-news","17":"tag-mainnews","18":"tag-news","19":"tag-nyheter","20":"tag-rubriker","21":"tag-se","22":"tag-svenska","23":"tag-sverige","24":"tag-sweden","25":"tag-swedish","26":"tag-top-stories","27":"tag-topstories","28":"tag-varlden","29":"tag-world","30":"tag-world-news","31":"tag-worldnews"},"share_on_mastodon":{"url":"https:\/\/pubeurope.com\/@se\/115619137150974273","error":""},"_links":{"self":[{"href":"https:\/\/www.europesays.com\/se\/wp-json\/wp\/v2\/posts\/90713","targetHints":{"allow":["GET"]}}],"collection":[{"href":"https:\/\/www.europesays.com\/se\/wp-json\/wp\/v2\/posts"}],"about":[{"href":"https:\/\/www.europesays.com\/se\/wp-json\/wp\/v2\/types\/post"}],"author":[{"embeddable":true,"href":"https:\/\/www.europesays.com\/se\/wp-json\/wp\/v2\/users\/2"}],"replies":[{"embeddable":true,"href":"https:\/\/www.europesays.com\/se\/wp-json\/wp\/v2\/comments?post=90713"}],"version-history":[{"count":0,"href":"https:\/\/www.europesays.com\/se\/wp-json\/wp\/v2\/posts\/90713\/revisions"}],"wp:featuredmedia":[{"embeddable":true,"href":"https:\/\/www.europesays.com\/se\/wp-json\/wp\/v2\/media\/90714"}],"wp:attachment":[{"href":"https:\/\/www.europesays.com\/se\/wp-json\/wp\/v2\/media?parent=90713"}],"wp:term":[{"taxonomy":"category","embeddable":true,"href":"https:\/\/www.europesays.com\/se\/wp-json\/wp\/v2\/categories?post=90713"},{"taxonomy":"post_tag","embeddable":true,"href":"https:\/\/www.europesays.com\/se\/wp-json\/wp\/v2\/tags?post=90713"}],"curies":[{"name":"wp","href":"https:\/\/api.w.org\/{rel}","templated":true}]}}