{"id":90721,"date":"2025-11-27T01:59:08","date_gmt":"2025-11-27T01:59:08","guid":{"rendered":"https:\/\/www.europesays.com\/se\/90721\/"},"modified":"2025-11-27T01:59:08","modified_gmt":"2025-11-27T01:59:08","slug":"ny-global-galaxy-z-fold7-rival-pa-gang-huawei-bekraftar-internationella-lanseringsplaner-for-den-vikbara-mate-x7-efter-gardagens-lansering-i-kina","status":"publish","type":"post","link":"https:\/\/www.europesays.com\/se\/90721\/","title":{"rendered":"Ny global Galaxy Z Fold7-rival p\u00e5 g\u00e5ng: Huawei bekr\u00e4ftar internationella lanseringsplaner f\u00f6r den vikbara Mate X7 efter g\u00e5rdagens lansering i Kina"},"content":{"rendered":"<p class=\"bodytext\">Det kanske dock inte \u00e4r fallet f\u00f6r Huaweis senaste flaggskeppslanseringar. Hittills har f\u00f6retaget bara bekr\u00e4ftat internationell tillg\u00e4nglighet f\u00f6r Mate X7, en dag efter att ha avsl\u00f6jat enheten i Kina. I det h\u00e4r skedet skulle vi inte bli f\u00f6rv\u00e5nade om medlemmar i Mate 80-serien ansl\u00f6t sig till Mate X7 under samma evenemang. Omv\u00e4nt \u00e4r avsaknaden av en <a href=\"http:\/\/www.notebookcheck.net\/Huawei-refreshes-MateBook-Fold-foldable-laptop-with-luxurious-new-finish.1171575.0.html\" target=\"_self\" class=\"internal-link\" rel=\"nofollow noopener\">MateBook Fold<\/a> global release indikerar att <a href=\"http:\/\/www.notebookcheck.net\/Huawei-MatePad-Edge-now-official-as-latest-Apple-iPad-Pro-rival-with-14-inch-OLED-140-W-charging-and-optional-liquid-cooling.1170489.0.html\" target=\"_self\" class=\"internal-link\" rel=\"nofollow noopener\">MatePad Edge<\/a> inte kommer att lanseras samtidigt ocks\u00e5.<\/p>\n","protected":false},"excerpt":{"rendered":"Det kanske dock inte \u00e4r fallet f\u00f6r Huaweis senaste flaggskeppslanseringar. Hittills har f\u00f6retaget bara bekr\u00e4ftat internationell tillg\u00e4nglighet f\u00f6r&hellip;\n","protected":false},"author":2,"featured_media":90722,"comment_status":"","ping_status":"","sticky":false,"template":"","format":"standard","meta":{"footnotes":""},"categories":[66],"tags":[10259,7083,7736,8541,7084,7739,7085,80,78,79,34,7147,31,33,32,30,81,84,10258,83,82,7461],"class_list":{"0":"post-90721","1":"post","2":"type-post","3":"status-publish","4":"format-standard","5":"has-post-thumbnail","7":"category-vetenskap-och-teknik","8":"tag-12-december","9":"tag-barbar-dator","10":"tag-huawei","11":"tag-huawei-mate-x7","12":"tag-laptop","13":"tag-mate-x7","14":"tag-notebook","15":"tag-science","16":"tag-science-and-technology","17":"tag-scienceandtechnology","18":"tag-se","19":"tag-smartphone","20":"tag-svenska","21":"tag-sverige","22":"tag-sweden","23":"tag-swedish","24":"tag-technology","25":"tag-teknik","26":"tag-unfold-the-moment","27":"tag-vetenskap","28":"tag-vetenskapteknik","29":"tag-vikbar"},"share_on_mastodon":{"url":"https:\/\/pubeurope.com\/@se\/115619192098790166","error":""},"_links":{"self":[{"href":"https:\/\/www.europesays.com\/se\/wp-json\/wp\/v2\/posts\/90721","targetHints":{"allow":["GET"]}}],"collection":[{"href":"https:\/\/www.europesays.com\/se\/wp-json\/wp\/v2\/posts"}],"about":[{"href":"https:\/\/www.europesays.com\/se\/wp-json\/wp\/v2\/types\/post"}],"author":[{"embeddable":true,"href":"https:\/\/www.europesays.com\/se\/wp-json\/wp\/v2\/users\/2"}],"replies":[{"embeddable":true,"href":"https:\/\/www.europesays.com\/se\/wp-json\/wp\/v2\/comments?post=90721"}],"version-history":[{"count":0,"href":"https:\/\/www.europesays.com\/se\/wp-json\/wp\/v2\/posts\/90721\/revisions"}],"wp:featuredmedia":[{"embeddable":true,"href":"https:\/\/www.europesays.com\/se\/wp-json\/wp\/v2\/media\/90722"}],"wp:attachment":[{"href":"https:\/\/www.europesays.com\/se\/wp-json\/wp\/v2\/media?parent=90721"}],"wp:term":[{"taxonomy":"category","embeddable":true,"href":"https:\/\/www.europesays.com\/se\/wp-json\/wp\/v2\/categories?post=90721"},{"taxonomy":"post_tag","embeddable":true,"href":"https:\/\/www.europesays.com\/se\/wp-json\/wp\/v2\/tags?post=90721"}],"curies":[{"name":"wp","href":"https:\/\/api.w.org\/{rel}","templated":true}]}}