{"id":90724,"date":"2025-11-27T02:06:27","date_gmt":"2025-11-27T02:06:27","guid":{"rendered":"https:\/\/www.europesays.com\/se\/90724\/"},"modified":"2025-11-27T02:06:27","modified_gmt":"2025-11-27T02:06:27","slug":"noah-schnapp-om-stranger-things-sasong-5-hogre-insatser-an-nagonsin-tidigare","status":"publish","type":"post","link":"https:\/\/www.europesays.com\/se\/90724\/","title":{"rendered":"Noah Schnapp om &#8221;Stranger Things&#8221; s\u00e4song 5: &#8221;H\u00f6gre insatser \u00e4n n\u00e5gonsin tidigare&#8221;"},"content":{"rendered":"<p>Inatt \u00e4r det efter flera \u00e5r \u00e4ntligen premi\u00e4r f\u00f6r nya s\u00e4songen av <a href=\"https:\/\/www.moviezine.se\/nyheter\/linda-hamilton-skulle-ga-i-pension-sen-kom-stranger-things\" rel=\"nofollow noopener\" target=\"_blank\"><strong>\u201dStranger Things\u201d<\/strong><\/a>, i vilken vi n\u00e4rmar oss slutet f\u00f6r kompisg\u00e4nget i Hawkins.<\/p>\n<p>F\u00f6rutom Finn Wolfhard, Winona Ryder, David Harbour, Millie Bobby Brown och Gaten Matarazzo med flera \u00e5terv\u00e4nder f\u00f6st\u00e5s \u00e4ven <a href=\"https:\/\/www.moviezine.se\/nyheter\/stranger-things-stjarnan-kommer-till-stockholm\" rel=\"nofollow noopener\" target=\"_blank\"><strong>Noah Schnapp<\/strong><\/a> i rollen som Will. Nu ber\u00e4ttar han i en intervju med <a href=\"https:\/\/www.hollywoodreporter.com\/tv\/tv-features\/stranger-things-noah-schnapp-season-5-college-interview-1236425553\/?fbclid=IwZXh0bgNhZW0CMTAAYnJpZBExeWVKajZxNHdIdjVubzFDenNydGMGYXBwX2lkEDIyMjAzOTE3ODgyMDA4OTIAAR5pZFtNH2BkXJxM1B3uvEutTl504zdLitDbQirQky741IxqdBfjmYPNObniwg_aem_gT3hBTZnF0BM_SwUpPmkbg\" rel=\"nofollow noopener\" target=\"_blank\">The Hollywood Reporter<\/a> om hur han k\u00e4nner att hans karakt\u00e4r vuxit under seriens g\u00e5ng:<\/p>\n<p>\u2013 Will har g\u00e5tt igenom mycket sv\u00e5righeter under serien och det har format honom och gjort honom stark. I b\u00f6rjan av serien var han en blyg och r\u00e4dd liten pojke, men nu har han blivit en riktigt stark och sj\u00e4lvs\u00e4ker karakt\u00e4r och det syns tydligt i nya s\u00e4songen.<\/p>\n<p>Han ger \u00e4ven lite sp\u00e4nnande ledtr\u00e5dar till nya s\u00e4songen, som han beskriver som f\u00f6ljande:<\/p>\n<p>\u2013 Jag har sett fram emot nya s\u00e4songen s\u00e5 l\u00e4nge, det \u00e4r otroligt r\u00f6rande och k\u00e4nslosamt (\u2026) Vad som helst kan h\u00e4nda i nya s\u00e4songen, det \u00e4r h\u00f6gre insatser \u00e4n vi n\u00e5gonsin jobbat med tidigare. Nu n\u00e4rmar vi oss slutet f\u00f6r alla v\u00e5ra karakt\u00e4rers resa och alla l\u00f6sa tr\u00e5dar m\u00e5ste d\u00e5 knytas ihop.<\/p>\n<p>Missa inte f\u00f6rsta halvan av \u201dStranger Things\u201d s\u00e4song 5, som har premi\u00e4r hos Netflix inatt klockan 02:00.<\/p>\n<p>L\u00e4s ocks\u00e5: <a href=\"https:\/\/www.moviezine.se\/nyheter\/linda-hamilton-skulle-ga-i-pension-sen-kom-stranger-things\" title=\"Linda Hamilton skulle g\u00e5 i pension \u2013 sen kom \u201dStranger Things\u201d\" class=\"underline-custom !font-montserrat !font-bold !underline-offset-4 !decoration-4 !decoration-moviezine-green !text-md\" rel=\"nofollow noopener\" target=\"_blank\">Linda Hamilton skulle g\u00e5 i pension \u2013 sen kom \u201dStranger Things\u201d<\/a><\/p>\n<p>L\u00e4s ocks\u00e5: <a href=\"https:\/\/www.moviezine.se\/nyheter\/22-nya-filmer-har-precis-slappts-pa-svt-play-missa-inte-tidernas-basta-julfilm\" title=\"22 nya filmer sl\u00e4pps idag p\u00e5 SVT Play \u2013 \u00e4r det h\u00e4r \u201dtidernas b\u00e4sta julfilm\u201d?\" class=\"underline-custom !font-montserrat !font-bold !underline-offset-4 !decoration-4 !decoration-moviezine-green !text-md\" rel=\"nofollow noopener\" target=\"_blank\">22 nya filmer sl\u00e4pps idag p\u00e5 SVT Play \u2013 \u00e4r det h\u00e4r \u201dtidernas b\u00e4sta julfilm\u201d?<\/a><\/p>\n","protected":false},"excerpt":{"rendered":"Inatt \u00e4r det efter flera \u00e5r \u00e4ntligen premi\u00e4r f\u00f6r nya s\u00e4songen av \u201dStranger Things\u201d, i vilken vi n\u00e4rmar&hellip;\n","protected":false},"author":2,"featured_media":90725,"comment_status":"","ping_status":"","sticky":false,"template":"","format":"standard","meta":{"footnotes":""},"categories":[67],"tags":[104,2394,2399,34,7487,31,33,32,30,105],"class_list":{"0":"post-90724","1":"post","2":"type-post","3":"status-publish","4":"format-standard","5":"has-post-thumbnail","7":"category-underhallning","8":"tag-entertainment","9":"tag-kandisar","10":"tag-netflix","11":"tag-se","12":"tag-stranger-things","13":"tag-svenska","14":"tag-sverige","15":"tag-sweden","16":"tag-swedish","17":"tag-underhallning"},"share_on_mastodon":{"url":"https:\/\/pubeurope.com\/@se\/115619219603181150","error":""},"_links":{"self":[{"href":"https:\/\/www.europesays.com\/se\/wp-json\/wp\/v2\/posts\/90724","targetHints":{"allow":["GET"]}}],"collection":[{"href":"https:\/\/www.europesays.com\/se\/wp-json\/wp\/v2\/posts"}],"about":[{"href":"https:\/\/www.europesays.com\/se\/wp-json\/wp\/v2\/types\/post"}],"author":[{"embeddable":true,"href":"https:\/\/www.europesays.com\/se\/wp-json\/wp\/v2\/users\/2"}],"replies":[{"embeddable":true,"href":"https:\/\/www.europesays.com\/se\/wp-json\/wp\/v2\/comments?post=90724"}],"version-history":[{"count":0,"href":"https:\/\/www.europesays.com\/se\/wp-json\/wp\/v2\/posts\/90724\/revisions"}],"wp:featuredmedia":[{"embeddable":true,"href":"https:\/\/www.europesays.com\/se\/wp-json\/wp\/v2\/media\/90725"}],"wp:attachment":[{"href":"https:\/\/www.europesays.com\/se\/wp-json\/wp\/v2\/media?parent=90724"}],"wp:term":[{"taxonomy":"category","embeddable":true,"href":"https:\/\/www.europesays.com\/se\/wp-json\/wp\/v2\/categories?post=90724"},{"taxonomy":"post_tag","embeddable":true,"href":"https:\/\/www.europesays.com\/se\/wp-json\/wp\/v2\/tags?post=90724"}],"curies":[{"name":"wp","href":"https:\/\/api.w.org\/{rel}","templated":true}]}}