{"id":90743,"date":"2025-11-27T02:51:12","date_gmt":"2025-11-27T02:51:12","guid":{"rendered":"https:\/\/www.europesays.com\/se\/90743\/"},"modified":"2025-11-27T02:51:12","modified_gmt":"2025-11-27T02:51:12","slug":"karlins-ord-efter-matchstraffet-det-ar-korkat","status":"publish","type":"post","link":"https:\/\/www.europesays.com\/se\/90743\/","title":{"rendered":"Karlins ord efter matchstraffet: &#8221;Det \u00e4r korkat&#8221;"},"content":{"rendered":"<p><strong>Alex Swetlikoff hade h\u00f6ga f\u00f6rv\u00e4ntningar p\u00e5 sig n\u00e4r han v\u00e4rvades till <a href=\"https:\/\/hockeysverige.se\/klubb\/modo-hockey\/\" rel=\"nofollow noopener\" target=\"_blank\">MoDo<\/a> inf\u00f6r s\u00e4songen \u2013 f\u00f6rv\u00e4ntingar som han inte har levt upp till. Under matchen mot <a href=\"https:\/\/hockeysverige.se\/klubb\/aik-hockey\/\" rel=\"nofollow noopener\" target=\"_blank\">AIK<\/a> var han uppsatt som extraforward och tog dessutom ett matchstraff efter slutvisslan i f\u00f6rsta perioden.<br \/>\u2013 Det \u00e4r v\u00e4l klart att vi hade hoppats p\u00e5 mer, s\u00e4ger MoDos huvudtr\u00e4nare Mattias Karlin till Hockeysverige efter 2-1-vinsten \u00f6ver AIK.<\/strong><\/p>\n<p><img loading=\"lazy\" decoding=\"async\" width=\"1024\" height=\"658\" src=\"https:\/\/www.europesays.com\/se\/wp-content\/uploads\/2025\/11\/Split-Screen-3.1-21-1024x658.webp.webp\" alt=\"\" class=\"wp-image-330121\"  \/>Alex Swetlikoff tog ett matchstraff under matchen mot AIK.<br \/>\nFoto: TV4\/Jonathan N\u00e4ckstrand\/Bildbyr\u00e5n.<\/p>\n<p>HOVET (HOCKEYSVERIGE.SE)<\/p>\n<p>Det var precis efter den f\u00f6rsta periodens slut i matchen mellan AIK och MoDo som g\u00e4sternas Alex Swetlikoff delade ut en crosschecking mot huvudet p\u00e5 Jesper Emanuelsson. De b\u00e5da hade innan signalen hamnat i en mindre gruff bakom m\u00e5let och st\u00e4mningen var irriterad n\u00e4r f\u00f6rsta akten tog slut. Den 24-\u00e5rige kanadensaren tilldelades ett matchstraff och tvingades byta om i f\u00f6rtid.<\/p>\n<p>N\u00e4r hockeysverige.se f\u00e5r tag i Mattias Karlin efter 2\u20131-matchen \u00e4r han inte helt n\u00f6jd. <\/p>\n<p>\u2013 Det \u00e4r korkat. Det blir ju en kampsituation bakom m\u00e5l d\u00e4r i b\u00f6rjan, d\u00e4r Swetlikoff g\u00f6r n\u00e5got och AIK:aren g\u00f6r n\u00e5got. Sen g\u00e5r pucken ur zon, gnabbet forts\u00e4tter och helt pl\u00f6tsligt s\u00e4tter han upp en klubba mot huvudet. Det \u00e4r j\u00e4tteon\u00f6digt, naturligtvis, s\u00e4ger MoDos huvudtr\u00e4nare. <\/p>\n<p>Alex Swetlikoff v\u00e4rvades till MoDo inf\u00f6r s\u00e4songen och hade h\u00f6ga f\u00f6rv\u00e4ntningar p\u00e5 att utvecklas till en b\u00e4rande spelare. S\u00e5 har det dock inte blivit och Swetlikoff har halkat allt l\u00e4ngre ned i kedjorna. I b\u00f6rjan av s\u00e4songen spelade han som andrecenter, men under matchen mot AIK var han extraforward.<\/p>\n<p>\u2013 Det \u00e4r v\u00e4l klart att vi hade hoppats p\u00e5 mer, han var ju t\u00e4nkt att spela en stor roll. Han har v\u00e4l blandat och gett en del. Jag tycker att han b\u00f6rjade v\u00e4ldigt tunt, kom ig\u00e5ng ett tag d\u00e4r i mitten och nu har han v\u00e4l ramlat tillbaka d\u00e4r p\u00e5 slutet. Idag var han trettonde forward, sen f\u00e5r vi se vart resten tar v\u00e4gen, s\u00e4ger Karlin. <\/p>\n<p>\u201dTycker inte att han t\u00e4vlar tillr\u00e4ckligt h\u00e5rt\u201d<\/p>\n<p>Swetlikoff har noterats f\u00f6r 13 po\u00e4ng (5+8) p\u00e5 21 matcher f\u00f6r sin nya klubb. Mattias Karlin f\u00f6rv\u00e4ntar sig dock mer av kanadensaren, men ser att han kan kl\u00e4ttra sig upp i hierarkin i framtiden.<\/p>\n<p>\u2013 Framf\u00f6rallt beh\u00f6ver han bli mer aggressiv och ta f\u00f6r sig p\u00e5 ett helt annat s\u00e4tt. Han har storleken och hela den biten, men jag tycker inte att han t\u00e4vlar tillr\u00e4ckligt h\u00e5rt och det \u00e4r det som g\u00f6r att han b\u00f6rjade lite utanf\u00f6r idag, s\u00e4ger MoDo-tr\u00e4naren. <\/p>\n<p>Efter fredagens f\u00f6rlust mot <a href=\"https:\/\/hockeysverige.se\/klubb\/nybro-vikings-if\/\" rel=\"nofollow noopener\" target=\"_blank\">Nybro Vikings<\/a> var Mattias Karlin tydlig med att han tyckte att lagets insats var underm\u00e5lig, och han efterfr\u00e5gade mer kampvilja. Efter <a href=\"https:\/\/hockeysverige.se\/spelare\/gerry-fitzgerald\/\" rel=\"nofollow noopener\" target=\"_blank\">Gerry Fitzgeralds<\/a> \u00f6vertidsavg\u00f6rade p\u00e5 Hovet var huvudtr\u00e4naren dock n\u00f6jdare med insatsen. P\u00e5 fr\u00e5gan om han tyckte att laget t\u00e4vlade fullt ut under matchen mot AIK svarade han s\u00e5 h\u00e4r:<\/p>\n<p>\u2013 Det tycker jag. Jag tycker att vi sm\u00e4ller p\u00e5, \u00e4r mycket intensivare om man j\u00e4mf\u00f6r med den matchen men man ska nog inte j\u00e4mf\u00f6ra med den matchen heller eftersom det var av det s\u00e4mre slaget. Jag tycker att vi t\u00e4vlar h\u00e5rt och vinner en hel del dueller, d\u00e4rifr\u00e5n tycker jag att vi styr matchen ganska bra. Jag \u00e4r j\u00e4tten\u00f6jd med hur vi kommer ut och k\u00f6r, framf\u00f6rallt att vi \u00e5ker skridskor allihopa.<\/p>\n<p> Source: <a href=\"https:\/\/www.eliteprospects.com\/player\/407589\/alex-swetlikoff\" target=\"_blank\" rel=\"noopener noreferrer nofollow\">Alex Swetlikoff<\/a> @ Elite Prospects<\/p>\n","protected":false},"excerpt":{"rendered":"Alex Swetlikoff hade h\u00f6ga f\u00f6rv\u00e4ntningar p\u00e5 sig n\u00e4r han v\u00e4rvades till MoDo inf\u00f6r s\u00e4songen \u2013 f\u00f6rv\u00e4ntingar som han&hellip;\n","protected":false},"author":2,"featured_media":90744,"comment_status":"","ping_status":"","sticky":false,"template":"","format":"standard","meta":{"footnotes":""},"categories":[5],"tags":[22,23,26,27,17,621,21,24,25,28,29,15,16,18,34,31,33,32,30,19,379,20],"class_list":{"0":"post-90743","1":"post","2":"type-post","3":"status-publish","4":"format-standard","5":"has-post-thumbnail","7":"category-rubriker","8":"tag-breaking-news","9":"tag-breakingnews","10":"tag-featured-news","11":"tag-featurednews","12":"tag-headlines","13":"tag-hockeyallsvenskan","14":"tag-huvudnyheter","15":"tag-latest-news","16":"tag-latestnews","17":"tag-main-news","18":"tag-mainnews","19":"tag-news","20":"tag-nyheter","21":"tag-rubriker","22":"tag-se","23":"tag-svenska","24":"tag-sverige","25":"tag-sweden","26":"tag-swedish","27":"tag-top-stories","28":"tag-top-article","29":"tag-topstories"},"share_on_mastodon":{"url":"https:\/\/pubeurope.com\/@se\/115619396657139180","error":""},"_links":{"self":[{"href":"https:\/\/www.europesays.com\/se\/wp-json\/wp\/v2\/posts\/90743","targetHints":{"allow":["GET"]}}],"collection":[{"href":"https:\/\/www.europesays.com\/se\/wp-json\/wp\/v2\/posts"}],"about":[{"href":"https:\/\/www.europesays.com\/se\/wp-json\/wp\/v2\/types\/post"}],"author":[{"embeddable":true,"href":"https:\/\/www.europesays.com\/se\/wp-json\/wp\/v2\/users\/2"}],"replies":[{"embeddable":true,"href":"https:\/\/www.europesays.com\/se\/wp-json\/wp\/v2\/comments?post=90743"}],"version-history":[{"count":0,"href":"https:\/\/www.europesays.com\/se\/wp-json\/wp\/v2\/posts\/90743\/revisions"}],"wp:featuredmedia":[{"embeddable":true,"href":"https:\/\/www.europesays.com\/se\/wp-json\/wp\/v2\/media\/90744"}],"wp:attachment":[{"href":"https:\/\/www.europesays.com\/se\/wp-json\/wp\/v2\/media?parent=90743"}],"wp:term":[{"taxonomy":"category","embeddable":true,"href":"https:\/\/www.europesays.com\/se\/wp-json\/wp\/v2\/categories?post=90743"},{"taxonomy":"post_tag","embeddable":true,"href":"https:\/\/www.europesays.com\/se\/wp-json\/wp\/v2\/tags?post=90743"}],"curies":[{"name":"wp","href":"https:\/\/api.w.org\/{rel}","templated":true}]}}