{"id":90745,"date":"2025-11-27T02:55:10","date_gmt":"2025-11-27T02:55:10","guid":{"rendered":"https:\/\/www.europesays.com\/se\/90745\/"},"modified":"2025-11-27T02:55:10","modified_gmt":"2025-11-27T02:55:10","slug":"lattare-an-quest-3-men-med-extern-puck-insider-detaljer-nasta-meta-headset-release-fore-ryktad-2026-lansering","status":"publish","type":"post","link":"https:\/\/www.europesays.com\/se\/90745\/","title":{"rendered":"L\u00e4ttare \u00e4n Quest 3 men med extern &#8221;puck&#8221;: Insider detaljer n\u00e4sta Meta headset release f\u00f6re ryktad 2026 lansering"},"content":{"rendered":"<p>\t\t<a href=\"https:\/\/www.notebookcheck.se\/fileadmin\/Notebooks\/News\/_nc5\/meta-quest-vr-air-rumours-kv.jpg\" data-caption=\"N\u00e4sta Meta-headset kan se ganska annorlunda ut \u00e4n det nuvarande Quest 3S, p\u00e5 bilden. (Bildk\u00e4lla: Meta)\" rel=\"nofollow noopener\" target=\"_blank\"><img decoding=\"async\" src=\"https:\/\/www.europesays.com\/se\/wp-content\/uploads\/2025\/11\/csm_meta-quest-vr-air-rumours-kv_826a1d9ba4.jpg\" loading=\"lazy\" fetchpriority=\"high\" width=\"240\" height=\"180\" alt=\"N\u00e4sta Meta-headset kan se ganska annorlunda ut \u00e4n det nuvarande Quest 3S, p\u00e5 bilden. (Bildk\u00e4lla: Meta)\"\/><\/a>N\u00e4sta Meta-headset kan se ganska annorlunda ut \u00e4n det nuvarande Quest 3S, p\u00e5 bilden. (Bildk\u00e4lla: Meta)<\/p>\n<p>Mer information om Metas n\u00e4sta headset har dykt upp online med tillst\u00e5nd av en respekterad insider. P\u00e5st\u00e5s att dike &#8221;Quest&#8221; -namnet, enheten tippas vara l\u00e4ttare och bekv\u00e4mare \u00e4n Quest 3 eller Quest 3S men kommer att kr\u00e4va ett externt tillbeh\u00f6r som Apple Vision Pro f\u00f6r att fungera korrekt.<\/p>\n<p class=\"bodytext\">Men VR-insidern Nima Zeighami har nu kastat nytt ljus \u00f6ver tillst\u00e5ndet f\u00f6r Metas VR-headset fram\u00f6ver och hur de kommer att skilja sig fr\u00e5n de senaste Quest-utg\u00e5vorna. Postning p\u00e5 X, Zeighami rapporterar att Meta inte planerar att erbjuda sitt n\u00e4sta headset som en direkt <a href=\"http:\/\/www.notebookcheck.net\/Meta-Quest-3-New-standalone-VR-headset-debuts-with-40-thinner-design-pancake-lenses-and-2x-gaming-performance.723017.0.html\" target=\"_self\" class=\"internal-link\" rel=\"nofollow noopener\">Quest 3<\/a> eftertr\u00e4dare. I sj\u00e4lva verket h\u00e4vdar de att Meta kommer att undvika Quest-namnet helt och h\u00e5llet.<\/p>\n<p class=\"bodytext\">Ist\u00e4llet tror de att Meta \u00e4ntligen kommer att anta sitt varum\u00e4rke i sin helhet, \u00e4ven om Zeighami fortfarande h\u00e4nvisar till enheten som &#8221;n\u00e4sta Meta headset&#8221; f\u00f6r tillf\u00e4llet. Som den inb\u00e4ddade tweeten nedan visar, till\u00e4gger Zeighami att headsetet kommer att s\u00e4ljas f\u00f6r cirka 800 dollar, kanske utan kontroller ocks\u00e5.<\/p>\n<p class=\"bodytext\">Som ett s\u00e4tt att kompensera f\u00f6r detta pris \u00e4r Meta enligt uppgift inst\u00e4lld p\u00e5 att inkludera sk\u00e4rmar med mycket h\u00f6gre uppl\u00f6sning med f\u00f6rb\u00e4ttrad \u00f6gon- och ansiktssp\u00e5rning. Inte bara det, men n\u00e4sta Meta-headset s\u00e4gs vara l\u00e4ttare \u00e4n <a href=\"http:\/\/www.notebookcheck.net\/Meta-Quest-3-New-standalone-VR-headset-debuts-with-40-thinner-design-pancake-lenses-and-2x-gaming-performance.723017.0.html\" target=\"_self\" class=\"internal-link\" rel=\"nofollow noopener\">Quest 3<\/a>som v\u00e4ger cirka 515 g. Potentiellt kommer Meta dock att uppn\u00e5 detta genom att avlasta vissa komponenter till ett externt &#8221;puck&#8221; -tillbeh\u00f6r. F\u00f6r n\u00e4rvarande kommer Meta att lansera sitt n\u00e4sta headset n\u00e4sta \u00e5r, med en riktig Quest 4 potentiellt f\u00f6r \u00e5ret efter.<\/p>\n<p><a href=\"\"><img decoding=\"async\" src=\"https:\/\/www.europesays.com\/se\/wp-content\/uploads\/2025\/11\/csm_alex_alderson_photo_98f8faaa46.jpg\" loading=\"lazy\" width=\"120\" height=\"120\" alt=\"Alex Alderson\"\/><\/a><a href=\"\"><img decoding=\"async\" src=\"https:\/\/www.europesays.com\/se\/wp-content\/uploads\/2025\/11\/1763336113_814_csm_ninh_duy_ee54bf9777.jpg\" loading=\"lazy\" width=\"120\" height=\"120\" alt=\"Ninh Duy\"\/><\/a>Translator: <a href=\"\" class=\"j_name\">Ninh Ngoc Duy<\/a> &#8211; Editorial Assistant  &#8211; 663404 articles published on Notebookcheck since 2008<\/p>\n<p>Alex Alderson,\u00a02025-11-26\u00a0(Update:\u00a02025-11-27)<\/p>\n","protected":false},"excerpt":{"rendered":"N\u00e4sta Meta-headset kan se ganska annorlunda ut \u00e4n det nuvarande Quest 3S, p\u00e5 bilden. (Bildk\u00e4lla: Meta) Mer information&hellip;\n","protected":false},"author":2,"featured_media":90746,"comment_status":"","ping_status":"","sticky":false,"template":"","format":"standard","meta":{"footnotes":""},"categories":[66],"tags":[7083,7084,2226,10348,10346,7085,10345,10349,80,78,79,34,31,33,32,30,81,84,83,82,3663,10347,7385],"class_list":{"0":"post-90745","1":"post","2":"type-post","3":"status-publish","4":"format-standard","5":"has-post-thumbnail","7":"category-vetenskap-och-teknik","8":"tag-barbar-dator","9":"tag-laptop","10":"tag-meta","11":"tag-meta-headset","12":"tag-meta-quest-4","13":"tag-notebook","14":"tag-oculus","15":"tag-quest-air-vr","16":"tag-science","17":"tag-science-and-technology","18":"tag-scienceandtechnology","19":"tag-se","20":"tag-svenska","21":"tag-sverige","22":"tag-sweden","23":"tag-swedish","24":"tag-technology","25":"tag-teknik","26":"tag-vetenskap","27":"tag-vetenskapteknik","28":"tag-virtual-reality","29":"tag-vr","30":"tag-vr-headset"},"share_on_mastodon":{"url":"https:\/\/pubeurope.com\/@se\/115619412392158015","error":""},"_links":{"self":[{"href":"https:\/\/www.europesays.com\/se\/wp-json\/wp\/v2\/posts\/90745","targetHints":{"allow":["GET"]}}],"collection":[{"href":"https:\/\/www.europesays.com\/se\/wp-json\/wp\/v2\/posts"}],"about":[{"href":"https:\/\/www.europesays.com\/se\/wp-json\/wp\/v2\/types\/post"}],"author":[{"embeddable":true,"href":"https:\/\/www.europesays.com\/se\/wp-json\/wp\/v2\/users\/2"}],"replies":[{"embeddable":true,"href":"https:\/\/www.europesays.com\/se\/wp-json\/wp\/v2\/comments?post=90745"}],"version-history":[{"count":0,"href":"https:\/\/www.europesays.com\/se\/wp-json\/wp\/v2\/posts\/90745\/revisions"}],"wp:featuredmedia":[{"embeddable":true,"href":"https:\/\/www.europesays.com\/se\/wp-json\/wp\/v2\/media\/90746"}],"wp:attachment":[{"href":"https:\/\/www.europesays.com\/se\/wp-json\/wp\/v2\/media?parent=90745"}],"wp:term":[{"taxonomy":"category","embeddable":true,"href":"https:\/\/www.europesays.com\/se\/wp-json\/wp\/v2\/categories?post=90745"},{"taxonomy":"post_tag","embeddable":true,"href":"https:\/\/www.europesays.com\/se\/wp-json\/wp\/v2\/tags?post=90745"}],"curies":[{"name":"wp","href":"https:\/\/api.w.org\/{rel}","templated":true}]}}