{"id":90836,"date":"2025-11-27T05:58:11","date_gmt":"2025-11-27T05:58:11","guid":{"rendered":"https:\/\/www.europesays.com\/se\/90836\/"},"modified":"2025-11-27T05:58:11","modified_gmt":"2025-11-27T05:58:11","slug":"insta360-slar-dji-i-lanseringen-av-den-forsta-360-dronaren-fore-ryktade-avata-360","status":"publish","type":"post","link":"https:\/\/www.europesays.com\/se\/90836\/","title":{"rendered":"Insta360 sl\u00e5r DJI i lanseringen av den f\u00f6rsta 360\u00b0-dr\u00f6naren f\u00f6re ryktade Avata 360"},"content":{"rendered":"<p>\t\t<a href=\"https:\/\/www.notebookcheck.se\/fileadmin\/Notebooks\/News\/_nc5\/antigarvity-a1-release-date-kv.jpg\" data-caption=\"Antigravity A1 med Insta360:s FPV-glas\u00f6gon och fj\u00e4rrkontroll. (Bildk\u00e4lla: Antigravity)\" rel=\"nofollow noopener\" target=\"_blank\"><img decoding=\"async\" src=\"https:\/\/www.europesays.com\/se\/wp-content\/uploads\/2025\/11\/csm_antigarvity-a1-release-date-kv_77e575e06f.jpg\" loading=\"lazy\" fetchpriority=\"high\" width=\"240\" height=\"180\" alt=\"Antigravity A1 med Insta360:s FPV-glas\u00f6gon och fj\u00e4rrkontroll. (Bildk\u00e4lla: Antigravity)\"\/><\/a>Antigravity A1 med Insta360:s FPV-glas\u00f6gon och fj\u00e4rrkontroll. (Bildk\u00e4lla: Antigravity)<\/p>\n<p>Det verkar som att Insta360 snart kommer att ta rygg p\u00e5 DJI, precis som man gjorde tidigare i \u00e5r med sin popul\u00e4ra actionkamera Insta360 X5. Med den f\u00f6rest\u00e5ende ankomsten av DJI Avata 360 har Insta360 nu bekr\u00e4ftat att Antigravity A1 trots allt kommer att lanseras f\u00f6re slutet av 2025.<\/p>\n<p class=\"bodytext\">Den framv\u00e4xande 360\u00b0 dr\u00f6narmarknaden v\u00e4rms upp, med Insta360 som nu har bekr\u00e4ftat lanseringsdatumet f\u00f6r den efterl\u00e4ngtade Antigravity A1. F\u00f6r att sammanfatta h\u00f6rde vi senast fr\u00e5n Antigravity A1 <a href=\"http:\/\/www.notebookcheck.net\/Insta360-Antigravity-A1-gets-ahead-of-rumoured-DJI-Mini-5-Pro-as-first-8K-360-degree-camera-drone.1086230.0.html\" target=\"_self\" class=\"internal-link\" rel=\"nofollow noopener\">i augusti<\/a> n\u00e4r Insta360 delade m\u00e5nga detaljer om sin f\u00f6rsta dr\u00f6nare. Vid den tiden h\u00e4vdade f\u00f6retaget att Antigravity A1 inte skulle vara tillg\u00e4nglig f\u00f6rr\u00e4n i januari 2026.<\/p>\n<p class=\"bodytext\">Sedan dess har det blivit uppenbart att DJI arbetar med ett alternativ. Baserat p\u00e5 <a href=\"http:\/\/www.notebookcheck.net\/DJI-Avata-360-rears-its-head-in-new-leaks-with-launch-pricing-and-release-date-rumoured.1168881.0.html\" target=\"_self\" class=\"internal-link\" rel=\"nofollow noopener\">senaste ryktena<\/a>hoppas DJI kunna presentera Avata 360 f\u00f6re \u00e5rets slut, delvis f\u00f6r att undvika ett \u00f6verh\u00e4ngande nytt f\u00f6rs\u00e4ljningsf\u00f6rbud i USA. Som referens f\u00f6rv\u00e4ntas Avata 360 utnyttja samma kamerah\u00e5rdvara som den senaste <a href=\"http:\/\/www.notebookcheck.net\/DJI-Osmo-360-DJI-s-first-ever-360-action-camera-launches-with-1-1-1-inch-CMOS-sensor-and-intelligent-tracking.1073861.0.html\" target=\"_self\" class=\"internal-link\" rel=\"nofollow noopener\">Osmo 360<\/a> <a href=\"https:\/\/www.amazon.com\/DJI-Standard-Imaging-Recording-Waterproof\/dp\/B0DTTZZ6Q3?tag=nbcnewsnet-20\" target=\"_blank\" rel=\"sponsored nofollow noopener\" class=\"external-link-new-window\">(curr. $ 357 p\u00e5 Amazon)<\/a>. Kanske av en tillf\u00e4llighet har Insta360 nu bekr\u00e4ftat att Antigravity A1 kommer att debutera n\u00e4sta vecka.<\/p>\n<p class=\"bodytext\">Som teasern nedan visar kommer Antigravity A1 officiellt den 4 december kl. 14:00 UTC. Huruvida det ocks\u00e5 \u00e4r det datum d\u00e5 dr\u00f6naren kommer att finnas tillg\u00e4nglig att k\u00f6pa \u00e5terst\u00e5r dock att se. \u00c4nd\u00e5 verkar det som att Antigravity A1 kommer att sl\u00e5 DJI Avata 360 f\u00f6r att sl\u00e4ppas i n\u00e5gon kapacitet. F\u00f6r n\u00e4rvarande \u00e4r Insta360 <a href=\"http:\/\/www.notebookcheck.net\/Antigravity-A1-Pricing-and-launch-packages-rumoured-for-Insta360-s-first-drone-release.1129865.0.html\" target=\"_self\" class=\"internal-link\" rel=\"nofollow noopener\">ryktas<\/a> att ha prissatt Antigravity A1 till cirka $ 999.<\/p>\n<p>\t<a href=\"\"><img decoding=\"async\" src=\"https:\/\/www.europesays.com\/se\/wp-content\/uploads\/2025\/11\/csm_alex_alderson_photo_98f8faaa46.jpg\" loading=\"lazy\" width=\"120\" height=\"120\" alt=\"Alex Alderson\"\/><\/a><a href=\"\"><img decoding=\"async\" src=\"https:\/\/www.europesays.com\/se\/wp-content\/uploads\/2025\/11\/1763336113_814_csm_ninh_duy_ee54bf9777.jpg\" loading=\"lazy\" width=\"120\" height=\"120\" alt=\"Ninh Duy\"\/><\/a>Translator: <a href=\"\" class=\"j_name\">Ninh Ngoc Duy<\/a> &#8211; Editorial Assistant  &#8211; 663404 articles published on Notebookcheck since 2008<\/p>\n<p>Alex Alderson,\u00a02025-11-26\u00a0(Update:\u00a02025-11-27)<\/p>\n","protected":false},"excerpt":{"rendered":"Antigravity A1 med Insta360:s FPV-glas\u00f6gon och fj\u00e4rrkontroll. (Bildk\u00e4lla: Antigravity) Det verkar som att Insta360 snart kommer att ta&hellip;\n","protected":false},"author":2,"featured_media":90837,"comment_status":"","ping_status":"","sticky":false,"template":"","format":"standard","meta":{"footnotes":""},"categories":[66],"tags":[10385,10387,7083,10389,3505,10386,10388,7084,7085,80,78,79,34,31,33,32,30,81,84,83,82],"class_list":{"0":"post-90836","1":"post","2":"type-post","3":"status-publish","4":"format-standard","5":"has-post-thumbnail","7":"category-vetenskap-och-teknik","8":"tag-antigravity","9":"tag-antigravity-a1","10":"tag-barbar-dator","11":"tag-dji-avata-360","12":"tag-dronare","13":"tag-insta360","14":"tag-insta360-antigravity-a1","15":"tag-laptop","16":"tag-notebook","17":"tag-science","18":"tag-science-and-technology","19":"tag-scienceandtechnology","20":"tag-se","21":"tag-svenska","22":"tag-sverige","23":"tag-sweden","24":"tag-swedish","25":"tag-technology","26":"tag-teknik","27":"tag-vetenskap","28":"tag-vetenskapteknik"},"share_on_mastodon":{"url":"https:\/\/pubeurope.com\/@se\/115620131977835768","error":""},"_links":{"self":[{"href":"https:\/\/www.europesays.com\/se\/wp-json\/wp\/v2\/posts\/90836","targetHints":{"allow":["GET"]}}],"collection":[{"href":"https:\/\/www.europesays.com\/se\/wp-json\/wp\/v2\/posts"}],"about":[{"href":"https:\/\/www.europesays.com\/se\/wp-json\/wp\/v2\/types\/post"}],"author":[{"embeddable":true,"href":"https:\/\/www.europesays.com\/se\/wp-json\/wp\/v2\/users\/2"}],"replies":[{"embeddable":true,"href":"https:\/\/www.europesays.com\/se\/wp-json\/wp\/v2\/comments?post=90836"}],"version-history":[{"count":0,"href":"https:\/\/www.europesays.com\/se\/wp-json\/wp\/v2\/posts\/90836\/revisions"}],"wp:featuredmedia":[{"embeddable":true,"href":"https:\/\/www.europesays.com\/se\/wp-json\/wp\/v2\/media\/90837"}],"wp:attachment":[{"href":"https:\/\/www.europesays.com\/se\/wp-json\/wp\/v2\/media?parent=90836"}],"wp:term":[{"taxonomy":"category","embeddable":true,"href":"https:\/\/www.europesays.com\/se\/wp-json\/wp\/v2\/categories?post=90836"},{"taxonomy":"post_tag","embeddable":true,"href":"https:\/\/www.europesays.com\/se\/wp-json\/wp\/v2\/tags?post=90836"}],"curies":[{"name":"wp","href":"https:\/\/api.w.org\/{rel}","templated":true}]}}