{"id":90904,"date":"2025-11-27T07:26:14","date_gmt":"2025-11-27T07:26:14","guid":{"rendered":"https:\/\/www.europesays.com\/se\/90904\/"},"modified":"2025-11-27T07:26:14","modified_gmt":"2025-11-27T07:26:14","slug":"stranger-things-premiaren-fick-netflix-att-krascha","status":"publish","type":"post","link":"https:\/\/www.europesays.com\/se\/90904\/","title":{"rendered":"Stranger Things-premi\u00e4ren fick Netflix att krascha"},"content":{"rendered":"<p>Intresset var s\u00e5 stort n\u00e4r den femte och sista s\u00e4songen av Stranger Things hade premi\u00e4r i natt p\u00e5 Netflix att streamingtj\u00e4nsten kraschade. Det rapporterar The Hollywood Reporter.<\/p>\n<p>Avsnitten sl\u00e4pptes kl 20.00 p\u00e5 \u00f6stkusten i USA \u2013 02.00 i natt, svensk tid \u2013 men m\u00e5nga som f\u00f6rs\u00f6kte titta p\u00e5 science fiction-serien m\u00f6ttes allts\u00e5 av felmeddelanden.<\/p>\n<p>\u201dVissa medlemmar drabbades av problem med str\u00f6mning till vissa tv-enheter, men tj\u00e4nsten kom tillbaka till alla anv\u00e4ndare inom fem minuter\u201d, sa Netflix i ett uttalande till tidningen.<\/p>\n<p>Samtidigt hade Netflix f\u00f6rutsp\u00e5tt att problem skulle uppst\u00e5. \u201dNetflix \u00f6kade bandbredden med 30 procent f\u00f6r att undvika en krasch\u201d, skriver seriens skapare Ross Duffer p\u00e5 Instagram.<\/p>\n<p>Omni \u00e4r politiskt obundna och oberoende. Vi str\u00e4var efter att ge fler perspektiv p\u00e5 nyheterna. Har du fr\u00e5gor eller synpunkter kring v\u00e5r rapportering? <a href=\"https:\/\/omni.se\/stranger-things-premiaren-fick-netflix-att-krascha\/a\/mailto:redaktion@omni.se\" class=\"ArticleActions_contactLink__W2F1M\" rel=\"nofollow noopener\" target=\"_blank\">Kontakta redaktionen<\/a><\/p>\n","protected":false},"excerpt":{"rendered":"Intresset var s\u00e5 stort n\u00e4r den femte och sista s\u00e4songen av Stranger Things hade premi\u00e4r i natt p\u00e5&hellip;\n","protected":false},"author":2,"featured_media":90905,"comment_status":"","ping_status":"","sticky":false,"template":"","format":"standard","meta":{"footnotes":""},"categories":[67],"tags":[104,168,2399,34,1702,31,33,32,30,105],"class_list":{"0":"post-90904","1":"post","2":"type-post","3":"status-publish","4":"format-standard","5":"has-post-thumbnail","7":"category-underhallning","8":"tag-entertainment","9":"tag-film-tv","10":"tag-netflix","11":"tag-se","12":"tag-streaming","13":"tag-svenska","14":"tag-sverige","15":"tag-sweden","16":"tag-swedish","17":"tag-underhallning"},"share_on_mastodon":{"url":"https:\/\/pubeurope.com\/@se\/115620477844837817","error":""},"_links":{"self":[{"href":"https:\/\/www.europesays.com\/se\/wp-json\/wp\/v2\/posts\/90904","targetHints":{"allow":["GET"]}}],"collection":[{"href":"https:\/\/www.europesays.com\/se\/wp-json\/wp\/v2\/posts"}],"about":[{"href":"https:\/\/www.europesays.com\/se\/wp-json\/wp\/v2\/types\/post"}],"author":[{"embeddable":true,"href":"https:\/\/www.europesays.com\/se\/wp-json\/wp\/v2\/users\/2"}],"replies":[{"embeddable":true,"href":"https:\/\/www.europesays.com\/se\/wp-json\/wp\/v2\/comments?post=90904"}],"version-history":[{"count":0,"href":"https:\/\/www.europesays.com\/se\/wp-json\/wp\/v2\/posts\/90904\/revisions"}],"wp:featuredmedia":[{"embeddable":true,"href":"https:\/\/www.europesays.com\/se\/wp-json\/wp\/v2\/media\/90905"}],"wp:attachment":[{"href":"https:\/\/www.europesays.com\/se\/wp-json\/wp\/v2\/media?parent=90904"}],"wp:term":[{"taxonomy":"category","embeddable":true,"href":"https:\/\/www.europesays.com\/se\/wp-json\/wp\/v2\/categories?post=90904"},{"taxonomy":"post_tag","embeddable":true,"href":"https:\/\/www.europesays.com\/se\/wp-json\/wp\/v2\/tags?post=90904"}],"curies":[{"name":"wp","href":"https:\/\/api.w.org\/{rel}","templated":true}]}}