{"id":90912,"date":"2025-11-27T07:36:27","date_gmt":"2025-11-27T07:36:27","guid":{"rendered":"https:\/\/www.europesays.com\/se\/90912\/"},"modified":"2025-11-27T07:36:27","modified_gmt":"2025-11-27T07:36:27","slug":"bolan-i-riksbankens-toppskikt-nu-gar-det-nerat","status":"publish","type":"post","link":"https:\/\/www.europesays.com\/se\/90912\/","title":{"rendered":"Bol\u00e5n i Riksbankens toppskikt \u2013 nu g\u00e5r det ner\u00e5t"},"content":{"rendered":"<p><a href=\"https:\/\/www.realtid.se\/spara-placera\/riksbankschefernas-rantor-lagre-an-snittet\/\" rel=\"nofollow noopener\" target=\"_blank\">Realtid rapporterade tidigare att samtliga chefer i Riksbankens ledning valt r\u00f6rliga l\u00e5n<\/a>, och att deras r\u00e4ntor d\u00e5 varierade mellan 2,64 och 3,04 procent enligt Zmartas ber\u00e4kningar. <\/p>\n<p>Vid den tidpunkten framkom ocks\u00e5 att endast tv\u00e5 av dem amorterar regelbundet, samt att riksbankschef <strong>Erik Thed\u00e9en<\/strong> har den l\u00e4gsta totala skulds\u00e4ttningen i gruppen och d\u00e5 hade 2,5 procent p\u00e5 ett av sina l\u00e5n.<\/p>\n<p><strong>Missa inte: <\/strong><a href=\"https:\/\/www.realtid.se\/bors-finans\/storbanken-detta-kan-skaka-om-varldsekonomin-nasta-ar\/\" rel=\"nofollow noopener\" target=\"_blank\">Storbanken: V\u00e4rldsekonomin riskerar att skakas om n\u00e4sta \u00e5r. Realtid. <\/a><\/p>\n<p>R\u00e4ntorna faller ytterligare<\/p>\n<p>Nu rapporterar <a href=\"https:\/\/www.svd.se\/a\/Wvl81d\/erik-thedeen-har-lagre-ranta-an-de-andra-riksbankscheferna\" rel=\"nofollow noopener\" target=\"_blank\">SvD <\/a>att riksbankstopparnas snittr\u00e4ntor i december v\u00e4ntas ligga mellan 2,19 och 2,66 procent, enligt Zmartas ber\u00e4kningar. L\u00e4gst ligger vice riksbankschef <strong>Anna Seim,<\/strong> f\u00f6ljd av Thed\u00e9en. <\/p>\n<p>Majoriteten av ledam\u00f6terna ligger d\u00e4rmed under den r\u00f6rliga snittr\u00e4ntan f\u00f6r omf\u00f6rhandlade l\u00e5n p\u00e5 marknaden.<\/p>\n<p>Zmarta-ekonomen <strong>Ola S\u00f6derlind <\/strong>konstaterar att de f\u00f6rm\u00e5nliga r\u00e4ntorna \u00e4r v\u00e4ntade, eftersom riksbankscheferna b\u00e5de har h\u00f6ga inkomster och stora bostadsl\u00e5n, samtidigt som deras bel\u00e5ningsgrad \u00e4r l\u00e5g i relation till bostadsv\u00e4rdet.<\/p>\n<p>SvD uppger \u00e4ven att f\u00f6rste vice riksbankschef <strong>Aino Bunge<\/strong> har st\u00f6rst bol\u00e5n, n\u00e4ra 8,7 miljoner kronor, och \u00e4r ensam om att ha f\u00e5tt h\u00f6jd snittr\u00e4nta efter att ett bundet l\u00e5n l\u00f6pte ut.<\/p>\n<p><strong>L\u00e4s \u00e4ven: <\/strong><a href=\"https:\/\/www.realtid.se\/bors-finans\/bank-fintech\/bankchefen-norden-mot-historisk-tillvaxtboom\/\" rel=\"nofollow noopener\" target=\"_blank\">Bankj\u00e4tten: Norden mot historisk tillv\u00e4xtboom. Realtid<\/a><\/p>\n","protected":false},"excerpt":{"rendered":"Realtid rapporterade tidigare att samtliga chefer i Riksbankens ledning valt r\u00f6rliga l\u00e5n, och att deras r\u00e4ntor d\u00e5 varierade&hellip;\n","protected":false},"author":2,"featured_media":90913,"comment_status":"","ping_status":"","sticky":false,"template":"","format":"standard","meta":{"footnotes":""},"categories":[65],"tags":[2751,72,70,71,1689,327,34,31,33,32,30],"class_list":{"0":"post-90912","1":"post","2":"type-post","3":"status-publish","4":"format-standard","5":"has-post-thumbnail","7":"category-ekonomi","8":"tag-bolan","9":"tag-business","10":"tag-economy","11":"tag-ekonomi","12":"tag-rantor","13":"tag-riksbanken","14":"tag-se","15":"tag-svenska","16":"tag-sverige","17":"tag-sweden","18":"tag-swedish"},"share_on_mastodon":{"url":"https:\/\/pubeurope.com\/@se\/115620517181577736","error":""},"_links":{"self":[{"href":"https:\/\/www.europesays.com\/se\/wp-json\/wp\/v2\/posts\/90912","targetHints":{"allow":["GET"]}}],"collection":[{"href":"https:\/\/www.europesays.com\/se\/wp-json\/wp\/v2\/posts"}],"about":[{"href":"https:\/\/www.europesays.com\/se\/wp-json\/wp\/v2\/types\/post"}],"author":[{"embeddable":true,"href":"https:\/\/www.europesays.com\/se\/wp-json\/wp\/v2\/users\/2"}],"replies":[{"embeddable":true,"href":"https:\/\/www.europesays.com\/se\/wp-json\/wp\/v2\/comments?post=90912"}],"version-history":[{"count":0,"href":"https:\/\/www.europesays.com\/se\/wp-json\/wp\/v2\/posts\/90912\/revisions"}],"wp:featuredmedia":[{"embeddable":true,"href":"https:\/\/www.europesays.com\/se\/wp-json\/wp\/v2\/media\/90913"}],"wp:attachment":[{"href":"https:\/\/www.europesays.com\/se\/wp-json\/wp\/v2\/media?parent=90912"}],"wp:term":[{"taxonomy":"category","embeddable":true,"href":"https:\/\/www.europesays.com\/se\/wp-json\/wp\/v2\/categories?post=90912"},{"taxonomy":"post_tag","embeddable":true,"href":"https:\/\/www.europesays.com\/se\/wp-json\/wp\/v2\/tags?post=90912"}],"curies":[{"name":"wp","href":"https:\/\/api.w.org\/{rel}","templated":true}]}}