{"id":90916,"date":"2025-11-27T07:39:08","date_gmt":"2025-11-27T07:39:08","guid":{"rendered":"https:\/\/www.europesays.com\/se\/90916\/"},"modified":"2025-11-27T07:39:08","modified_gmt":"2025-11-27T07:39:08","slug":"vitt-snus-alltmer-populart-bland-svenskarna","status":"publish","type":"post","link":"https:\/\/www.europesays.com\/se\/90916\/","title":{"rendered":"Vitt snus alltmer popul\u00e4rt bland svenskarna"},"content":{"rendered":"<p>Svenskarnas anv\u00e4ndande av s\u00e5 kallat vitt snus forts\u00e4tter att \u00f6ka. Det visar en ny rapport fr\u00e5n Centralf\u00f6rbundet f\u00f6r alkohol- och narkotikaupplysning (CAN), skriver TT. <\/p>\n<p>Enligt CAN \u00f6kade konsumtionen med 20 procent mellan 2023 och 2024. Rapporten redovisar skatteint\u00e4kterna f\u00f6r tobaks- och nikotinprodukter och visar att ungef\u00e4r 221 miljoner dosor vitt snus s\u00e5ldes i fjol. F\u00f6rs\u00e4ljningen f\u00f6r det vita snuset har redovisats sedan 2021 och har sedan dess \u00f6kat rej\u00e4lt.<\/p>\n<p>\u2013 Det har n\u00e4stan skett en tredubbling under den perioden, s\u00e4ger CAN:s forskningsansvarige Mats Ramstedt till TT.<\/p>\n<p>Omni \u00e4r politiskt obundna och oberoende. Vi str\u00e4var efter att ge fler perspektiv p\u00e5 nyheterna. Har du fr\u00e5gor eller synpunkter kring v\u00e5r rapportering? <a href=\"https:\/\/omni.se\/vitt-snus-alltmer-populart-bland-svenskarna\/a\/mailto:redaktion@omni.se\" class=\"ArticleActions_contactLink__W2F1M\" rel=\"nofollow noopener\" target=\"_blank\">Kontakta redaktionen<\/a><\/p>\n","protected":false},"excerpt":{"rendered":"Svenskarnas anv\u00e4ndande av s\u00e5 kallat vitt snus forts\u00e4tter att \u00f6ka. Det visar en ny rapport fr\u00e5n Centralf\u00f6rbundet f\u00f6r&hellip;\n","protected":false},"author":2,"featured_media":90917,"comment_status":"","ping_status":"","sticky":false,"template":"","format":"standard","meta":{"footnotes":""},"categories":[5],"tags":[22,23,5375,26,27,17,21,24,25,28,29,15,16,18,34,31,33,32,30,19,20],"class_list":{"0":"post-90916","1":"post","2":"type-post","3":"status-publish","4":"format-standard","5":"has-post-thumbnail","7":"category-rubriker","8":"tag-breaking-news","9":"tag-breakingnews","10":"tag-centralforbundet-for-alkohol-och-narkotikaupplysning","11":"tag-featured-news","12":"tag-featurednews","13":"tag-headlines","14":"tag-huvudnyheter","15":"tag-latest-news","16":"tag-latestnews","17":"tag-main-news","18":"tag-mainnews","19":"tag-news","20":"tag-nyheter","21":"tag-rubriker","22":"tag-se","23":"tag-svenska","24":"tag-sverige","25":"tag-sweden","26":"tag-swedish","27":"tag-top-stories","28":"tag-topstories"},"share_on_mastodon":{"url":"https:\/\/pubeurope.com\/@se\/115620528977182164","error":""},"_links":{"self":[{"href":"https:\/\/www.europesays.com\/se\/wp-json\/wp\/v2\/posts\/90916","targetHints":{"allow":["GET"]}}],"collection":[{"href":"https:\/\/www.europesays.com\/se\/wp-json\/wp\/v2\/posts"}],"about":[{"href":"https:\/\/www.europesays.com\/se\/wp-json\/wp\/v2\/types\/post"}],"author":[{"embeddable":true,"href":"https:\/\/www.europesays.com\/se\/wp-json\/wp\/v2\/users\/2"}],"replies":[{"embeddable":true,"href":"https:\/\/www.europesays.com\/se\/wp-json\/wp\/v2\/comments?post=90916"}],"version-history":[{"count":0,"href":"https:\/\/www.europesays.com\/se\/wp-json\/wp\/v2\/posts\/90916\/revisions"}],"wp:featuredmedia":[{"embeddable":true,"href":"https:\/\/www.europesays.com\/se\/wp-json\/wp\/v2\/media\/90917"}],"wp:attachment":[{"href":"https:\/\/www.europesays.com\/se\/wp-json\/wp\/v2\/media?parent=90916"}],"wp:term":[{"taxonomy":"category","embeddable":true,"href":"https:\/\/www.europesays.com\/se\/wp-json\/wp\/v2\/categories?post=90916"},{"taxonomy":"post_tag","embeddable":true,"href":"https:\/\/www.europesays.com\/se\/wp-json\/wp\/v2\/tags?post=90916"}],"curies":[{"name":"wp","href":"https:\/\/api.w.org\/{rel}","templated":true}]}}