{"id":90926,"date":"2025-11-27T07:49:07","date_gmt":"2025-11-27T07:49:07","guid":{"rendered":"https:\/\/www.europesays.com\/se\/90926\/"},"modified":"2025-11-27T07:49:07","modified_gmt":"2025-11-27T07:49:07","slug":"skidakaren-simon-claesson-var-nara-att-do","status":"publish","type":"post","link":"https:\/\/www.europesays.com\/se\/90926\/","title":{"rendered":"Skid\u00e5karen Simon Claesson var n\u00e4ra att d\u00f6"},"content":{"rendered":"<p><img   alt=\"\"\/><\/p>\n<p>Simon Claesson \u00e5terv\u00e4nder till t\u00e4vling ett och ett halvt \u00e5r efter en livshotande olycka.<\/p>\n<p>Foto: MAXIM THOR\u00c9 \/ BILDBYR\u00c5N<\/p>\n<p>\u00d6ppna bild i helsk\u00e4rmArtikeln i korthet <\/p>\n<p> 21-\u00e5riga skid\u00e5karen Simon Claesson \u00e5terv\u00e4nder till t\u00e4vling 19 m\u00e5nader efter en livshotande olycka.<\/p>\n<p> Han \u00f6verlevde sju hj\u00e4rnbl\u00f6dningar, krossat skallben och l\u00e5ng rehabilitering.<\/p>\n<p> Comebacken handlar om gl\u00e4dje, envishet och att aldrig ge upp.<\/p>\n<p>Visa mer<\/p>\n<p>Vassara\u00e4lven har sedan l\u00e4nge tagit \u00e5rets sista andetag och frusit f\u00f6r vintern. G\u00e4llivare \u00e4r precis som man t\u00e4nker sig att G\u00e4llivare ska vara i slutet av november.\u00a0<\/p>\n<p>Ett glittrande, sn\u00f6igt vykort n\u00e5gra f\u00e5 timmar om dagen. Iskallt och becksvart resten av dygnet.<\/p>\n<p>I en r\u00f6d campingstuga sitter Simon Claesson, 21, och tittar ut \u00f6ver den frusna \u00e4lven. I morgon startar det nationella premi\u00e4ren. En viktig t\u00e4vling f\u00f6r m\u00e5nga, men f\u00f6r Simon \u00e4r den n\u00e5got helt annat.<\/p>\n<p>Han ska \u00e4ntligen f\u00e5 g\u00f6ra n\u00e5got han v\u00e4ntat p\u00e5 i \u00f6ver ett och ett halvt \u00e5r.<\/p>\n<p>\u2013 Jag k\u00e4nner bara gl\u00e4dje i kroppen. Fy fan vad sk\u00f6nt det \u00e4r. F\u00f6rl\u00e5t att jag sv\u00e4r.<\/p>\n<p><strong>Du f\u00e5r sv\u00e4ra hur mycket du vill.<\/strong><\/p>\n<p>\u2013 Det \u00e4r ju s\u00e5 jag k\u00e4nner. F\u00f6rra \u00e5ret var jag inte n\u00e4ra att g\u00f6ra n\u00e5got s\u00e5nt h\u00e4r. Kroppen fungerade inte tillr\u00e4ckligt bra d\u00e5.<\/p>\n<p><strong>Trodde du helt \u00e4rligt att du skulle vara h\u00e4r i dag?<\/strong><\/p>\n<p>\u2013 I mitt huvud har det inte funnits n\u00e5got annat. Det enda jag har gjort i hela mitt liv \u00e4r att \u00e5ka l\u00e4ngdskidor. Jag ska tillbaka. Jag ska \u00e5ka igen.<\/p>\n<p><img loading=\"lazy\"   alt=\"\"\/><\/p>\n<p>Simon Claesson t\u00e4vlade alla tre dagar i G\u00e4llivare.<\/p>\n<p>Foto: MAXIM THORE \/ BILDBYR\u00c5N<\/p>\n<p>\u00d6ppna bild i helsk\u00e4rm<img loading=\"lazy\"   alt=\"\"\/><\/p>\n<p>Redan till helgen \u00e4r det t\u00e4vlingsdags igen, d\u00e5 i Boden.<\/p>\n<p>Foto: MAXIM THORE \/ BILDBYR\u00c5N<\/p>\n<p>\u00d6ppna bild i helsk\u00e4rm<\/p>\n<p>Klockan \u00e4r bara kvart \u00f6ver ett men solen \u00e4r redan p\u00e5 v\u00e4g ner.<\/p>\n<p>N\u00e4r den g\u00e5r upp igen ska Simon Claesson k\u00f6ra ett t\u00e4vlingslopp igen \u2013 19 m\u00e5nader och fyra dagar efter olyckan som kunde avslutat hans liv.\u00a0<\/p>\n<p>Har inte m\u00e5nga minnen fr\u00e5n kv\u00e4llen\u00a0<\/p>\n<p>Det \u00e4r mitten av april 2024 och bakom sig har Simon Claesson sitt livs b\u00e4sta vinter.<\/p>\n<p>Han har vunnit sitt f\u00f6rsta lopp i den nationella juniorcupen och p\u00e5 JSM \u00e4r han n\u00e4ra att ta medalj i sprinten, men kroknar p\u00e5 upploppet och slutar fyra.\u00a0<\/p>\n<p>Om n\u00e5gra veckor ska Simon ta studenten. Men f\u00f6rst ska han och n\u00e5gra klasskompisar fira att s\u00e4songen \u00e4r \u00f6ver. Precis som varje \u00e5r samlas skid\u00e5kare fr\u00e5n hela landet i Bruksvallarna f\u00f6r en rej\u00e4l avslutningsfest.<\/p>\n<p>Redan i bilen p\u00e5 v\u00e4g upp till fj\u00e4llen s\u00e4tter f\u00f6rfesten i g\u00e5ng.\u00a0<\/p>\n<p>\u2013 Alla utom f\u00f6raren b\u00f6rjade dricka. N\u00e4r vi kom upp till stugan d\u00e4r vi skulle bo&#8230; d\u00e5 gick det mer utf\u00f6r.<\/p>\n<p><strong>Utf\u00f6r som att ni drack mer?<\/strong><\/p>\n<p>\u2013 Ja, alldeles f\u00f6r mycket.<\/p>\n<p>Simon blir tyst. Han har inte m\u00e5nga minnen fr\u00e5n den h\u00e4r kv\u00e4llen, men det han kommer ih\u00e5g \u00e4r sv\u00e5rt att formulera i ord.<\/p>\n<p>\u2013 Det h\u00e4r tycker jag \u00e4r j\u00e4ttejobbigt att prata om. Det \u00e4r j\u00e4ttek\u00e4nsligt.\u00a0<\/p>\n<p><img loading=\"lazy\"   alt=\"\"\/><\/p>\n<p>Simon bor numera i Falun och studerar grafisk design p\u00e5 h\u00f6gskola.<\/p>\n<p>Foto: MAXIM THOR\u00c9 \/ BILDBYR\u00c5N<\/p>\n<p>\u00d6ppna bild i helsk\u00e4rm<\/p>\n<p>Simon vet inte hur det g\u00e5r till, men han och n\u00e5gra kompisar best\u00e4mmer sig f\u00f6r att avsluta festkv\u00e4llen uppe i en av alpinanl\u00e4ggningens brantaste backar.\u00a0<\/p>\n<p>N\u00e4r de ska g\u00e5 ner igen f\u00f6r\u00e4ndras hans liv f\u00f6r alltid.<\/p>\n<p>Annons<\/p>\n<p>\u2013 Jag kommer ih\u00e5g att jag har en spade i handen eftersom det var s\u00e5 halt. Jag t\u00e4nkte att jag skulle g\u00e5 mellan tr\u00e4den vid sidan av backen. Det var d\u00e5 jag ramlade.<\/p>\n<p>N\u00e4r kompisarna kommer ner m\u00e4rker de att Simon \u00e4r borta. De ropar efter honom men f\u00e5r inget svar.<\/p>\n<p>Det visar sig att han ligger i mitten av backen med ett krossat skallben och kramar ett tr\u00e4d. Han har blod i ansiktet och andas tungt.<\/p>\n<p>En av kompisarna b\u00f6rjar g\u00f6ra hj\u00e4rt- och lungr\u00e4ddning. En annan ringer 112. Knappt tv\u00e5 timmar senare ligger Simon i en ambulanshelikopter.\u00a0<\/p>\n<p>Operationen riskerade Simons liv\u00a0<\/p>\n<p>P\u00e5 sjukhuset i \u00d6stersund hittar l\u00e4karna sju hj\u00e4rnbl\u00f6dningar, flera sprickor i skallbenet och en bruten nacke. Simon f\u00f6rs omedelbart vidare till regionsjukhuset i Ume\u00e5.\u00a0<\/p>\n<p>D\u00e4r opereras han flera g\u00e5nger om innan l\u00e4karna tar beslutet om att genomf\u00f6ra en operation som riskerar Simons liv. Han ska f\u00e5 ett nytt skallben.<\/p>\n<p><img loading=\"lazy\"   alt=\"\"\/><\/p>\n<p>Simon Claesson tillsammans med sin pappa i m\u00e5lomr\u00e5det efter comebacken.<\/p>\n<p>Foto: MAXIM THORE \/ BILDBYR\u00c5N<\/p>\n<p>\u00d6ppna bild i helsk\u00e4rm<\/p>\n<p>Simons f\u00f6r\u00e4ldrar och syster reser upp till Ume\u00e5. D\u00e4r finns ocks\u00e5 hans d\u00e5varande flickv\u00e4n och tv\u00e5 av v\u00e4nnerna som var med under festkv\u00e4llen i Bruksvallarna.\u00a0<\/p>\n<p>\u2013 De har varit otroligt st\u00f6ttande hela v\u00e4gen. Jag \u00e4r v\u00e4ldigt tacksam f\u00f6r att de var d\u00e4r. Det v\u00e4rmer mig, s\u00e4ger Simon i dag.<\/p>\n<p>Operationen lyckas, men Simon h\u00e5lls fortfarande neds\u00f6vd. Efter en vecka flyttas han till Sahlgrenska Universitetssjukhuset i G\u00f6teborg och sedan vidare till sjukhuset i Halmstad.<\/p>\n<p>Det \u00e4r d\u00e4r han till slut vaknar och s\u00e4ger sina f\u00f6rsta ord.<\/p>\n<p>\u2013 \u201dKeep on walking\u201d. Jag har ingen aning varf\u00f6r jag sa just s\u00e5, men det var det f\u00f6rsta som kom ur min mun.<\/p>\n<p>Han har \u00f6verlevt mot alla odds.<\/p>\n<p>\u2013 Jag fick h\u00f6ra att jag inte varit vid liv om jag inte hade varit en v\u00e4ltr\u00e4nad skid\u00e5kare. L\u00e4karna tycker att det \u00e4r helt sjukt. De trodde att jag inte skulle kunna r\u00f6ra mig fr\u00e5n nacken och ner\u00e5t.<\/p>\n<p>Efter en tid f\u00e5r Simon komma upp ur s\u00e4ngen, men det g\u00e5r inget vidare. Han \u00e4r orkesl\u00f6s och utan balans. F\u00f6r\u00e4ldrarna f\u00e5r k\u00f6ra runt honom i rullstol i sjukhuskorridorerna.<\/p>\n<p>\u2013 Jag kunde varken st\u00e5 upp eller g\u00e5. Jag beh\u00f6vde hj\u00e4lp f\u00f6r att kunna g\u00e5 p\u00e5 toa, annars ramlade jag bara ihop.<\/p>\n<p><img loading=\"lazy\"   alt=\"\"\/><\/p>\n<p>Claesson l\u00e5g p\u00e5 fyra olika sjukhus innan han skrevs ut.<\/p>\n<p>Foto: Privat<\/p>\n<p>\u00d6ppna bild i helsk\u00e4rm<img loading=\"lazy\"   alt=\"\"\/><\/p>\n<p>Han l\u00e5g neds\u00f6vd i flera veckor.<\/p>\n<p>Foto: Privat<\/p>\n<p>\u00d6ppna bild i helsk\u00e4rm<img loading=\"lazy\"   alt=\"\"\/><\/p>\n<p>Claesson fick ett nytt skallben efter en sex timmar l\u00e5ng operation.<\/p>\n<p>Foto: Privat<\/p>\n<p>\u00d6ppna bild i helsk\u00e4rm<img loading=\"lazy\"   alt=\"\"\/><\/p>\n<p>Skid\u00e5karen \u00f6verlevde mot alla odds.<\/p>\n<p>Foto: Privat<\/p>\n<p>\u00d6ppna bild i helsk\u00e4rmTillbringade m\u00e5nader p\u00e5 sjukhus<\/p>\n<p>Rehabiliteringen g\u00e5r l\u00e5ngsamt fram\u00e5t. Rullstolen byts ut mot rullator. Efter flera m\u00e5nader p\u00e5 sjukhus skrivs Simon ut fr\u00e5n sjukhuset och f\u00e5r komma hem till f\u00f6r\u00e4ldrahemmet i Falkenberg.<\/p>\n<p>Annons<\/p>\n<p>Han har problem med motoriken. F\u00f6rst kan han inte styra v\u00e4nstra halvan av kroppen \u2013 sedan \u00e4r den h\u00f6gra sidan som l\u00e4gger av.<\/p>\n<p>F\u00f6r att l\u00e4ra sig att kontrollera kroppen igen f\u00e5r Simon i uppgift att laga enklare matr\u00e4tter. F\u00f6rsta uppgiften \u00e4r pasta pesto.<\/p>\n<p>\u2013 Egentligen \u00e4r det inte j\u00e4ttesv\u00e5rt, men det gick f\u00f6rst inte att sk\u00e4ra l\u00f6k med handen. Fast jag lyckades att koka pastan, sl\u00e4nga p\u00e5 lite pesto och bacon. Till slut fick jag i l\u00f6ken med. Det blev j\u00e4ttegott.<\/p>\n<p>I november 2024, \u00e5tta m\u00e5nader efter olyckan, \u00e4r Simon tillbaka p\u00e5 rullskidbanan i Falun och tr\u00e4nar bland landslags\u00e5kare. Ett \u00e5r senare \u00e4r han redo att t\u00e4vla igen.\u00a0<\/p>\n<p><img loading=\"lazy\"   alt=\"\"\/><\/p>\n<p>Rehabiliteringen g\u00e5r l\u00e5ngsamt fram\u00e5t&#8230;<\/p>\n<p>Foto: Privat<\/p>\n<p>\u00d6ppna bild i helsk\u00e4rm<img loading=\"lazy\"   alt=\"\"\/><\/p>\n<p>&#8230;och Simon f\u00e5r k\u00e4mpa f\u00f6r att f\u00e5 tillbaka motoriken.<\/p>\n<p>Foto: Privat<\/p>\n<p>\u00d6ppna bild i helsk\u00e4rm<\/p>\n<p>Motoriken och r\u00f6rligheten \u00e4r tillbaka, men huvudet orkar inte alltid med i tempot.<\/p>\n<p>\u2013 Jag k\u00e4nner av hj\u00e4rntr\u00f6ttheten n\u00e4r det blir f\u00f6r mycket. D\u00e5 blir allt bara en s\u00f6rja i huvudet och det blir inte s\u00e5 tydligt f\u00f6r andra att f\u00f6rst\u00e5 vad jag menar n\u00e4r jag pratar.<\/p>\n<p><strong>Det m\u00e5ste ha varit en traumatisk upplevelse f\u00f6r dina kompisar som var med n\u00e4r du skadades. Pratar ni om det ni varit med om?<\/strong><\/p>\n<p>\u2013 Nej, vi pratar inte s\u00e5 mycket om det. Jag har tyckt att det har varit en j\u00e4ttejobbig grej att snacka om, s\u00e5 jag har v\u00e4l inte varit s\u00e5 inbjudande till det.\u00a0<\/p>\n<p>I stugan intill sitter Simons klubbkompisar i Ulricehamn och v\u00e4ntar p\u00e5 honom. I morgon \u00e4r det dags f\u00f6r s\u00e4songens f\u00f6rsta t\u00e4vling, sprint under nationella premi\u00e4ren i G\u00e4llivare. Han \u00e4r lite nerv\u00f6s inf\u00f6r comebacken, men mest f\u00f6rv\u00e4ntansfull.<\/p>\n<p>\u2013 Nu vill jag bara fullf\u00f6lja s\u00e4songen och k\u00e4nna att jag gjort mitt b\u00e4sta. F\u00f6rhoppningsvis motiverar det mig att forts\u00e4tta utvecklas och bli duktig.\u00a0<\/p>\n<p><strong>Har du aldrig varit f\u00f6r r\u00e4dd f\u00f6r hur illa den h\u00e4r historien hade kunnat sluta?\u00a0<\/strong><\/p>\n<p>\u2013 Jag har f\u00f6rs\u00f6kt att inte gr\u00e4va ner mig s\u00e5 mycket i hur det hade kunnat g\u00e5, utan i st\u00e4llet bara g\u00f6ra det b\u00e4sta av situationen.\u00a0<\/p>\n<p>Simon ler.<\/p>\n<p>\u2013 Jag har aldrig tyckt om att klaga.\u00a0<\/p>\n<p><img loading=\"lazy\"   alt=\"\"\/><\/p>\n<p>Reporter Philip Gadd tr\u00e4ffar Simon Claesson i stugan i G\u00e4llivare.<\/p>\n<p>Foto: MAXIM THOR\u00c9 \/ BILDBYR\u00c5N<\/p>\n<p>\u00d6ppna bild i helsk\u00e4rmClaesson: \u201dFruktansv\u00e4rt roligt\u201d\u00a0<\/p>\n<p>N\u00e4sta dag startar Simon Claesson sist av de 139 anm\u00e4lda \u00e5karna i sprintkvalet.<\/p>\n<p>Han g\u00e5r i m\u00e5l p\u00e5 126:e plats och \u00e4r 20 sekunder fr\u00e5n att g\u00e5 vidare till kvartsfinal. Men det spelar ingen som helst roll.<\/p>\n<p>\u2013 Det h\u00e4r var v\u00e4ldigt, v\u00e4ldigt jobbigt.<\/p>\n<p>Simon pustar ut och kramar om sin pappa.<\/p>\n<p>\u2013 Men ocks\u00e5 fruktansv\u00e4rt roligt.<\/p>\n<p><a href=\"https:\/\/livesport.expressen.se\/skidsport\" rel=\"nofollow noopener\" target=\"_blank\">Se premi\u00e4ren av Sverigecupen direkt p\u00e5 Expressen fredag-s\u00f6ndag<\/a>.<\/p>\n","protected":false},"excerpt":{"rendered":"Simon Claesson \u00e5terv\u00e4nder till t\u00e4vling ett och ett halvt \u00e5r efter en livshotande olycka. Foto: MAXIM THOR\u00c9 \/&hellip;\n","protected":false},"author":2,"featured_media":90927,"comment_status":"","ping_status":"","sticky":false,"template":"","format":"standard","meta":{"footnotes":""},"categories":[68],"tags":[34,857,111,110,31,33,32,30],"class_list":{"0":"post-90926","1":"post","2":"type-post","3":"status-publish","4":"format-standard","5":"has-post-thumbnail","7":"category-sport","8":"tag-se","9":"tag-sections-langdskidor","10":"tag-sport","11":"tag-sports","12":"tag-svenska","13":"tag-sverige","14":"tag-sweden","15":"tag-swedish"},"share_on_mastodon":{"url":"https:\/\/pubeurope.com\/@se\/115620568340704199","error":""},"_links":{"self":[{"href":"https:\/\/www.europesays.com\/se\/wp-json\/wp\/v2\/posts\/90926","targetHints":{"allow":["GET"]}}],"collection":[{"href":"https:\/\/www.europesays.com\/se\/wp-json\/wp\/v2\/posts"}],"about":[{"href":"https:\/\/www.europesays.com\/se\/wp-json\/wp\/v2\/types\/post"}],"author":[{"embeddable":true,"href":"https:\/\/www.europesays.com\/se\/wp-json\/wp\/v2\/users\/2"}],"replies":[{"embeddable":true,"href":"https:\/\/www.europesays.com\/se\/wp-json\/wp\/v2\/comments?post=90926"}],"version-history":[{"count":0,"href":"https:\/\/www.europesays.com\/se\/wp-json\/wp\/v2\/posts\/90926\/revisions"}],"wp:featuredmedia":[{"embeddable":true,"href":"https:\/\/www.europesays.com\/se\/wp-json\/wp\/v2\/media\/90927"}],"wp:attachment":[{"href":"https:\/\/www.europesays.com\/se\/wp-json\/wp\/v2\/media?parent=90926"}],"wp:term":[{"taxonomy":"category","embeddable":true,"href":"https:\/\/www.europesays.com\/se\/wp-json\/wp\/v2\/categories?post=90926"},{"taxonomy":"post_tag","embeddable":true,"href":"https:\/\/www.europesays.com\/se\/wp-json\/wp\/v2\/tags?post=90926"}],"curies":[{"name":"wp","href":"https:\/\/api.w.org\/{rel}","templated":true}]}}