{"id":90932,"date":"2025-11-27T08:01:12","date_gmt":"2025-11-27T08:01:12","guid":{"rendered":"https:\/\/www.europesays.com\/se\/90932\/"},"modified":"2025-11-27T08:01:12","modified_gmt":"2025-11-27T08:01:12","slug":"maduro-varnar-trump-och-viftar-med-svard","status":"publish","type":"post","link":"https:\/\/www.europesays.com\/se\/90932\/","title":{"rendered":"Maduro varnar Trump\n\u2013 och viftar med sv\u00e4rd"},"content":{"rendered":"<p>Publicerad 26 nov 2025 kl 23.43Uppdaterad 27 nov kl 00.41<\/p>\n<p>Donald Trump har kallat Nicol\u00e1s Maduro f\u00f6r en \u201dknarkkung p\u00e5 rymmen\u201d och sagt att hans dagar vid makten \u00e4r r\u00e4knade. \u00a0\u00a0\u00a0<\/p>\n<p>I ett tal i Caracas lovar Venezuelas president att sl\u00e5 tillbaka mot varje f\u00f6rs\u00f6k att st\u00f6rta hans regering \u2013 samtidigt som han viftar med ett sv\u00e4rd, skriver <a href=\"https:\/\/news.sky.com\/story\/venezuela-maduro-brandishes-sword-and-vows-to-defy-any-us-attempt-to-overthrow-his-government-13475505\" rel=\"nofollow noopener\" target=\"_blank\">Sky News.<\/a> \u00a0<\/p>\n<p>\u2013 Att misslyckas \u00e4r inget alternativ, s\u00e4ger han.\u00a0<\/p>\n<p>\u201dVi f\u00e5r se vad som h\u00e4nder.\u201d<img loading=\"lazy\"   alt=\"\"\/><\/p>\n<p>Venezuelas president Nicolas Maduro varnar Donald Trump och viftar med ett sv\u00e4rd.<\/p>\n<p>Foto: AA \/ STELLA PICTURES<\/p>\n<p>\u00d6ppna bild i helsk\u00e4rm<img loading=\"lazy\"   alt=\"\"\/> <\/p>\n<p>Foto: ARIANA CUBILLOS \/ AP TT NYHETSBYR\u00c5N<\/p>\n<p>\u00d6ppna bild i helsk\u00e4rm<img loading=\"lazy\"   alt=\"\"\/> <\/p>\n<p>Foto: MALACHI LAKEY \/ POLARIS POLARIS IMAGES<\/p>\n<p>\u00d6ppna bild i helsk\u00e4rm<\/p>\n<p>I samband med en milit\u00e4rparad i Caracas h\u00f6ll president Nicol\u00e1s Maduro ett tal inf\u00f6r folkmassan. Han lovade att man ska trotsa varje f\u00f6rs\u00f6k att st\u00f6rta regeringen, skriver Sky News.\u00a0<\/p>\n<p>\u2013 Vi m\u00e5ste vara redo att f\u00f6rsvara varje centimeter av detta v\u00e4lsignade land mot imperialistiska hot eller angrepp, oavsett varifr\u00e5n de kommer.<\/p>\n<p>Just nu kommer hoten fr\u00e5n ett h\u00e5ll: USA.\u00a0<\/p>\n<p><a href=\"https:\/\/www.expressen.se\/tagg\/person\/donald-trump\/\" class=\"\" rel=\"nofollow noopener\" target=\"_blank\">Donald Trump<\/a> har sagt att USA befinner sig i en v\u00e4pnad konflikt mot \u201dknarkterrorister\u201d, det vill s\u00e4ga drogkarteller. Han betraktar Nicol\u00e1s Maduro som en \u201dknarkkung\u201d och kopplar honom till kartellen \u201dCartel de los Soles\u201d \u2013 som USA avser att terrorklassa. \u00a0<\/p>\n<p><img loading=\"lazy\"   alt=\"\"\/><\/p>\n<p>Donald Trump har sagt att han tror att Nicol\u00e1s Maduros dagar som president f\u00f6r Venezuela \u00e4r r\u00e4knade.<\/p>\n<p>Foto: THOMAS\/NURPHOTO\/SHUTTERSTOCK \/ SHUTTERSTOCK EDITORIAL\/IBL<\/p>\n<p>\u00d6ppna bild i helsk\u00e4rm<\/p>\n<p>Sedan september har amerikansk milit\u00e4r bombat fartyg, som man h\u00e4vdar anv\u00e4nds f\u00f6r knarksmuggling, p\u00e5 internationellt vatten. Minst 80 m\u00e4nniskor har d\u00f6dats \u2013 de flesta medborgare i Venezuela.\u00a0<\/p>\n<p>Kritiker menar att attackerna \u00e4r olagliga och att det handlar om utomr\u00e4ttsliga avr\u00e4ttningar. \u00a0<\/p>\n<p>\u201dStoppa denna galenskap\u201d<\/p>\n<p>Nicol\u00e1s Maduro har sagt att man betraktar attackerna som angrepp mot landet.\u00a0<\/p>\n<p>Han har ocks\u00e5 anklagat USA f\u00f6r att, med hj\u00e4lp av CIA, ha f\u00f6rs\u00f6kt organisera en statskupp. \u00a0<\/p>\n<p>USA har inte bara bombat misst\u00e4nkta smuggelfartyg, utan \u00e4ven skickat flera stora krigsfartyg till Karibien. <a href=\"https:\/\/www.expressen.se\/nyheter\/varlden\/usa-inleder-ny-fas-mot-venezuela-kan-storta-nicolas-maduro\/\" rel=\"nofollow noopener\" target=\"_blank\">Enligt uppgifter till flera medier planerar USA att snart inleda en ny fas av operationer riktade mot Venezuela. <\/a>\u00a0<\/p>\n<p>Experter vill inte utesluta att ett krig mellan USA och Venezuela kan bryta ut.\u00a0<\/p>\n<p><img loading=\"lazy\"   alt=\"\"\/><\/p>\n<p>USA har under h\u00f6sten bombat en rad \u201dknarkfartyg\u201d i Karibien.<\/p>\n<p>Foto: DOD \/ X<\/p>\n<p>\u00d6ppna bild i helsk\u00e4rm<\/p>\n<p>H\u00e4ndelseutvecklingen v\u00e4cker oro, inte bara i Venezuela. Colombias president Gustavo Petro har kallat Donald Trump f\u00f6r \u201den barbar\u201d som \u201dvill skr\u00e4mma oss\u201d, skriver <a href=\"https:\/\/www.nbcnews.com\/world\/south-america\/colombias-president-lashes-barbarian-trump-boat-attacks-rcna243530\" rel=\"nofollow noopener\" target=\"_blank\">NBC News.<\/a>\u00a0<\/p>\n<p>Kuba anser att USA:s n\u00e4rvaro i regionen \u00e4r \u201d\u00f6verdriven och aggressiv\u201d. Utrikesministern Bruno Rodr\u00edguez sa p\u00e5 tisdagen att det vore extremt farligt att avs\u00e4tta Maduro \u2013 och ett brott mot folkr\u00e4tten, skriver Sky News.\u00a0<\/p>\n<p>\u2013 Vi v\u00e4djar till det amerikanska folket att stoppa denna galenskap.\u00a0<\/p>\n<p><strong>L\u00c4S MER: <\/strong><a href=\"https:\/\/www.expressen.se\/nyheter\/varlden\/usa-inleder-ny-fas-mot-venezuela-kan-storta-nicolas-maduro\/\" class=\"\" rel=\"nofollow noopener\" target=\"_blank\">USA inleder \u201dny fas\u201d mot Venezuela \u2013 kan st\u00f6rta Nicol\u00e1s Maduro<\/a><strong>L\u00c4S MER: <\/strong><a href=\"https:\/\/www.expressen.se\/nyheter\/varlden\/trumps-ord-om-venezuela-maduros-dagar-ar-raknade\/\" class=\"\" rel=\"nofollow noopener\" target=\"_blank\">Trumps ord om Venezuela: Maduros dagar \u00e4r r\u00e4knade<\/a><strong>L\u00c4S MER: <\/strong><a href=\"https:\/\/www.expressen.se\/nyheter\/varlden\/experten-gar-inte-att-utesluta--krig-mellan-usa-och-venezuela\/\" class=\"\" rel=\"nofollow noopener\" target=\"_blank\">Experten: G\u00e5r inte att utesluta  krig mellan USA och Venezuela<\/a>President Maduros \u201dtal\u201d p\u00e5 engelska.<\/p>\n","protected":false},"excerpt":{"rendered":"Publicerad 26 nov 2025 kl 23.43Uppdaterad 27 nov kl 00.41 Donald Trump har kallat Nicol\u00e1s Maduro f\u00f6r en&hellip;\n","protected":false},"author":2,"featured_media":90933,"comment_status":"","ping_status":"","sticky":false,"template":"","format":"standard","meta":{"footnotes":""},"categories":[14],"tags":[22,23,26,27,17,21,24,25,45,3819,28,29,15,16,198,4238,18,34,55,31,33,32,30,19,60,20,51,52,53,54],"class_list":{"0":"post-90932","1":"post","2":"type-post","3":"status-publish","4":"format-standard","5":"has-post-thumbnail","7":"category-varlden","8":"tag-breaking-news","9":"tag-breakingnews","10":"tag-featured-news","11":"tag-featurednews","12":"tag-headlines","13":"tag-huvudnyheter","14":"tag-latest-news","15":"tag-latestnews","16":"tag-location-usa","17":"tag-location-venezuela","18":"tag-main-news","19":"tag-mainnews","20":"tag-news","21":"tag-nyheter","22":"tag-person-donald-trump","23":"tag-person-nicolas-maduro","24":"tag-rubriker","25":"tag-se","26":"tag-sections-varlden","27":"tag-svenska","28":"tag-sverige","29":"tag-sweden","30":"tag-swedish","31":"tag-top-stories","32":"tag-topic-krig-konflikt","33":"tag-topstories","34":"tag-varlden","35":"tag-world","36":"tag-world-news","37":"tag-worldnews"},"share_on_mastodon":{"url":"https:\/\/pubeurope.com\/@se\/115620615494800420","error":""},"_links":{"self":[{"href":"https:\/\/www.europesays.com\/se\/wp-json\/wp\/v2\/posts\/90932","targetHints":{"allow":["GET"]}}],"collection":[{"href":"https:\/\/www.europesays.com\/se\/wp-json\/wp\/v2\/posts"}],"about":[{"href":"https:\/\/www.europesays.com\/se\/wp-json\/wp\/v2\/types\/post"}],"author":[{"embeddable":true,"href":"https:\/\/www.europesays.com\/se\/wp-json\/wp\/v2\/users\/2"}],"replies":[{"embeddable":true,"href":"https:\/\/www.europesays.com\/se\/wp-json\/wp\/v2\/comments?post=90932"}],"version-history":[{"count":0,"href":"https:\/\/www.europesays.com\/se\/wp-json\/wp\/v2\/posts\/90932\/revisions"}],"wp:featuredmedia":[{"embeddable":true,"href":"https:\/\/www.europesays.com\/se\/wp-json\/wp\/v2\/media\/90933"}],"wp:attachment":[{"href":"https:\/\/www.europesays.com\/se\/wp-json\/wp\/v2\/media?parent=90932"}],"wp:term":[{"taxonomy":"category","embeddable":true,"href":"https:\/\/www.europesays.com\/se\/wp-json\/wp\/v2\/categories?post=90932"},{"taxonomy":"post_tag","embeddable":true,"href":"https:\/\/www.europesays.com\/se\/wp-json\/wp\/v2\/tags?post=90932"}],"curies":[{"name":"wp","href":"https:\/\/api.w.org\/{rel}","templated":true}]}}