{"id":90940,"date":"2025-11-27T08:11:09","date_gmt":"2025-11-27T08:11:09","guid":{"rendered":"https:\/\/www.europesays.com\/se\/90940\/"},"modified":"2025-11-27T08:11:09","modified_gmt":"2025-11-27T08:11:09","slug":"hjartlakaren-utreds-av-ivo-kan-jobba-utomlands","status":"publish","type":"post","link":"https:\/\/www.europesays.com\/se\/90940\/","title":{"rendered":"Hj\u00e4rtl\u00e4karen utreds av Ivo \u2013 kan jobba utomlands"},"content":{"rendered":"<p>Den hj\u00e4rtl\u00e4kare som felaktigt friskf\u00f6rklarat flera hj\u00e4rtsjuka barn p\u00e5 L\u00e4nssjukhuset Ryhov kan fortfarande s\u00f6ka jobb utomlands, trots att han utreds av Ivo. Det rapporterar P4 J\u00f6nk\u00f6ping. <\/p>\n<p>Sedan l\u00e4karen stoppats fr\u00e5n att behandla patienter i Lund, d\u00e4r han nu arbetar, utf\u00e4rdades ett intyg p\u00e5 engelska av Socialstyrelsen d\u00e4r det framg\u00e5r att han \u00e4r legitimerad l\u00e4kare och specialist i pediatrik. <\/p>\n<p>Ivo st\u00e4ller inte upp p\u00e5 en intervju. Men skriver till radion att f\u00f6rst n\u00e4r utredningen \u00e4r klar kommer man att ta st\u00e4llning till om l\u00e4karen ska anm\u00e4las till Socialstyrelsen. <\/p>\n<p>P4 J\u00f6nk\u00f6ping har ocks\u00e5 s\u00f6kt l\u00e4karen och hans advokat.  <\/p>\n<p>Omni \u00e4r politiskt obundna och oberoende. Vi str\u00e4var efter att ge fler perspektiv p\u00e5 nyheterna. Har du fr\u00e5gor eller synpunkter kring v\u00e5r rapportering? <a href=\"https:\/\/omni.se\/hjartlakaren-utreds-av-ivo-kan-jobba-utomlands\/a\/mailto:redaktion@omni.se\" class=\"ArticleActions_contactLink__W2F1M\" rel=\"nofollow noopener\" target=\"_blank\">Kontakta redaktionen<\/a><\/p>\n","protected":false},"excerpt":{"rendered":"Den hj\u00e4rtl\u00e4kare som felaktigt friskf\u00f6rklarat flera hj\u00e4rtsjuka barn p\u00e5 L\u00e4nssjukhuset Ryhov kan fortfarande s\u00f6ka jobb utomlands, trots att&hellip;\n","protected":false},"author":2,"featured_media":90941,"comment_status":"","ping_status":"","sticky":false,"template":"","format":"standard","meta":{"footnotes":""},"categories":[5],"tags":[22,23,26,27,17,21,559,560,9468,24,25,28,29,15,16,18,34,31,33,32,30,19,20,330],"class_list":{"0":"post-90940","1":"post","2":"type-post","3":"status-publish","4":"format-standard","5":"has-post-thumbnail","7":"category-rubriker","8":"tag-breaking-news","9":"tag-breakingnews","10":"tag-featured-news","11":"tag-featurednews","12":"tag-headlines","13":"tag-huvudnyheter","14":"tag-jonkoping","15":"tag-jonkopings-lan","16":"tag-lanssjukhuset-ryhov","17":"tag-latest-news","18":"tag-latestnews","19":"tag-main-news","20":"tag-mainnews","21":"tag-news","22":"tag-nyheter","23":"tag-rubriker","24":"tag-se","25":"tag-svenska","26":"tag-sverige","27":"tag-sweden","28":"tag-swedish","29":"tag-top-stories","30":"tag-topstories","31":"tag-vard-omsorg"},"share_on_mastodon":{"url":"https:\/\/pubeurope.com\/@se\/115620654997834262","error":""},"_links":{"self":[{"href":"https:\/\/www.europesays.com\/se\/wp-json\/wp\/v2\/posts\/90940","targetHints":{"allow":["GET"]}}],"collection":[{"href":"https:\/\/www.europesays.com\/se\/wp-json\/wp\/v2\/posts"}],"about":[{"href":"https:\/\/www.europesays.com\/se\/wp-json\/wp\/v2\/types\/post"}],"author":[{"embeddable":true,"href":"https:\/\/www.europesays.com\/se\/wp-json\/wp\/v2\/users\/2"}],"replies":[{"embeddable":true,"href":"https:\/\/www.europesays.com\/se\/wp-json\/wp\/v2\/comments?post=90940"}],"version-history":[{"count":0,"href":"https:\/\/www.europesays.com\/se\/wp-json\/wp\/v2\/posts\/90940\/revisions"}],"wp:featuredmedia":[{"embeddable":true,"href":"https:\/\/www.europesays.com\/se\/wp-json\/wp\/v2\/media\/90941"}],"wp:attachment":[{"href":"https:\/\/www.europesays.com\/se\/wp-json\/wp\/v2\/media?parent=90940"}],"wp:term":[{"taxonomy":"category","embeddable":true,"href":"https:\/\/www.europesays.com\/se\/wp-json\/wp\/v2\/categories?post=90940"},{"taxonomy":"post_tag","embeddable":true,"href":"https:\/\/www.europesays.com\/se\/wp-json\/wp\/v2\/tags?post=90940"}],"curies":[{"name":"wp","href":"https:\/\/api.w.org\/{rel}","templated":true}]}}