{"id":90942,"date":"2025-11-27T08:12:08","date_gmt":"2025-11-27T08:12:08","guid":{"rendered":"https:\/\/www.europesays.com\/se\/90942\/"},"modified":"2025-11-27T08:12:08","modified_gmt":"2025-11-27T08:12:08","slug":"sa-paverkas-din-mentala-halsa-av-att-ga-i-pension","status":"publish","type":"post","link":"https:\/\/www.europesays.com\/se\/90942\/","title":{"rendered":"S\u00e5 p\u00e5verkas din mentala h\u00e4lsa \u2013 av att g\u00e5 i pension"},"content":{"rendered":"<p>St\u00e4ngda d\u00f6rrar p\u00e5 jobbet p\u00e5verkar livsgl\u00e4djen<\/p>\n<p>ANNONS<\/p>\n<p>En anledning till att \u00e4ldre f\u00e5r s\u00e4mre ekonomi \u00e4r att de ofta s\u00e5llas bort p\u00e5 arbetsmarknaden. <a href=\"https:\/\/www.news55.se\/samhalle\/allt-fler-drabbas-av-alderism-i-arbetslivet-vi-forskonar-ungdomen\/\" rel=\"nofollow noopener\" target=\"_blank\">News55 har tidigare rapporterat<\/a> att allt fler svenskar upplever att d\u00f6rrarna st\u00e4ngs n\u00e4r de n\u00e5r medel\u00e5ldern \u2013 trots att de har b\u00e5de erfarenhet och kompetens.<\/p>\n<p>K\u00e4nslan av att inte l\u00e4ngre duga eller att det \u00e4r \u201cf\u00f6r sent\u201d efter 50 \u00e5r kan p\u00e5verka livsgl\u00e4djen och f\u00e5 konsekvenser f\u00f6r sj\u00e4lvk\u00e4nsla, socialt liv och framtidstro.<\/p>\n<p>Jobba trots pension \u2013 hur p\u00e5verkar det v\u00e4lm\u00e5endet?<\/p>\n<p>M\u00e5nga pension\u00e4rer v\u00e4ljer att forts\u00e4tta jobba vid sidan av pensionen, s\u00e5 kallade jobbon\u00e4rer. Niklas Laninge menar att det kan vara bra f\u00f6r den psykiska h\u00e4lsan:<\/p>\n<p>\u201cDet positiva \u00e4r att social gemenskap bibeh\u00e5lls och att man sannolikt k\u00e4nner att man bidrar. Det kanske ocks\u00e5 \u00f6kar sannolikheten f\u00f6r att ett sido-gig blir ett heltidsjobb,\u201d s\u00e4ger han till News55.<\/p>\n<p>Men det finns ocks\u00e5 nackdelar:<\/p>\n<p>\u201cDet negativa handlar fr\u00e4mst om os\u00e4kerheten hos personer som hamnat i denna roll, men inte valt den sj\u00e4lv. Om denna syssels\u00e4ttning dessutom inneb\u00e4r en mer sv\u00e4ngig inkomst blir det ju sv\u00e5rt f\u00f6r individen att planera sitt sparande och sina utgifter,\u201d s\u00e4ger Laninge.<\/p>\n<p><strong>L\u00e4s mer p\u00e5 News55:<\/strong><\/p>\n<p>ANNONS<\/p>\n<p><a href=\"https:\/\/www.news55.se\/privatekonomi\/eus-nya-regler-slar-mot-svensk-pension-och-forsakring\/\" rel=\"nofollow noopener\" target=\"_blank\">EU:s nya regler sl\u00e5r mot svensk pension och f\u00f6rs\u00e4kring<\/a><\/p>\n<p><a href=\"https:\/\/www.news55.se\/privatekonomi\/aldre-tvingas-betala-tusentals-kronor-for-toapapperet-vi-maste\/\" rel=\"nofollow noopener\" target=\"_blank\">\u00c4ldre tvingas betala tusentals kronor f\u00f6r toapapperet: \u201cVi m\u00e5ste\u201d<\/a><\/p>\n<p><a href=\"https:\/\/www.news55.se\/halsa\/man-pa-aldreboende-sparkad-ur-rullstol-av-vikarie\/\" rel=\"nofollow noopener\" target=\"_blank\">Man p\u00e5 \u00e4ldreboende sparkad ur rullstol \u2013 av vikarie<\/a><\/p>\n<p><a href=\"https:\/\/www.news55.se\/halsa\/hemtjansten-missade-sina-uppgifter-88-aring-dog-i-svara-smartor\/\" rel=\"nofollow noopener\" target=\"_blank\">Rolf, 88, dog i sv\u00e5ra sm\u00e4rtor \u2013 efter miss av hemtj\u00e4nsten<\/a><\/p>\n<p><a href=\"https:\/\/www.news55.se\/halsa\/att-sitta-stilla-ar-farligt-for-halsan-sa-bryter-du-den-daliga-vanan\/\" rel=\"nofollow noopener\" target=\"_blank\">Att sitta stilla \u00e4r farligt f\u00f6r h\u00e4lsan: S\u00e5 bryter du den d\u00e5liga vanan<br \/><\/a><br \/><a href=\"https:\/\/www.news55.se\/halsa\/hemtjansten-missade-sina-uppgifter-88-aring-dog-i-svara-smartor\/\" rel=\"nofollow noopener\" target=\"_blank\"><br \/><\/a><br \/><a href=\"https:\/\/www.news55.se\/halsa\/man-pa-aldreboende-sparkad-ur-rullstol-av-vikarie\/\" rel=\"nofollow noopener\" target=\"_blank\"><br \/><\/a><br \/><a href=\"https:\/\/www.news55.se\/privatekonomi\/aldre-tvingas-betala-tusentals-kronor-for-toapapperet-vi-maste\/\" rel=\"nofollow noopener\" target=\"_blank\"><br \/><\/a><br \/><a href=\"https:\/\/www.news55.se\/privatekonomi\/eus-nya-regler-slar-mot-svensk-pension-och-forsakring\/\" rel=\"nofollow noopener\" target=\"_blank\"><br \/><\/a><\/p>\n<p>ANNONS<\/p>\n<p>L\u00e4s mer fr\u00e5n News55 &#8211; v\u00e5rt nyhetsbrev \u00e4r kostnadsfritt:Prenumerera<\/p>\n","protected":false},"excerpt":{"rendered":"St\u00e4ngda d\u00f6rrar p\u00e5 jobbet p\u00e5verkar livsgl\u00e4djen ANNONS En anledning till att \u00e4ldre f\u00e5r s\u00e4mre ekonomi \u00e4r att de&hellip;\n","protected":false},"author":2,"featured_media":90943,"comment_status":"","ping_status":"","sticky":false,"template":"","format":"standard","meta":{"footnotes":""},"categories":[69],"tags":[113,112,9349,1421,5384,349,10398,34,1142,31,6856,33,32,30,10399],"class_list":{"0":"post-90942","1":"post","2":"type-post","3":"status-publish","4":"format-standard","5":"has-post-thumbnail","7":"category-halsa","8":"tag-halsa","9":"tag-health","10":"tag-jobbonar","11":"tag-pension","12":"tag-pensionar","13":"tag-privatekonomi","14":"tag-psykolog","15":"tag-se","16":"tag-sparande","17":"tag-svenska","18":"tag-svenskar","19":"tag-sverige","20":"tag-sweden","21":"tag-swedish","22":"tag-valmaende"},"share_on_mastodon":{"url":"https:\/\/pubeurope.com\/@se\/115620658815086684","error":""},"_links":{"self":[{"href":"https:\/\/www.europesays.com\/se\/wp-json\/wp\/v2\/posts\/90942","targetHints":{"allow":["GET"]}}],"collection":[{"href":"https:\/\/www.europesays.com\/se\/wp-json\/wp\/v2\/posts"}],"about":[{"href":"https:\/\/www.europesays.com\/se\/wp-json\/wp\/v2\/types\/post"}],"author":[{"embeddable":true,"href":"https:\/\/www.europesays.com\/se\/wp-json\/wp\/v2\/users\/2"}],"replies":[{"embeddable":true,"href":"https:\/\/www.europesays.com\/se\/wp-json\/wp\/v2\/comments?post=90942"}],"version-history":[{"count":0,"href":"https:\/\/www.europesays.com\/se\/wp-json\/wp\/v2\/posts\/90942\/revisions"}],"wp:featuredmedia":[{"embeddable":true,"href":"https:\/\/www.europesays.com\/se\/wp-json\/wp\/v2\/media\/90943"}],"wp:attachment":[{"href":"https:\/\/www.europesays.com\/se\/wp-json\/wp\/v2\/media?parent=90942"}],"wp:term":[{"taxonomy":"category","embeddable":true,"href":"https:\/\/www.europesays.com\/se\/wp-json\/wp\/v2\/categories?post=90942"},{"taxonomy":"post_tag","embeddable":true,"href":"https:\/\/www.europesays.com\/se\/wp-json\/wp\/v2\/tags?post=90942"}],"curies":[{"name":"wp","href":"https:\/\/api.w.org\/{rel}","templated":true}]}}