{"id":90946,"date":"2025-11-27T08:15:24","date_gmt":"2025-11-27T08:15:24","guid":{"rendered":"https:\/\/www.europesays.com\/se\/90946\/"},"modified":"2025-11-27T08:15:24","modified_gmt":"2025-11-27T08:15:24","slug":"bmw-sager-adjo-till-z4-lamnar-tvasitsiga-sportbilar","status":"publish","type":"post","link":"https:\/\/www.europesays.com\/se\/90946\/","title":{"rendered":"BMW s\u00e4ger adj\u00f6 till Z4 \u2013 l\u00e4mnar tv\u00e5sitsiga sportbilar"},"content":{"rendered":"<p>Det h\u00e4r \u00e4r slutet p\u00e5 en era. BMW Z4 har under tre decennier st\u00e5tt f\u00f6r n\u00e5got s\u00e5 ovanligt som en tv\u00e5sitsig roadster du faktiskt kunnat k\u00f6pa i Sverige utan att s\u00e4lja hela bohaget. Men nu \u00e4r tiden ute.<\/p>\n<p><strong>BMW bekr\u00e4ftar<\/strong> <strong>att<\/strong> Z4 l\u00e4ggs ned i b\u00f6rjan av 2026 och ers\u00e4tts inte av n\u00e5gon ny sportbil. D\u00e4rmed l\u00e4mnar m\u00e4rket ett helt segment som en g\u00e5ng definierade BMW:s varum\u00e4rke.<\/p>\n<p class=\"has-red-600-color has-text-color has-link-color wp-elements-a3c4d683b81a177477767169bcbba881\"><strong>L\u00e4s ocks\u00e5:<\/strong> <a href=\"https:\/\/www.automotorsport.se\/provkorningar\/forsta-provkorningen-av-nya-bmw-z4-en-nystart\/\" target=\"_blank\" rel=\"noreferrer noopener nofollow\">V\u00e5r provk\u00f6rning av BMW Z4<\/a><\/p>\n<p>Sl\u00e4pps i specialutg\u00e5va<\/p>\n<p><img loading=\"lazy\" decoding=\"async\" width=\"1920\" height=\"1080\" src=\"https:\/\/www.europesays.com\/se\/wp-content\/uploads\/2025\/11\/bmw-z4-final-edition-2026-front.jpg\" alt=\"BMW Z4 Final Edition i mattsvart utf\u00f6rande\" class=\"wp-image-84263548\"  \/>Z4 Final Edition f\u00e5r mattsvart lack, full utrustning och den sexcylindriga M40i-motorn. Foto: BMW<\/p>\n<p>Som avslutning f\u00e5r modellen en sista specialversion. Final Edition s\u00e4ljs bara i USA, men visar hur BMW valt att st\u00e4nga kapitlet: mattsvart lack, r\u00f6d s\u00f6m \u00f6ver l\u00e4der och Alcantara och full utrustning som standard.<\/p>\n<p>Under huven sitter M40i-motorn, en dubbelturbo rak sexa med 382 hk. K\u00f6pare kan fortfarande v\u00e4lja manuell v\u00e4xell\u00e5da, n\u00e5got som \u00e4r p\u00e5 v\u00e4g att f\u00f6rsvinna i stora delar av bilv\u00e4rlden.<\/p>\n<p><strong>Produktionen sker<\/strong> <strong>mellan<\/strong> februari och april 2026 i Graz, d\u00e4r \u00e4ven Toyota Supra byggs. Supra l\u00e4ggs ned samtidigt men kommer tillbaka i n\u00e4sta generation, utvecklad helt utan BMW.<\/p>\n<p class=\"has-red-600-color has-text-color has-link-color wp-elements-cb5607fd5444f8fc62a785154f3053fb\"><strong>L\u00e4s \u00e4ven:<\/strong> <a href=\"https:\/\/www.automotorsport.se\/provkorningar\/prov-toyota-gr-supra-a90-final-edition-slutdestinationen\/\" target=\"_blank\" rel=\"noreferrer noopener nofollow\">PROV: Toyota GR Supra A90 Final Edition<\/a><\/p>\n<p><img loading=\"lazy\" decoding=\"async\" width=\"1920\" height=\"1080\" src=\"https:\/\/www.europesays.com\/se\/wp-content\/uploads\/2025\/11\/bmw-z4-final-edition-detalj-2026.jpg\" alt=\"N\u00e4rbild p\u00e5 BMW Z4 Final Edition instegslist och r\u00f6d kontrasts\u00f6m p\u00e5 l\u00e4ders\u00e4te\" class=\"wp-image-84263567\"  \/>Final Edition f\u00e5r egen instegslist och r\u00f6d kontrasts\u00f6m som markerar modellens sista \u00e5r. Foto: BMW<\/p>\n<p>Siffrorna som avgjorde<\/p>\n<p>Att Z4 f\u00f6rsvinner beror fr\u00e4mst p\u00e5 f\u00f6rs\u00e4ljningen. Modellen s\u00e5lde 10 482 exemplar globalt 2024 och var BMW:s n\u00e4st svagaste modell. <\/p>\n<p>F\u00f6rsta halv\u00e5ret 2025 \u00f6kade f\u00f6rs\u00e4ljningen marginellt men inte tillr\u00e4ckligt.  Tillsammans med X4 och 8-serien stod den f\u00f6r bara tre procent av BMW:s totala f\u00f6rs\u00e4ljning.<\/p>\n<p><strong>Z4 har aldrig varit<\/strong> n\u00e5gon volymmodell h\u00e4r men har fyllt en viktig roll p\u00e5 en marknad d\u00e4r f\u00e5 tv\u00e5sitsiga sportbilar finns kvar. N\u00e4r b\u00e5de Z4 och Supra l\u00e4mnar Europa blir utbudet \u00e4nnu tunnare. MX5 \u00e4r i princip ensam kvar i segmentet.<\/p>\n<p>BMW \u00f6verv\u00e4gde l\u00e4nge en superexklusiv touringcoup\u00e9 baserad p\u00e5 Z4, men projektet stoppades. D\u00e4rmed avslutas en modellserie som b\u00f6rjade med Z3 p\u00e5 90-talet och som nu f\u00e5r sitt sista kapitel skrivet.<\/p>\n","protected":false},"excerpt":{"rendered":"Det h\u00e4r \u00e4r slutet p\u00e5 en era. BMW Z4 har under tre decennier st\u00e5tt f\u00f6r n\u00e5got s\u00e5 ovanligt&hellip;\n","protected":false},"author":2,"featured_media":90947,"comment_status":"","ping_status":"","sticky":false,"template":"","format":"standard","meta":{"footnotes":""},"categories":[66],"tags":[80,78,79,34,31,33,32,30,81,84,83,82],"class_list":{"0":"post-90946","1":"post","2":"type-post","3":"status-publish","4":"format-standard","5":"has-post-thumbnail","7":"category-vetenskap-och-teknik","8":"tag-science","9":"tag-science-and-technology","10":"tag-scienceandtechnology","11":"tag-se","12":"tag-svenska","13":"tag-sverige","14":"tag-sweden","15":"tag-swedish","16":"tag-technology","17":"tag-teknik","18":"tag-vetenskap","19":"tag-vetenskapteknik"},"share_on_mastodon":{"url":"https:\/\/pubeurope.com\/@se\/115620670768093140","error":""},"_links":{"self":[{"href":"https:\/\/www.europesays.com\/se\/wp-json\/wp\/v2\/posts\/90946","targetHints":{"allow":["GET"]}}],"collection":[{"href":"https:\/\/www.europesays.com\/se\/wp-json\/wp\/v2\/posts"}],"about":[{"href":"https:\/\/www.europesays.com\/se\/wp-json\/wp\/v2\/types\/post"}],"author":[{"embeddable":true,"href":"https:\/\/www.europesays.com\/se\/wp-json\/wp\/v2\/users\/2"}],"replies":[{"embeddable":true,"href":"https:\/\/www.europesays.com\/se\/wp-json\/wp\/v2\/comments?post=90946"}],"version-history":[{"count":0,"href":"https:\/\/www.europesays.com\/se\/wp-json\/wp\/v2\/posts\/90946\/revisions"}],"wp:featuredmedia":[{"embeddable":true,"href":"https:\/\/www.europesays.com\/se\/wp-json\/wp\/v2\/media\/90947"}],"wp:attachment":[{"href":"https:\/\/www.europesays.com\/se\/wp-json\/wp\/v2\/media?parent=90946"}],"wp:term":[{"taxonomy":"category","embeddable":true,"href":"https:\/\/www.europesays.com\/se\/wp-json\/wp\/v2\/categories?post=90946"},{"taxonomy":"post_tag","embeddable":true,"href":"https:\/\/www.europesays.com\/se\/wp-json\/wp\/v2\/tags?post=90946"}],"curies":[{"name":"wp","href":"https:\/\/api.w.org\/{rel}","templated":true}]}}