{"id":90960,"date":"2025-11-27T08:32:16","date_gmt":"2025-11-27T08:32:16","guid":{"rendered":"https:\/\/www.europesays.com\/se\/90960\/"},"modified":"2025-11-27T08:32:16","modified_gmt":"2025-11-27T08:32:16","slug":"stegra-far-390-miljoner-i-ekonomiskt-stod-av-staten","status":"publish","type":"post","link":"https:\/\/www.europesays.com\/se\/90960\/","title":{"rendered":"Stegra f\u00e5r 390 miljoner i ekonomiskt st\u00f6d av staten"},"content":{"rendered":"<p>Det krisande st\u00e5lbolaget Stegra kommer att f\u00e5 390 miljoner kronor i nytt statligt ekonomiskt st\u00f6d av Energimyndigheten. Det framg\u00e5r av ett pressmeddelande.<\/p>\n<p>\u2013 Statligt st\u00f6d \u00e4r n\u00f6dv\u00e4ndigt f\u00f6r att industrin ska kunna ta de teknikspr\u00e5ng som kr\u00e4vs f\u00f6r att lyckas med omst\u00e4llningen, s\u00e4ger Caroline Asserup, Energimyndighetens generaldirekt\u00f6r.<\/p>\n<p>Stegra har tidigare mottagit 1,3 miljarder kronor i direkt statligt st\u00f6d via Industriklivet. <\/p>\n<p>Omni \u00e4r politiskt obundna och oberoende. Vi str\u00e4var efter att ge fler perspektiv p\u00e5 nyheterna. Har du fr\u00e5gor eller synpunkter kring v\u00e5r rapportering? <a href=\"https:\/\/omni.se\/uppgifter-stegra-kommer-att-fa-nytt-ekonomiskt-stod-av-staten\/a\/mailto:redaktion@omni.se\" class=\"ArticleActions_contactLink__W2F1M\" rel=\"nofollow noopener\" target=\"_blank\">Kontakta redaktionen<\/a><\/p>\n","protected":false},"excerpt":{"rendered":"Det krisande st\u00e5lbolaget Stegra kommer att f\u00e5 390 miljoner kronor i nytt statligt ekonomiskt st\u00f6d av Energimyndigheten. Det&hellip;\n","protected":false},"author":2,"featured_media":90961,"comment_status":"","ping_status":"","sticky":false,"template":"","format":"standard","meta":{"footnotes":""},"categories":[65],"tags":[72,70,71,34,5422,31,33,32,30],"class_list":{"0":"post-90960","1":"post","2":"type-post","3":"status-publish","4":"format-standard","5":"has-post-thumbnail","7":"category-ekonomi","8":"tag-business","9":"tag-economy","10":"tag-ekonomi","11":"tag-se","12":"tag-stegra-tidigare-h2-green-steel","13":"tag-svenska","14":"tag-sverige","15":"tag-sweden","16":"tag-swedish"},"share_on_mastodon":{"url":"https:\/\/pubeurope.com\/@se\/115620737347098129","error":""},"_links":{"self":[{"href":"https:\/\/www.europesays.com\/se\/wp-json\/wp\/v2\/posts\/90960","targetHints":{"allow":["GET"]}}],"collection":[{"href":"https:\/\/www.europesays.com\/se\/wp-json\/wp\/v2\/posts"}],"about":[{"href":"https:\/\/www.europesays.com\/se\/wp-json\/wp\/v2\/types\/post"}],"author":[{"embeddable":true,"href":"https:\/\/www.europesays.com\/se\/wp-json\/wp\/v2\/users\/2"}],"replies":[{"embeddable":true,"href":"https:\/\/www.europesays.com\/se\/wp-json\/wp\/v2\/comments?post=90960"}],"version-history":[{"count":0,"href":"https:\/\/www.europesays.com\/se\/wp-json\/wp\/v2\/posts\/90960\/revisions"}],"wp:featuredmedia":[{"embeddable":true,"href":"https:\/\/www.europesays.com\/se\/wp-json\/wp\/v2\/media\/90961"}],"wp:attachment":[{"href":"https:\/\/www.europesays.com\/se\/wp-json\/wp\/v2\/media?parent=90960"}],"wp:term":[{"taxonomy":"category","embeddable":true,"href":"https:\/\/www.europesays.com\/se\/wp-json\/wp\/v2\/categories?post=90960"},{"taxonomy":"post_tag","embeddable":true,"href":"https:\/\/www.europesays.com\/se\/wp-json\/wp\/v2\/tags?post=90960"}],"curies":[{"name":"wp","href":"https:\/\/api.w.org\/{rel}","templated":true}]}}