{"id":90962,"date":"2025-11-27T08:34:08","date_gmt":"2025-11-27T08:34:08","guid":{"rendered":"https:\/\/www.europesays.com\/se\/90962\/"},"modified":"2025-11-27T08:34:08","modified_gmt":"2025-11-27T08:34:08","slug":"bottennotering-for-v-toppnotering-for-kd-i-november","status":"publish","type":"post","link":"https:\/\/www.europesays.com\/se\/90962\/","title":{"rendered":"Bottennotering f\u00f6r V \u2013 toppnotering f\u00f6r KD i november"},"content":{"rendered":"<p>V\u00e4nsterpartiet forts\u00e4tter att tappa st\u00f6d och Kristdemokraterna forts\u00e4tter att \u00f6ka. Det visar Indikators opinionsunders\u00f6kning f\u00f6r november som utf\u00f6rts p\u00e5 uppdrag av Ekot. <\/p>\n<p>I unders\u00f6kningen f\u00e5r V\u00e4nsterpartiet 6,2 procent, vilket \u00e4r den l\u00e4gsta siffran i Indikators tre \u00e5r l\u00e5nga serie av m\u00e4tningar. F\u00f6r Kristdemokraterna blir det i\u202fst\u00e4llet en toppnotering p\u00e5 statistiskt s\u00e4kerst\u00e4llda 5,4 procent. <\/p>\n<p>Per Oleskog Tryggvason, opinionschef p\u00e5 Indikator, s\u00e4ger till Ekot att KD f\u00e5tt mycket uppm\u00e4rksamhet den senaste tiden. <\/p>\n<p>\u2013 Dels d\u00e5 att de haft sina partidagar nyligen och dels att det kommit mycket uppm\u00e4rksamhet i samband med Ebba Buschs (KD) utstr\u00e4ckta hand till Magdalena Andersson (S). <\/p>\n<p>Sverigedemokraterna, som n\u00e5dde en toppniv\u00e5 i oktober, backar n\u00e5got till 20,3 procent. Liberalerna f\u00e5r runt 2 procent medan Centerpartiet balanserar runt riksdagssp\u00e4rren p\u00e5 4,5 procent. <\/p>\n<p>Omni \u00e4r politiskt obundna och oberoende. Vi str\u00e4var efter att ge fler perspektiv p\u00e5 nyheterna. Har du fr\u00e5gor eller synpunkter kring v\u00e5r rapportering? <a href=\"https:\/\/omni.se\/bottennotering-for-v-toppnotering-for-kd-i-november\/a\/mailto:redaktion@omni.se\" class=\"ArticleActions_contactLink__W2F1M\" rel=\"nofollow noopener\" target=\"_blank\">Kontakta redaktionen<\/a><\/p>\n","protected":false},"excerpt":{"rendered":"V\u00e4nsterpartiet forts\u00e4tter att tappa st\u00f6d och Kristdemokraterna forts\u00e4tter att \u00f6ka. Det visar Indikators opinionsunders\u00f6kning f\u00f6r november som utf\u00f6rts&hellip;\n","protected":false},"author":2,"featured_media":90963,"comment_status":"","ping_status":"","sticky":false,"template":"","format":"standard","meta":{"footnotes":""},"categories":[12],"tags":[22,23,1983,1106,26,27,17,21,1107,24,25,639,2186,28,29,15,16,1982,18,34,31,33,617,32,30,19,20,1406],"class_list":{"0":"post-90962","1":"post","2":"type-post","3":"status-publish","4":"format-standard","5":"has-post-thumbnail","7":"category-sverige","8":"tag-breaking-news","9":"tag-breakingnews","10":"tag-centerpartiet","11":"tag-ebba-busch","12":"tag-featured-news","13":"tag-featurednews","14":"tag-headlines","15":"tag-huvudnyheter","16":"tag-kristdemokraterna","17":"tag-latest-news","18":"tag-latestnews","19":"tag-liberalerna","20":"tag-magdalena-andersson","21":"tag-main-news","22":"tag-mainnews","23":"tag-news","24":"tag-nyheter","25":"tag-opinionsundersokningar","26":"tag-rubriker","27":"tag-se","28":"tag-svenska","29":"tag-sverige","30":"tag-sverigedemokraterna","31":"tag-sweden","32":"tag-swedish","33":"tag-top-stories","34":"tag-topstories","35":"tag-vansterpartiet"},"share_on_mastodon":{"url":"https:\/\/pubeurope.com\/@se\/115620745349512530","error":""},"_links":{"self":[{"href":"https:\/\/www.europesays.com\/se\/wp-json\/wp\/v2\/posts\/90962","targetHints":{"allow":["GET"]}}],"collection":[{"href":"https:\/\/www.europesays.com\/se\/wp-json\/wp\/v2\/posts"}],"about":[{"href":"https:\/\/www.europesays.com\/se\/wp-json\/wp\/v2\/types\/post"}],"author":[{"embeddable":true,"href":"https:\/\/www.europesays.com\/se\/wp-json\/wp\/v2\/users\/2"}],"replies":[{"embeddable":true,"href":"https:\/\/www.europesays.com\/se\/wp-json\/wp\/v2\/comments?post=90962"}],"version-history":[{"count":0,"href":"https:\/\/www.europesays.com\/se\/wp-json\/wp\/v2\/posts\/90962\/revisions"}],"wp:featuredmedia":[{"embeddable":true,"href":"https:\/\/www.europesays.com\/se\/wp-json\/wp\/v2\/media\/90963"}],"wp:attachment":[{"href":"https:\/\/www.europesays.com\/se\/wp-json\/wp\/v2\/media?parent=90962"}],"wp:term":[{"taxonomy":"category","embeddable":true,"href":"https:\/\/www.europesays.com\/se\/wp-json\/wp\/v2\/categories?post=90962"},{"taxonomy":"post_tag","embeddable":true,"href":"https:\/\/www.europesays.com\/se\/wp-json\/wp\/v2\/tags?post=90962"}],"curies":[{"name":"wp","href":"https:\/\/api.w.org\/{rel}","templated":true}]}}