{"id":90966,"date":"2025-11-27T08:36:07","date_gmt":"2025-11-27T08:36:07","guid":{"rendered":"https:\/\/www.europesays.com\/se\/90966\/"},"modified":"2025-11-27T08:36:07","modified_gmt":"2025-11-27T08:36:07","slug":"influensasasongen-har-startat-ny-virusvariant-hotar-vantar-oss-markant-okning","status":"publish","type":"post","link":"https:\/\/www.europesays.com\/se\/90966\/","title":{"rendered":"Influensas\u00e4songen har startat \u2013 ny virusvariant hotar: \u201dV\u00e4ntar oss markant \u00f6kning\u201d"},"content":{"rendered":"<p class=\"mb-4 mx-auto max-w-xl\"><strong>\u00c5rets influensas\u00e4song \u00e4r nu i g\u00e5ng \u00e4ven i Sverige, enligt Folkh\u00e4lsomyndigheten.<\/strong><\/p>\n<p class=\"mb-4 mx-auto max-w-xl\"><strong>P\u00e5 grund av en ny virusvariant kan fler \u00e4n normalt drabbas.<\/strong><\/p>\n<p class=\"mb-4 mx-auto max-w-xl\"><strong>\u2013 Det finns viss risk att vi g\u00e5r mot en lite tuffare influensas\u00e4song, s\u00e4ger Erik Stureg\u00e5rd, tillf\u00f6rordnad statsepidemiolog.<\/strong><\/p>\n<p class=\"break-words mb-4 mx-auto max-w-xl\">Den Europeiska smittskyddsmyndigheten (ECDC) konstaterade nyligen att \u00e5rets influensas\u00e4song inletts ovanligt tidigt i EU.<\/p>\n<p class=\"break-words mb-4 mx-auto max-w-xl\">Nu \u00e4r smittspridningen i g\u00e5ng p\u00e5 allvar \u00e4ven i Sverige.<\/p>\n<p class=\"break-words mb-4 mx-auto max-w-xl\">\u2013 Vi kan v\u00e4nta oss en markant \u00f6kning av smittspridningen, s\u00e4ger socialminister Jakob Forssmed (KD) vid en presstr\u00e4ff.<\/p>\n<p>\u201dStort m\u00f6rkertal\u201d<\/p>\n<p class=\"break-words mb-4 mx-auto max-w-xl\">I f\u00f6rra veckan rapporterades 187 fall av s\u00e4songsinfluensan, ungef\u00e4r dubbelt s\u00e5 m\u00e5nga fall som veckan innan. Det \u00e4r ett tecken p\u00e5 att s\u00e4songen \u00e4r i g\u00e5ng, enligt Erik Stureg\u00e5rd.<\/p>\n<p class=\"break-words mb-4 mx-auto max-w-xl\">\u2013 De fall som testas \u00e4r de som s\u00f6ker sjukv\u00e5rd, s\u00e5 vi vet att det finns ett stort m\u00f6rkertal, s\u00e4ger han.<\/p>\n<p class=\"break-words mb-4 mx-auto max-w-xl\">\u2013 S\u00e5 n\u00e4r kurvan sticker i v\u00e4g och vi n\u00e5r ett visst tr\u00f6skelv\u00e4rde, d\u00e5 \u00e4r smittspridningen i g\u00e5ng. Men vi har fortfarande lite tid att f\u00f6rbereda oss.<\/p>\n<p class=\"break-words mb-4 mx-auto max-w-xl\">Analyserna visar att det i m\u00e5nga fall handlar om en nyuppt\u00e4ckt virusvariant av influensa A-viruset H3N2, den s\u00e5 kallade K-varianten, som tros kunna inneb\u00e4ra \u00f6kad smittspridning och s\u00e4mre vaccinskydd.<\/p>\n<p class=\"break-words mb-4 mx-auto max-w-xl\">\u2013 P\u00e5verkan p\u00e5 sjukv\u00e5rden \u00e4r \u00e4nnu begr\u00e4nsad. Men vi har f\u00e5tt signaler fr\u00e5n andra l\u00e4nder att vi har en variant, K-varianten, som har vissa f\u00f6r\u00e4ndringar som vi vet fr\u00e5n tidigare \u00e5r kan ge viss p\u00e5verkan p\u00e5 immuniteten, s\u00e4ger Erik Stureg\u00e5rd.<\/p>\n<p>Ny variant<\/p>\n<p class=\"break-words mb-4 mx-auto max-w-xl\">Det g\u00f6r att det finns risk f\u00f6r ett st\u00f6rre antal fall och f\u00f6r att vaccinet inte \u00e4r lika effektivt i \u00e5r. Vaccinet ger dock \u00e4nd\u00e5 skydd mot allvarligare sjukdom, po\u00e4ngterar Erik Stureg\u00e5rd.<\/p>\n<p class=\"break-words mb-4 mx-auto max-w-xl\">\u2013 Men det finns m\u00f6jligen en risk f\u00f6r fler antal fall, vilket kan ge en \u00f6kad belastning p\u00e5 sjukv\u00e5rden och \u00e4ldreomsorgen, s\u00e4ger han.<\/p>\n<p class=\"break-words mb-4 mx-auto max-w-xl\">Vid den h\u00e4r tidpunkten i fjol hade cirka 55 procent av dem \u00f6ver 65 \u00e5r hunnit vaccinera sig mot influensan. I \u00e5r \u00e4r vaccinationsgraden n\u00e5got l\u00e4gre.<\/p>\n<p class=\"break-words mb-4 mx-auto max-w-xl\">Samtidigt p\u00e5g\u00e5r fortsatt smittspridning av covid-19.<\/p>\n<p class=\"break-words mb-4 mx-auto max-w-xl\">\u2013 Det finns en m\u00f6jlighet nu. Det finns fortfarande tid f\u00f6r vaccinationer och att f\u00e5 upp t\u00e4ckningsgraden, s\u00e4ger Jacob Forssmed.<\/p>\n","protected":false},"excerpt":{"rendered":"\u00c5rets influensas\u00e4song \u00e4r nu i g\u00e5ng \u00e4ven i Sverige, enligt Folkh\u00e4lsomyndigheten. P\u00e5 grund av en ny virusvariant kan&hellip;\n","protected":false},"author":2,"featured_media":90967,"comment_status":"","ping_status":"","sticky":false,"template":"","format":"standard","meta":{"footnotes":""},"categories":[69],"tags":[113,112,34,31,33,32,30],"class_list":{"0":"post-90966","1":"post","2":"type-post","3":"status-publish","4":"format-standard","5":"has-post-thumbnail","7":"category-halsa","8":"tag-halsa","9":"tag-health","10":"tag-se","11":"tag-svenska","12":"tag-sverige","13":"tag-sweden","14":"tag-swedish"},"share_on_mastodon":{"url":"https:\/\/pubeurope.com\/@se\/115620753236644478","error":""},"_links":{"self":[{"href":"https:\/\/www.europesays.com\/se\/wp-json\/wp\/v2\/posts\/90966","targetHints":{"allow":["GET"]}}],"collection":[{"href":"https:\/\/www.europesays.com\/se\/wp-json\/wp\/v2\/posts"}],"about":[{"href":"https:\/\/www.europesays.com\/se\/wp-json\/wp\/v2\/types\/post"}],"author":[{"embeddable":true,"href":"https:\/\/www.europesays.com\/se\/wp-json\/wp\/v2\/users\/2"}],"replies":[{"embeddable":true,"href":"https:\/\/www.europesays.com\/se\/wp-json\/wp\/v2\/comments?post=90966"}],"version-history":[{"count":0,"href":"https:\/\/www.europesays.com\/se\/wp-json\/wp\/v2\/posts\/90966\/revisions"}],"wp:featuredmedia":[{"embeddable":true,"href":"https:\/\/www.europesays.com\/se\/wp-json\/wp\/v2\/media\/90967"}],"wp:attachment":[{"href":"https:\/\/www.europesays.com\/se\/wp-json\/wp\/v2\/media?parent=90966"}],"wp:term":[{"taxonomy":"category","embeddable":true,"href":"https:\/\/www.europesays.com\/se\/wp-json\/wp\/v2\/categories?post=90966"},{"taxonomy":"post_tag","embeddable":true,"href":"https:\/\/www.europesays.com\/se\/wp-json\/wp\/v2\/tags?post=90966"}],"curies":[{"name":"wp","href":"https:\/\/api.w.org\/{rel}","templated":true}]}}