{"id":91106,"date":"2025-11-27T10:51:36","date_gmt":"2025-11-27T10:51:36","guid":{"rendered":"https:\/\/www.europesays.com\/se\/91106\/"},"modified":"2025-11-27T10:51:36","modified_gmt":"2025-11-27T10:51:36","slug":"for-frida-stranne-arukraina-bara-en-kuliss-linda-jerneck","status":"publish","type":"post","link":"https:\/\/www.europesays.com\/se\/91106\/","title":{"rendered":"F\u00f6r Frida Stranne \u00e4r\nUkraina bara en kuliss | Linda Jerneck"},"content":{"rendered":"<p>Linda Jerneck<\/p>\n<p>Publicerad 25 nov 2025 kl 18.00Uppdaterad 26 nov kl 09.33<\/p>\n<p>Frida Stranne anklagar medierna f\u00f6r att kv\u00e4va diskussionen om kriget i Ukraina. Men n\u00e4r hon f\u00e5r fr\u00e5gor om vad hon faktiskt menar, blir svaret tystnad.<\/p>\n<p><img   alt=\"\"\/><\/p>\n<p>Frida Stranne \u00e4r docent i freds- och utvecklingsforskning.<\/p>\n<p>Foto: Anders Andersson \/ TT NYHETSBYR\u00c5N<\/p>\n<p>\u00d6ppna bild i helsk\u00e4rm<img loading=\"lazy\"   alt=\"\"\/><\/p>\n<p>P\u00e5 Sj\u00e4lvst\u00e4ndighetstorget i Kiev hedras offren f\u00f6r Rysslands krig i Ukraina.<\/p>\n<p>Foto: OLEKSII CHUMACHENKO\/SOPA IMAGES\/ \/ SHUTTERSTOCK EDITORIAL\/IBL<\/p>\n<p>\u00d6ppna bild i helsk\u00e4rm<img   alt=\"\"\/>Linda Jerneck<\/p>\n<p>Fredsforskaren Frida Stranne anklagar svenska medier f\u00f6r att ha \u201dblivit en del av krigsapparaten\u201d. Sk\u00e4let? Jag och en handfull andra ledarskribenter har kritiserat hennes texter om kriget i Ukraina. D\u00e4rmed har vi, enligt vad Stranne <a href=\"https:\/\/www.aftonbladet.se\/kultur\/a\/2pnGA4\/kriget-i-ukraina-och-mediernas-misslyckande-frida-stranne-kommenterar\" rel=\"nofollow noopener\" target=\"_blank\">skriver<\/a> p\u00e5 Aftonbladets kultursida, misst\u00e4nkliggjort forskningsbaserade analyser och h\u00e4ngt ut henne, vilket inneb\u00e4r \u201den offentlig bestraffning\u201d.<\/p>\n<p>Man kan ocks\u00e5 kalla det att f\u00e5 mothugg.<\/p>\n<p>Om den <a href=\"https:\/\/www.aftonbladet.se\/kultur\/a\/wO2Ek5\/frida-stranne-om-bevakningen-av-rysslands-invasion-av-ukraina\" rel=\"nofollow noopener\" target=\"_blank\">kultursidestext<\/a> som jag <a href=\"https:\/\/www.expressen.se\/ledare\/linda-jerneck\/usa-hatet-gor-forskaren--blind-for-rysslands-brott\/\" rel=\"nofollow noopener\" target=\"_blank\">kritiserade<\/a> Stranne f\u00f6r i april 2022 var baserad p\u00e5 forskning, doldes det v\u00e4l. Den inneh\u00f6ll inga h\u00e4nvisningar till forskningsartiklar. Men desto mer om hur det \u00e4r att vara Frida Stranne. Jobbigt, kan man sammanfatta. Hon tappar andan, blir omskakad och f\u00f6rbluffad. Hon \u201dsk\u00e4ms inf\u00f6r alla m\u00e4nniskor som erfarit v\u00e5r (v\u00e4sts) milit\u00e4ra aggression genom decennier bak\u00e5t\u201d.<\/p>\n<p><strong>Men det \u00e4r hennes kritiker som inte kan skilja \u201drealistisk strategi fr\u00e5n k\u00e4nsla\u201d f\u00e5r vi h\u00f6ra nu. Jaha. Mea culpa.<\/strong><\/p>\n<p>Min kritik handlade om att Frida Stranne beskrev kriget som en kamp mellan USA och <a href=\"https:\/\/www.expressen.se\/tagg\/location\/ryssland\/\" class=\"\" rel=\"nofollow noopener\" target=\"_blank\">Ryssland<\/a>, och att hon reducerade Ukraina till den blodm\u00e4ttade jord d\u00e4r stormakter ska g\u00f6ra upp. Ukrainarnas perspektiv och vilja var helt fr\u00e5nvarande i hennes resonemang.\u00a0<\/p>\n<p>I st\u00e4llet skrev Stranne konspiratoriskt om \u201dvilka krafter som kan vara i r\u00f6relse i Ukraina\u201d och \u201dvilka intressen som driver p\u00e5 fr\u00e5n olika h\u00e5ll\u201d.\u00a0<\/p>\n<p><strong>Jag har fortfarande inte f\u00e5tt svar p\u00e5 vilka \u201dkrafter\u201d och \u201dintressen\u201d som avs\u00e5gs.\u00a0<\/strong><\/p>\n<p>Ett <a href=\"https:\/\/www.expressen.se\/kultur\/bocker\/nej-det-ar-inte-usas-fel-att-putin-invaderat-ukraina\/\" rel=\"nofollow noopener\" target=\"_blank\">\u00e5terkommande<\/a> tema i Frida Strannes \u201dforskningsbaserade analyser\u201d \u00e4r att USA\/v\u00e4st borde ha g\u00e5tt Putin till m\u00f6tes, och gett Ryssland s\u00e4kerhetsgarantier \u2013 det vill s\u00e4ga, att tvinga grannl\u00e4nder som Ukraina, men ocks\u00e5 Finland och Sverige, att underordna sig en rysk intressesf\u00e4r.\u00a0<\/p>\n<p>Mina inv\u00e4ndningar mot det \u00e4r tv\u00e5. Dels att \u00e4ven sm\u00e5 stater har r\u00e4tt att sj\u00e4lva besluta om sin utrikes- och s\u00e4kerhetspolitik \u2013 en \u00e5sikt som \u00e4r f\u00f6rankrad i folkr\u00e4tten.\u00a0<\/p>\n<blockquote><p>Det \u00e4r viktigt med h\u00f6gt i tak och en m\u00e5ngfald av r\u00f6ster, i det har Frida Stranne r\u00e4tt. Desto m\u00e4rkligare det att hon inte bem\u00f6ter den kritik hon har f\u00e5tt.<\/p><\/blockquote>\n<p>Dels analysen att v\u00e4rlden inte blir s\u00e4krare om v\u00e4stl\u00e4nderna ger efter f\u00f6r ett imperialistiskt och nationalistiskt Ryssland. Inget skulle hindrat Putin fr\u00e5n att skruva upp kraven om strategin hade visat sig framg\u00e5ngsrik.\u00a0<\/p>\n<p>Men Frida Stranne verkar inte s\u00e5 intresserad av att diskutera i sak.<\/p>\n<p>\u201dPersonligen gick jag \u00f6ver en natt fr\u00e5n att vara en av Sveriges mest anlitade USA-experter till att i praktiken utest\u00e4ngas fr\u00e5n det offentliga samtalet\u201d, skriver hon.\u00a0<\/p>\n<p><strong>Det \u00e4r h\u00e4r skon kl\u00e4mmer, f\u00f6rst\u00e5r man. Frida Stranne \u00e4r kancellerad! Det tas som int\u00e4kt f\u00f6r att den svenska journalistiken har gjort sig till ett verktyg f\u00f6r makten. En t\u00e4mligen l\u00e5ngtg\u00e5ende slutsats p\u00e5 ett svagt underlag, kan man tycka.<\/strong><\/p>\n<p>Annons<\/p>\n<p>Under krigets fyra \u00e5r har Frida Stranne varit inbjuden som expert i public services flaggskepp Agenda flera g\u00e5nger \u2013 och hon skriver \u00e5terkommande p\u00e5 Aftonbladets kultursida. \u00c4ven som \u201dutest\u00e4ngd\u201d har hon ett genomslag som de flesta svenska akademiker bara kan dr\u00f6mma om.\u00a0<\/p>\n<p>Det \u00e4r viktigt med h\u00f6gt i tak och en m\u00e5ngfald av r\u00f6ster, i det har Frida Stranne r\u00e4tt. Desto m\u00e4rkligare, d\u00e5, att hon inte bem\u00f6ter den kritik hon har f\u00e5tt. Mina f\u00f6ljdfr\u00e5gor har hon fortfarande inte besvarat. Det hade man ju annars v\u00e4ntat sig, av n\u00e5gon som skriver h\u00f6gtidligt om att bristen p\u00e5 \u00f6ppen diskussion betyder att demokratin f\u00f6rlorar \u201dsin intellektuella ryggrad\u201d.<\/p>\n<p><strong>Det \u00e4r kanske sv\u00e5rare att formulera vad hon menar, \u00e4n att kura ihop sig under sj\u00e4lv\u00f6mkans mjuka filt.\u00a0<\/strong><\/p>\n<p>Linda Jerneck \u00e4r bitr\u00e4dande politisk redakt\u00f6r p\u00e5 Expressen. L\u00e4s fler av hennes texter <a href=\"https:\/\/www.expressen.se\/av\/linda-jerneck\/\" rel=\"nofollow noopener\" target=\"_blank\">h\u00e4r<\/a>.<\/p>\n<p><strong>L\u00c4S MER: <\/strong><a href=\"https:\/\/www.expressen.se\/ledare\/linda-jerneck\/usa-hatet-gor-forskaren--blind-for-rysslands-brott\/\" class=\"\" rel=\"nofollow noopener\" target=\"_blank\">USA-hatet g\u00f6r forskaren  blind f\u00f6r Rysslands brott<\/a><strong>L\u00c4S MER: <\/strong><a href=\"https:\/\/www.expressen.se\/ledare\/linda-jerneck\/nato-far-inte-tveka-nar--putin-gar-over-gransen\/\" class=\"\" rel=\"nofollow noopener\" target=\"_blank\">Nato f\u00e5r inte tveka n\u00e4r  Putin g\u00e5r \u00f6ver gr\u00e4nsen<\/a><\/p>\n","protected":false},"excerpt":{"rendered":"Linda Jerneck Publicerad 25 nov 2025 kl 18.00Uppdaterad 26 nov kl 09.33 Frida Stranne anklagar medierna f\u00f6r att&hellip;\n","protected":false},"author":2,"featured_media":91107,"comment_status":"","ping_status":"","sticky":false,"template":"","format":"standard","meta":{"footnotes":""},"categories":[12],"tags":[22,23,26,27,17,21,24,25,274,202,45,28,29,15,16,10429,18,34,36,31,33,32,30,19,2189,20],"class_list":{"0":"post-91106","1":"post","2":"type-post","3":"status-publish","4":"format-standard","5":"has-post-thumbnail","7":"category-sverige","8":"tag-breaking-news","9":"tag-breakingnews","10":"tag-featured-news","11":"tag-featurednews","12":"tag-headlines","13":"tag-huvudnyheter","14":"tag-latest-news","15":"tag-latestnews","16":"tag-location-ryssland","17":"tag-location-ukraina","18":"tag-location-usa","19":"tag-main-news","20":"tag-mainnews","21":"tag-news","22":"tag-nyheter","23":"tag-person-frida-stranne","24":"tag-rubriker","25":"tag-se","26":"tag-sections-lindajerneck","27":"tag-svenska","28":"tag-sverige","29":"tag-sweden","30":"tag-swedish","31":"tag-top-stories","32":"tag-topic-sakerhetspolitik","33":"tag-topstories"},"share_on_mastodon":{"url":"https:\/\/pubeurope.com\/@se\/115621284026945951","error":""},"_links":{"self":[{"href":"https:\/\/www.europesays.com\/se\/wp-json\/wp\/v2\/posts\/91106","targetHints":{"allow":["GET"]}}],"collection":[{"href":"https:\/\/www.europesays.com\/se\/wp-json\/wp\/v2\/posts"}],"about":[{"href":"https:\/\/www.europesays.com\/se\/wp-json\/wp\/v2\/types\/post"}],"author":[{"embeddable":true,"href":"https:\/\/www.europesays.com\/se\/wp-json\/wp\/v2\/users\/2"}],"replies":[{"embeddable":true,"href":"https:\/\/www.europesays.com\/se\/wp-json\/wp\/v2\/comments?post=91106"}],"version-history":[{"count":0,"href":"https:\/\/www.europesays.com\/se\/wp-json\/wp\/v2\/posts\/91106\/revisions"}],"wp:featuredmedia":[{"embeddable":true,"href":"https:\/\/www.europesays.com\/se\/wp-json\/wp\/v2\/media\/91107"}],"wp:attachment":[{"href":"https:\/\/www.europesays.com\/se\/wp-json\/wp\/v2\/media?parent=91106"}],"wp:term":[{"taxonomy":"category","embeddable":true,"href":"https:\/\/www.europesays.com\/se\/wp-json\/wp\/v2\/categories?post=91106"},{"taxonomy":"post_tag","embeddable":true,"href":"https:\/\/www.europesays.com\/se\/wp-json\/wp\/v2\/tags?post=91106"}],"curies":[{"name":"wp","href":"https:\/\/api.w.org\/{rel}","templated":true}]}}