{"id":91114,"date":"2025-11-27T10:59:20","date_gmt":"2025-11-27T10:59:20","guid":{"rendered":"https:\/\/www.europesays.com\/se\/91114\/"},"modified":"2025-11-27T10:59:20","modified_gmt":"2025-11-27T10:59:20","slug":"varningen-risk-for-sorkfeber-bland-manniskor-vasterbottens-kuriren","status":"publish","type":"post","link":"https:\/\/www.europesays.com\/se\/91114\/","title":{"rendered":"Varningen: Risk f\u00f6r sorkfeber bland m\u00e4nniskor &#8211; V\u00e4sterbottens-Kuriren"},"content":{"rendered":"<ol>\n<li><a href=\"https:\/\/news.google.com\/rss\/articles\/CBMihgFBVV95cUxNQW5EdXUzSnJteUpMaERtZ0pBSmIzNTlmUk85dENVODBjQzlOYlV4ZWxlajJGMXZCT1BFWVdoamEtSC1zM2VQMzBKWGlZeGtoQUtxZzhmMnd1VEp1OFhYQjBxN0dJV1dwc2VIU2RMMm4ybjFxbTktRmtqQ2VlaW5oc0VDS0tOZw?oc=5\" target=\"_blank\" rel=\"nofollow noopener\">Varningen: Risk f\u00f6r sorkfeber bland m\u00e4nniskor<\/a>&nbsp;&nbsp;V\u00e4sterbottens-Kuriren<\/li>\n<li><a href=\"https:\/\/news.google.com\/rss\/articles\/CBMiigFBVV95cUxOVnY0c0UybDZyWjlEN3A3M1NVV3k4OWdnaE9BTnFjWHZrUHd1WFB2YkQ5MzQzX2dsYU01Mlh1NF9aWUw4aEVWclhodXRRb1BCMHZIQ0doNGU0LWhNbGhmc0VRRmhrVU15M1NWUHhMaDZqVWZMbE1DRXNPbGROTVZjX0xwQU40akNDMFE?oc=5\" target=\"_blank\" rel=\"nofollow noopener\">Stor risk f\u00f6r sorkfeber \u2013 forskarnas uppmaning: \u201dMus i hus\u201d<\/a>&nbsp;&nbsp;Aftonbladet<\/li>\n<li><a href=\"https:\/\/news.google.com\/rss\/articles\/CBMipAFBVV95cUxNSmdBY2swWEd3R1diekNUU2QxRHBpbmJtd0hCUjFUdE40TjdMS2ZYM2x5azZxTDZ6SG94a1dlYVdBV29abWpXZm9NLXlxQTQ5bFByc2o2Ml9hN0h6U3dtdTl1TERMWjl3Tk4yaGFoZmMzbmJRQjZ1SFAwd3BSRUU2b2FnUV94dVoxSDVsRTYyYWhVWkYxNU5fLUtFRmdkcWRUYUZhUA?oc=5\" target=\"_blank\" rel=\"nofollow noopener\">Stor risk f\u00f6r sorkfeber \u2013 inv\u00e5nare i norra Sverige varnas<\/a>&nbsp;&nbsp;SVT Nyheter<\/li>\n<li><a href=\"https:\/\/news.google.com\/rss\/articles\/CBMihAFBVV95cUxOcFJjRm44Z0hfcFRFb3MzR0N6VTkzX1VENG1ZNmVFQTRyUGRiUWhjY2IwNTJkblA5QXRfT2xzLTNIblltbFNXUkFtNkpSelV5cnBicGk2Ui1WMlFNZXJRTE9HQUhnOHRiRDNJUEVmOFhELWNIMExKZWVRNjQ3NW9ZYmRSN0Y?oc=5\" target=\"_blank\" rel=\"nofollow noopener\">Sorkfeber p\u00e5 v\u00e4g tillbaka \u2013 forskare varnar f\u00f6r utbrott<\/a>&nbsp;&nbsp;Omni<\/li>\n<li><a href=\"https:\/\/news.google.com\/rss\/articles\/CBMie0FVX3lxTE5xVTFlczZqLWpxWEQtSml4VGY5RDd1Ql9reVRZMm1qU0l1Z0ppZUYyS3pDMUVFOWNpSVJJYVQ3QktNbS05SGtDV08yRnAycDZzMmRneEpScGR0YWpndENuMWR5MmJCSURNWVYwOENaNVZJWHUzSXNYbGpKMA?oc=5\" target=\"_blank\" rel=\"nofollow noopener\">Varningen: Stor risk f\u00f6r sorkfeber<\/a>&nbsp;&nbsp;Nerikes Allehanda<\/li>\n<\/ol>\n","protected":false},"excerpt":{"rendered":"Varningen: Risk f\u00f6r sorkfeber bland m\u00e4nniskor&nbsp;&nbsp;V\u00e4sterbottens-Kuriren Stor risk f\u00f6r sorkfeber \u2013 forskarnas uppmaning: \u201dMus i hus\u201d&nbsp;&nbsp;Aftonbladet Stor risk&hellip;\n","protected":false},"author":2,"featured_media":91115,"comment_status":"","ping_status":"","sticky":false,"template":"","format":"standard","meta":{"footnotes":""},"categories":[12],"tags":[22,23,26,27,17,21,24,25,28,29,15,16,18,34,31,33,32,30,19,20],"class_list":{"0":"post-91114","1":"post","2":"type-post","3":"status-publish","4":"format-standard","5":"has-post-thumbnail","7":"category-sverige","8":"tag-breaking-news","9":"tag-breakingnews","10":"tag-featured-news","11":"tag-featurednews","12":"tag-headlines","13":"tag-huvudnyheter","14":"tag-latest-news","15":"tag-latestnews","16":"tag-main-news","17":"tag-mainnews","18":"tag-news","19":"tag-nyheter","20":"tag-rubriker","21":"tag-se","22":"tag-svenska","23":"tag-sverige","24":"tag-sweden","25":"tag-swedish","26":"tag-top-stories","27":"tag-topstories"},"share_on_mastodon":{"url":"https:\/\/pubeurope.com\/@se\/115621315499860675","error":""},"_links":{"self":[{"href":"https:\/\/www.europesays.com\/se\/wp-json\/wp\/v2\/posts\/91114","targetHints":{"allow":["GET"]}}],"collection":[{"href":"https:\/\/www.europesays.com\/se\/wp-json\/wp\/v2\/posts"}],"about":[{"href":"https:\/\/www.europesays.com\/se\/wp-json\/wp\/v2\/types\/post"}],"author":[{"embeddable":true,"href":"https:\/\/www.europesays.com\/se\/wp-json\/wp\/v2\/users\/2"}],"replies":[{"embeddable":true,"href":"https:\/\/www.europesays.com\/se\/wp-json\/wp\/v2\/comments?post=91114"}],"version-history":[{"count":0,"href":"https:\/\/www.europesays.com\/se\/wp-json\/wp\/v2\/posts\/91114\/revisions"}],"wp:featuredmedia":[{"embeddable":true,"href":"https:\/\/www.europesays.com\/se\/wp-json\/wp\/v2\/media\/91115"}],"wp:attachment":[{"href":"https:\/\/www.europesays.com\/se\/wp-json\/wp\/v2\/media?parent=91114"}],"wp:term":[{"taxonomy":"category","embeddable":true,"href":"https:\/\/www.europesays.com\/se\/wp-json\/wp\/v2\/categories?post=91114"},{"taxonomy":"post_tag","embeddable":true,"href":"https:\/\/www.europesays.com\/se\/wp-json\/wp\/v2\/tags?post=91114"}],"curies":[{"name":"wp","href":"https:\/\/api.w.org\/{rel}","templated":true}]}}