{"id":91197,"date":"2025-11-27T12:43:08","date_gmt":"2025-11-27T12:43:08","guid":{"rendered":"https:\/\/www.europesays.com\/se\/91197\/"},"modified":"2025-11-27T12:43:08","modified_gmt":"2025-11-27T12:43:08","slug":"mohamed-suleiman-och-layth-al-azzawis-mordare-fick-livstid","status":"publish","type":"post","link":"https:\/\/www.europesays.com\/se\/91197\/","title":{"rendered":"Mohamed Suleiman och Layth Al-Azzawis m\u00f6rdare fick livstid"},"content":{"rendered":"<p>Publicerad 27 nov 2025 kl 13.30<\/p>\n<p>14-\u00e5ringarna Mohamed Suleiman och Layth al-Azzawi hittades sk\u00e4ndade och m\u00f6rdade i skogen i Stockholm.<\/p>\n<p>Robin Hedman Johansson, George Hanna och Can Toumi d\u00f6mdes livstids f\u00e4ngelse.<\/p>\n<p>Foxtrotmannen Evangelos Strati friades fr\u00e5n alla misstankar.<\/p>\n<p>I dag 14.00 faller hovr\u00e4ttsdomen.\u00a0<\/p>\n<p><img   alt=\"\"\/><\/p>\n<p>Foxtrotmannen Robin Hedman Johansson,<\/p>\n<p>Foto: Polisen<\/p>\n<p>\u00d6ppna bild i helsk\u00e4rm<img loading=\"lazy\"   alt=\"\"\/><\/p>\n<p>Can Tuomi d\u00f6ms till livstids f\u00e4ngelse.<\/p>\n<p>Foto: Polisen<\/p>\n<p>\u00d6ppna bild i helsk\u00e4rm<img loading=\"lazy\"   alt=\"\"\/><\/p>\n<p>Evangelos Strati.<\/p>\n<p>Foto: Polisen<\/p>\n<p>\u00d6ppna bild i helsk\u00e4rm<\/p>\n<p>Sommaren 2023 m\u00f6rdades och dumpades 14-\u00e5ringarna Mohamed Suleiman och Layth al-Azzawi i tv\u00e5 olika skogsomr\u00e5den i Stockholm, i Nyn\u00e4shamn och Upplands-Bro. Enligt utredningen hade de b\u00e5da blivit frihetsber\u00f6vade och utsatts f\u00f6r s\u00e5 grovt v\u00e5ld att det beskrivits som tortyr.<\/p>\n<p>Polisutredningen pekar p\u00e5 att pojkarna hamnat i klorna p\u00e5 Foxtrotn\u00e4tverket. B\u00e5da pojkarna anklagades f\u00f6r att ha slarvat bort pistoler som tillh\u00f6rde Foxtrot.<\/p>\n<p>I juni d\u00f6mdes flera personer i S\u00f6dert\u00f6rns tingsr\u00e4tt f\u00f6r inblandning i morden.<\/p>\n<p>\u2013 Mordet p\u00e5 den pojke som m\u00f6rdades i Nyn\u00e4shamns kommun \u00e4r monstru\u00f6st och straffet f\u00f6r det brottet kan inte bli annat \u00e4n f\u00e4ngelse p\u00e5 livstid, sa G\u00f6ran Nilsson som har varit ordf\u00f6rande i m\u00e5let.<\/p>\n<p>Tre livstidsd\u00f6mda<\/p>\n<p>Tre m\u00e4n d\u00f6mdes till livstids f\u00e4ngelse:<\/p>\n<p>\u2022 Den 33-\u00e5rige Robin Hedman Johansson, som beskrivs som \u201dprojektledare\u201d inom Foxtrotn\u00e4tverket, pekas ut som spindeln i n\u00e4tet och den som beordrat de tv\u00e5 tortyrmorden. Han <a href=\"https:\/\/www.expressen.se\/nyheter\/sverige\/foxtrotmannen-robin-hedman-johansson-gripen-pa-arlanda\/\" rel=\"nofollow noopener\" target=\"_blank\">greps i Dubai<\/a> och utl\u00e4mnades i mars f\u00f6rra \u00e5ret.<\/p>\n<p>\u2022 Den 32-\u00e5rige George Hanna d\u00f6ms f\u00f6r mord p\u00e5 Mohamed Suleiman, men frias f\u00f6r mord p\u00e5 Layth al-Azzawi. Enligt tingsr\u00e4tten g\u00e5r det inte att bevisa var, n\u00e4r eller hur pojken dog.<\/p>\n<p>George Hanna d\u00f6mdes tidigare i \u00e5r till f\u00e4ngelse i 8 \u00e5r och 6 m\u00e5nader f\u00f6r synnerligt grovt narkotikabrott tillsammans med ytterligare en av de \u00e5talade \u2013 <a href=\"https:\/\/www.expressen.se\/nyheter\/sverige\/evangelos-strati-lurades-av-polisagent-straffas-hardare\/\" rel=\"nofollow noopener\" target=\"_blank\">Foxtrotmannen Evangelos Strati, 27<\/a>.<\/p>\n<p>\u2022 En tredje man, 24-\u00e5rige Can Tuomi som \u00e4r medborgare i Finland, d\u00f6mdes ocks\u00e5 till livstid f\u00f6r sin inblandning i mordet p\u00e5 Mohamed Suleiman. Enligt utredningen sp\u00e4rrade han in pojken och tvingade honom till skogsomr\u00e5det.<\/p>\n<p><img loading=\"lazy\"   alt=\"\"\/><\/p>\n<p>14-\u00e5ringarna Mohamed Suleiman och Layth al-Azzawi hittades sk\u00e4ndade och m\u00f6rdade i skogen sommaren 2023.<\/p>\n<p>Foto: PRIVAT<\/p>\n<p>\u00d6ppna bild i helsk\u00e4rm<\/p>\n<p>Enligt utredningen ska Evangelos Strati, tillsammans med Robin Hedman Johansson, beordrat mordet p\u00e5 Mohamed Suleiman. Men tings\u00e4tten friade Strati p\u00e5 samtliga punkter.<\/p>\n<p>De 14-\u00e5riga pojkarna Mohamed Suleiman och Layth al-azzawi f\u00f6rsvann b\u00e5da fr\u00e5n sina HVB-hem i slutet av juli 2023, och anm\u00e4ldes kort d\u00e4refter som f\u00f6rsvunna.<\/p>\n<p>I polisutredningen framg\u00e5r att Mohamed Suleiman blev knivhuggen 28 g\u00e5nger och dog av inre och yttre f\u00f6rbl\u00f6dning. P\u00e5 bilder som cirkulerat visades pojken sittande p\u00e5 ett golv med bakbundna h\u00e4nder och \u00f6vertejpad mun.<\/p>\n<p>En annan bild f\u00f6rest\u00e4llde den andra 14-\u00e5ringen, Layth al-Azzawi, n\u00e4r han l\u00e5g i en postvagn, bakbunden med tejpad mun. En tredje bild visade pojkens kropp dumpad i ett skogsomr\u00e5de. Enligt \u00e5talet blev han sannolikt strypt.<\/p>\n<p><img loading=\"lazy\"   alt=\"\"\/><\/p>\n<p>I november 2024 landade Robin Hedman Johansson i Sverige f\u00f6r att frivilligt \u00f6verl\u00e4mna sig till polisen.<\/p>\n<p>Foto: LISA MATTISSON<\/p>\n<p>\u00d6ppna bild i helsk\u00e4rm<\/p>\n<p>Robin Hedman Johansson, som pekats ut som Foxtrot-ledaren Rawa Majids \u201dprojektledare\u201d i v\u00e5ldsv\u00e5gen, var den som beordrade att pojkarna skulle misshandlas och tejpas runt h\u00e4nder och mun \u2013 och sedan f\u00f6ras till de skogsomr\u00e5den d\u00e4r de senare hittades m\u00f6rdade.<\/p>\n<p>Annons<\/p>\n<p>I utredningen framkommer att Robin Hedman Johansson skickade order i en gruppchatt, bland annat om vad som skulle g\u00f6ras med Layth:<\/p>\n<p>\u201dTa fram han bror kidnappa han\u201d.<\/p>\n<p>\u201dHan ska d\u00f6\u201d.<\/p>\n<p>Listan \u00f6ver anklagelser i den omfattande utredningen \u2013 d\u00e4r 18 personer stod \u00e5talade \u2013 \u00e4r diger.<\/p>\n<p>Utredningen omfattade dels mord och m\u00e4nniskorov p\u00e5 14-\u00e5ringarna, dels f\u00f6rberedelse till mord riktat mot andra m\u00e5ls\u00e4gande som har \u00e4gt rum dagarna innan morden. I \u00e5talet ingick \u00e4ven ett misst\u00e4nkt sexk\u00f6p gjort av George Hanna, vilket tingr\u00e4tten friade honom f\u00f6r.<\/p>\n<p>Tingsr\u00e4tten d\u00f6mde i juni totalt elva personer f\u00f6r inblandning i d\u00e5den mot Mohamed Suleiman och Layth al-Azzawi.<\/p>\n<p><strong>L\u00c4S MER: <\/strong><a href=\"https:\/\/www.expressen.se\/nyheter\/krim\/nu-doms-layth-och-mohameds-mordare\/\" class=\"\" rel=\"nofollow noopener\" target=\"_blank\">Nu d\u00f6ms Layth och Mohameds m\u00f6rdare<\/a><strong>L\u00c4S MER: <\/strong><a href=\"https:\/\/www.expressen.se\/nyheter\/sverige\/orden-i-mordchatten-om-momo-och-layth-ska-do\/\" class=\"\" rel=\"nofollow noopener\" target=\"_blank\">Orden i mordchatten om Mohamed och Layth: \u201dSka d\u00f6\u201d<\/a><\/p>\n","protected":false},"excerpt":{"rendered":"Publicerad 27 nov 2025 kl 13.30 14-\u00e5ringarna Mohamed Suleiman och Layth al-Azzawi hittades sk\u00e4ndade och m\u00f6rdade i skogen&hellip;\n","protected":false},"author":2,"featured_media":91198,"comment_status":"","ping_status":"","sticky":false,"template":"","format":"standard","meta":{"footnotes":""},"categories":[12],"tags":[22,23,26,27,17,21,24,25,28,29,15,16,3091,18,34,666,31,33,32,30,19,668,436,20],"class_list":{"0":"post-91197","1":"post","2":"type-post","3":"status-publish","4":"format-standard","5":"has-post-thumbnail","7":"category-sverige","8":"tag-breaking-news","9":"tag-breakingnews","10":"tag-featured-news","11":"tag-featurednews","12":"tag-headlines","13":"tag-huvudnyheter","14":"tag-latest-news","15":"tag-latestnews","16":"tag-main-news","17":"tag-mainnews","18":"tag-news","19":"tag-nyheter","20":"tag-organization-foxtrot-natverket","21":"tag-rubriker","22":"tag-se","23":"tag-sections-krim","24":"tag-svenska","25":"tag-sverige","26":"tag-sweden","27":"tag-swedish","28":"tag-top-stories","29":"tag-topic-gangkriminalitet","30":"tag-topic-valdsbrott-mord","31":"tag-topstories"},"share_on_mastodon":{"url":"https:\/\/pubeurope.com\/@se\/115621724436160703","error":""},"_links":{"self":[{"href":"https:\/\/www.europesays.com\/se\/wp-json\/wp\/v2\/posts\/91197","targetHints":{"allow":["GET"]}}],"collection":[{"href":"https:\/\/www.europesays.com\/se\/wp-json\/wp\/v2\/posts"}],"about":[{"href":"https:\/\/www.europesays.com\/se\/wp-json\/wp\/v2\/types\/post"}],"author":[{"embeddable":true,"href":"https:\/\/www.europesays.com\/se\/wp-json\/wp\/v2\/users\/2"}],"replies":[{"embeddable":true,"href":"https:\/\/www.europesays.com\/se\/wp-json\/wp\/v2\/comments?post=91197"}],"version-history":[{"count":0,"href":"https:\/\/www.europesays.com\/se\/wp-json\/wp\/v2\/posts\/91197\/revisions"}],"wp:featuredmedia":[{"embeddable":true,"href":"https:\/\/www.europesays.com\/se\/wp-json\/wp\/v2\/media\/91198"}],"wp:attachment":[{"href":"https:\/\/www.europesays.com\/se\/wp-json\/wp\/v2\/media?parent=91197"}],"wp:term":[{"taxonomy":"category","embeddable":true,"href":"https:\/\/www.europesays.com\/se\/wp-json\/wp\/v2\/categories?post=91197"},{"taxonomy":"post_tag","embeddable":true,"href":"https:\/\/www.europesays.com\/se\/wp-json\/wp\/v2\/tags?post=91197"}],"curies":[{"name":"wp","href":"https:\/\/api.w.org\/{rel}","templated":true}]}}