{"id":91211,"date":"2025-11-27T12:51:11","date_gmt":"2025-11-27T12:51:11","guid":{"rendered":"https:\/\/www.europesays.com\/se\/91211\/"},"modified":"2025-11-27T12:51:11","modified_gmt":"2025-11-27T12:51:11","slug":"islamisthustrun-kravs-pa-14-miljoner-ljog-om-handikapp","status":"publish","type":"post","link":"https:\/\/www.europesays.com\/se\/91211\/","title":{"rendered":"Islamisthustrun kr\u00e4vs p\u00e5 1,4 miljoner \u2013 lj\u00f6g om handikapp"},"content":{"rendered":"<p>Hustrun till en av landets farligaste islamister \u2013 den f\u00e4ngslade imamen Hussein al-Jibury \u2013 blev av med sina LSS-bidrag i Ume\u00e5.<\/p>\n<p>Det efter att S\u00e4kerhetspolisen slagit larm om att hon \u00f6verdrivit sitt handikapp.<\/p>\n<p>D\u00e5 flyttade familjen till Malm\u00f6, d\u00e4r hon kunde forts\u00e4tta f\u00e5 bidrag.\u00a0<\/p>\n<p>Nu kr\u00e4vs hon p\u00e5 1,4 miljoner kronor efter att hon avsl\u00f6jats p\u00e5 en dold filminspelning.<\/p>\n<p>Det var n\u00e4r tv\u00e5 filmklipp fr\u00e5n en parkeringsplats i <a href=\"https:\/\/www.expressen.se\/tagg\/location\/malmo\/\" class=\"\" rel=\"nofollow noopener\" target=\"_blank\">Malm\u00f6<\/a> l\u00e4mnades in anonymt p\u00e5 en USB-sticka i receptionen p\u00e5 Funktionsst\u00f6dsf\u00f6rvaltningen, som kommunen b\u00f6rjade granska kvinnans fall.\u00a0<\/p>\n<p>Utifr\u00e5n filmerna kunde handl\u00e4ggarna bed\u00f6ma att kvinnan hade helt andra r\u00f6relsem\u00f6jligheter \u00e4n vad hon f\u00e5tt ers\u00e4ttning f\u00f6r.\u00a0<\/p>\n<p>F\u00f6rst d\u00e5 uppt\u00e4ckte Malm\u00f6 kommun att kvinnan redan f\u00f6r flera \u00e5r sedan f\u00e5tt motsvarande bidrag indragna av sin tidigare hemkommun Ume\u00e5. \u00c4ven d\u00e4r hade man satt stopp p\u00e5 utbetalningarna till kvinnan d\u00e5 man gjorde bed\u00f6mningen att kvinnan inte hade s\u00e5 allvarliga besv\u00e4r som hon f\u00e5tt pengar f\u00f6r.<\/p>\n<p>Artikeln i korthet<\/p>\n<p> Hustrun till islamisten och s\u00e4kerhetsrisken Hussein al-Jibury ska betala tillbaka 1,4 miljoner kronor till Malm\u00f6 stad.<\/p>\n<p> En dold filminspelning visade att hustrun inte hade de handikapp som hon fick LSS-bidrag f\u00f6r.<br \/> Al-Jibury \u00e4r en av huvudakt\u00f6rerna i det islamistiska n\u00e4tverk som f\u00e5tt \u00f6ver en miljard i skattemedel genom \u00e5ren. \u00a0<\/p>\n<p>Visa mer<img loading=\"lazy\"   alt=\"\"\/><\/p>\n<p>N\u00e4r Malm\u00f6 kommun avsl\u00f6jade islamisthustrun hade de redan betalat ut 1,4 miljoner i LSS-bidrag.<\/p>\n<p>Foto: JENS CHRISTIAN<\/p>\n<p>\u00d6ppna bild i helsk\u00e4rmS\u00e4po slog larm<\/p>\n<p>I Ume\u00e5 var det S\u00e4kerhetspolisen som slog larm om att de i sitt arbete mot v\u00e5ldsbejakande extremism kunnat observera kvinnan d\u00e5 hon utf\u00f6rde sysslor som hon enligt besluten om LSS inte skulle ha m\u00f6jlighet att utf\u00f6ra.\u00a0<\/p>\n<p>Beslutet om indraget LSS-bidrag \u00f6verklagades till domstol, d\u00e4r Ume\u00e5 kommun fick r\u00e4tt.\u00a0<\/p>\n<p>Ume\u00e5 kommuns avslagsbeslut och argumentation f\u00f6r indraget LSS-bidrag fanns hos domstolen &#8211; helt \u00f6ppet med undantag f\u00f6r strikt medicinska uppgifter som sekretessbelagts &#8211; d\u00e5 kvinnan flyttade med familjen till Malm\u00f6 och ans\u00f6kte om motsvarande LSS-bidrag d\u00e4r.\u00a0<\/p>\n<p>Och handl\u00e4ggarna i Malm\u00f6 beslutade om utbetalning, utan att inh\u00e4mta uppgifterna om det indragna LSS-beslutet fr\u00e5n kollegerna eller lokala f\u00f6rvaltningsr\u00e4tten i Ume\u00e5.<\/p>\n<blockquote><p>Sekretess mellan kommuner<\/p><\/blockquote>\n<p>\u2013\u00a0Generellt s\u00e5 r\u00e5der det sekretess mellan kommuner, s\u00e4ger Kristina Saunders, enhetschef vid avdelning f\u00f6r f\u00f6rebyggande socialtj\u00e4nst och myndighet vid funktionsst\u00f6dsf\u00f6rvaltningen i Malm\u00f6 stad.<\/p>\n<p>\u2013\u00a0Har man ett LSS-beslut, d\u00e5 fattar varje ny kommun dit en medborgare flyttar ett nytt beslut. F\u00f6r att kunna prata kommuner sinsemellan kr\u00e4vs det ett samtycke fr\u00e5n medborgaren om att f\u00e5 ta del av information.<\/p>\n<p>Hembes\u00f6k hos kvinnan<\/p>\n<p>D\u00e4remot finns, enligt f\u00f6rvaltningen, inget generellt f\u00f6rbud f\u00f6r handl\u00e4ggare att efters\u00f6ka allm\u00e4nna handlingar hos domstolarna i det omr\u00e5de d\u00e4r den s\u00f6kande inflyttar fr\u00e5n.<\/p>\n<p>Malm\u00f6 kommun uppger att bist\u00e5ndshandl\u00e4ggarna vid ett hembes\u00f6k hos kvinnan fick veta att hon hade kraftigt begr\u00e4nsad r\u00f6relsef\u00f6rm\u00e5ga, att hon bland annat inte kunde duscha, inte kl\u00e4 p\u00e5 sig eller anv\u00e4nda armar och h\u00e4nder.\u00a0<\/p>\n<p>\u201dHon uppgav att hon enbart kunde lyfta armarna n\u00e5gra centimeter fr\u00e5n kn\u00e4et\u201d, skriver kommunen.\u00a0<\/p>\n<p><img loading=\"lazy\"   alt=\"\"\/><\/p>\n<p>Kvinnan drev fr\u00e5gan om LSS-bidragen vidare till domstol &#8211; d\u00e4r kommunen vann.<\/p>\n<p>Foto: Shutterstock<\/p>\n<p>\u00d6ppna bild i helsk\u00e4rm<\/p>\n<p>Vad handl\u00e4ggarna sedan fick se p\u00e5 filmerna visade n\u00e5got helt annat:<\/p>\n<p>\u201dAv filmerna framg\u00e5r att NN bland annat sj\u00e4lv kan k\u00f6ra sin rullstol, b\u00f6ja sig fram\u00e5t f\u00f6r att plocka av fotst\u00f6den till rullstolen f\u00f6r att direkt efter lyfta dem bak\u00e5t och l\u00e4mna dem till sin dotter. Hon ses ocks\u00e5 st\u00e5 upp f\u00f6r att d\u00e4refter sj\u00e4lvst\u00e4ndigt s\u00e4tta sig i en bil, str\u00e4cka sig efter bilb\u00e4ltet och kn\u00e4ppa fast det f\u00f6r att sedan luta sig ut f\u00f6r att dra igen den vid\u00f6ppna d\u00f6rren.\u201d<\/p>\n<p>Annons<\/p>\n<p>N\u00e4r det anonyma tipset l\u00e4mnades in till kommunen hade Malm\u00f6 stad redan betalat ut 1,4 miljoner kronor till kvinnan.<\/p>\n<p>Pengar som man nu kr\u00e4vt tillbaka.<\/p>\n<p>Kommunen vann i domstol<\/p>\n<p>Hustrun motsatte sig \u00e5terbetalning och drev vidare fr\u00e5gan till F\u00f6rvaltningsr\u00e4tten i Malm\u00f6 \u2013 d\u00e4r kommunen vann.<\/p>\n<p>\u201dF\u00f6rvaltningsr\u00e4tten finner sammanfattningsvis att [hustrun], genom att l\u00e4mna oriktiga uppgifter om sin funktionsneds\u00e4ttning och sitt hj\u00e4lpbehov, har orsakat att det ekonomiska st\u00f6det f\u00f6r personlig assistans har l\u00e4mnats felaktigt.\u201d<\/p>\n<p>Visa merF\u00e4ngslad imam hot mot rikets s\u00e4kerhet<\/p>\n<p>I domstolshandlingar som Expressen tagit del av ifr\u00e5gas\u00e4tter inte Malm\u00f6 stad att kvinnan har medicinska besv\u00e4r, men enligt kommunen har hon l\u00e4mnat oriktiga uppgifter om hur dessa besv\u00e4r p\u00e5verkar henne i vardagen. Och hade uppgifterna fr\u00e5n Ume\u00e5 kommun varit k\u00e4nda d\u00e5 kvinnan ans\u00f6kte om nya bidrag i Malm\u00f6 hade hon nekats personlig assistans, enligt kommunen.<\/p>\n<p>Kvinnan \u00e4r maka till den f\u00e4ngslade imamen Hussein al-Jibury, en av de imamer som regeringen beslutat om utvisning f\u00f6r s\u00e5som hot mot rikets s\u00e4kerhet.\u00a0<\/p>\n<p><img loading=\"lazy\"   alt=\"\"\/><\/p>\n<p>Hussein al-Jibury \u00e4r en av flera radikala imamer i ett islamistiskt n\u00e4tverk som Expressen granskat.<\/p>\n<p>Foto: SUNDSVALLS TIDNING<\/p>\n<p>\u00d6ppna bild i helsk\u00e4rm<\/p>\n<p>Kvinnan satt under tv\u00e5 decennier i styrelsen f\u00f6r den f\u00f6rskolekoncern som maken var ekonomiskt ansvarig f\u00f6r, en av de verksamheter som drivits av akt\u00f6rer inom ett islamistiskt n\u00e4tverk som Expressen granskat. Maken avtj\u00e4nar ett fler\u00e5rigt f\u00e4ngelsestraff f\u00f6r grov ekonomisk brottslighet i samma koncern d\u00e4r m\u00e5ngmiljonbelopp f\u00f6rts ut ur skolan till enskilda personer.<\/p>\n<p>N\u00e4r Expressen f\u00f6rs\u00f6ker f\u00e5 besked om vad Malm\u00f6 kommun faktiskt gjort f\u00f6r att kontrollera kvinnans bakgrund och vad man g\u00f6r f\u00f6r att f\u00e5 tillbaka pengarna, blir det stopp med h\u00e4nvisning till socialtj\u00e4nstsekretess.<\/p>\n<p>Fakturan p\u00e5 1\u00a0413\u00a0953 kronor skickades f\u00f6r \u00e5terbetalning i juni 2023, med sista betalningsdag den 17 juli samma \u00e5r.\u00a0<\/p>\n<p>Fakturan \u00e4r fortfarande obetald och har i oktober \u00f6verl\u00e4mnats till Kronofogden f\u00f6r indrivning.<\/p>\n<p>H\u00e4nvisar till sekretess<img loading=\"lazy\"   alt=\"\"\/><\/p>\n<p>Nu g\u00e5r Malm\u00f6 kommun till kronofogden f\u00f6r att driva in pengarna.<\/p>\n<p>Foto: FRITZ SCHIBLI<\/p>\n<p>\u00d6ppna bild i helsk\u00e4rm<\/p>\n<p>\u201dGenerellt framg\u00e5r av stadens ekonomihandbok att Malm\u00f6 stad inte b\u00f6r eftersk\u00e4nka en fordran utan ska alltid i m\u00f6jligaste m\u00e5n driva in sina fordringar. Sker inte betalning p\u00e5 utsatt tid ska kommunen utnyttja sina lagliga befogenheter att beg\u00e4ra betalning. Om kunden inte betalar inom utsatt tid, trots skriftlig betalningsp\u00e5minnelse, ska inkasso\u00e5tg\u00e4rder vidtas.<\/p>\n<p>Denna process f\u00f6ljer funktionsst\u00f6dsf\u00f6rvaltningen.\u201d<\/p>\n<p>\u00c4ven v\u00e5r fr\u00e5ga om f\u00f6rvaltningen gjort en polisanm\u00e4lan efter det intr\u00e4ffade, besvaras inte \u2013 med h\u00e4nvisning till sekretess.<\/p>\n<p><strong>Ni sekretessbel\u00e4gger mycket av det ni har gjort. Det kan framst\u00e5 som att ni f\u00f6rhindrar insyn i om ni eventuellt gjort fel?<\/strong><\/p>\n<p>\u2013 N\u00e4r det g\u00e4ller individ\u00e4renden s\u00e5 kan jag aldrig g\u00e5 in och svara i den specifika situationen. Och min uppfattning \u00e4r att vi l\u00e4mnar ut det vi kan n\u00e4r vi blir tillfr\u00e5gade, s\u00e4ger enhetschefen Kristina Saunders.<\/p>\n<p>Expressen har under en l\u00e4ngre tid s\u00f6kt kvinnan som valt att inte \u00e5terkomma.\u00a0<\/p>\n<p><strong>L\u00c4S MER: <\/strong><a href=\"https:\/\/www.expressen.se\/nyheter\/sverige\/islamister-flyr-sverige-lamnar-efter-sig-miljoner-i-obetalda-skatteskulder\/\" class=\"\" rel=\"nofollow noopener\" target=\"_blank\">Islamister flyr Sverige \u2013 l\u00e4mnar efter sig miljoner i obetalda skatteskulder<\/a><strong>L\u00c4S MER: <\/strong><a href=\"https:\/\/www.expressen.se\/nyheter\/sverige\/kommun-betalade-miljoner--till-utpekad-islamistforskola--finns-inget-bra-svar\/\" class=\"\" rel=\"nofollow noopener\" target=\"_blank\">Kommun betalade miljoner  till utpekad islamistf\u00f6rskola: \u201dFinns inget bra svar\u201d<\/a><\/p>\n","protected":false},"excerpt":{"rendered":"Hustrun till en av landets farligaste islamister \u2013 den f\u00e4ngslade imamen Hussein al-Jibury \u2013 blev av med sina&hellip;\n","protected":false},"author":2,"featured_media":91212,"comment_status":"","ping_status":"","sticky":false,"template":"","format":"standard","meta":{"footnotes":""},"categories":[12],"tags":[22,23,26,27,17,21,24,25,2211,28,29,15,8632,16,885,18,34,154,31,33,32,30,19,996,20],"class_list":{"0":"post-91211","1":"post","2":"type-post","3":"status-publish","4":"format-standard","5":"has-post-thumbnail","7":"category-sverige","8":"tag-breaking-news","9":"tag-breakingnews","10":"tag-featured-news","11":"tag-featurednews","12":"tag-headlines","13":"tag-huvudnyheter","14":"tag-latest-news","15":"tag-latestnews","16":"tag-location-malmo","17":"tag-main-news","18":"tag-mainnews","19":"tag-news","20":"tag-newsstory-islamisterna-och-skolorna","21":"tag-nyheter","22":"tag-organization-sakerhetspolisen","23":"tag-rubriker","24":"tag-se","25":"tag-sections-sverige","26":"tag-svenska","27":"tag-sverige","28":"tag-sweden","29":"tag-swedish","30":"tag-top-stories","31":"tag-topic-myndigheter","32":"tag-topstories"},"share_on_mastodon":{"url":"https:\/\/pubeurope.com\/@se\/115621756036225611","error":""},"_links":{"self":[{"href":"https:\/\/www.europesays.com\/se\/wp-json\/wp\/v2\/posts\/91211","targetHints":{"allow":["GET"]}}],"collection":[{"href":"https:\/\/www.europesays.com\/se\/wp-json\/wp\/v2\/posts"}],"about":[{"href":"https:\/\/www.europesays.com\/se\/wp-json\/wp\/v2\/types\/post"}],"author":[{"embeddable":true,"href":"https:\/\/www.europesays.com\/se\/wp-json\/wp\/v2\/users\/2"}],"replies":[{"embeddable":true,"href":"https:\/\/www.europesays.com\/se\/wp-json\/wp\/v2\/comments?post=91211"}],"version-history":[{"count":0,"href":"https:\/\/www.europesays.com\/se\/wp-json\/wp\/v2\/posts\/91211\/revisions"}],"wp:featuredmedia":[{"embeddable":true,"href":"https:\/\/www.europesays.com\/se\/wp-json\/wp\/v2\/media\/91212"}],"wp:attachment":[{"href":"https:\/\/www.europesays.com\/se\/wp-json\/wp\/v2\/media?parent=91211"}],"wp:term":[{"taxonomy":"category","embeddable":true,"href":"https:\/\/www.europesays.com\/se\/wp-json\/wp\/v2\/categories?post=91211"},{"taxonomy":"post_tag","embeddable":true,"href":"https:\/\/www.europesays.com\/se\/wp-json\/wp\/v2\/tags?post=91211"}],"curies":[{"name":"wp","href":"https:\/\/api.w.org\/{rel}","templated":true}]}}