{"id":91238,"date":"2025-11-27T13:14:10","date_gmt":"2025-11-27T13:14:10","guid":{"rendered":"https:\/\/www.europesays.com\/se\/91238\/"},"modified":"2025-11-27T13:14:10","modified_gmt":"2025-11-27T13:14:10","slug":"grodman-smugglade-knark-tre-atalas","status":"publish","type":"post","link":"https:\/\/www.europesays.com\/se\/91238\/","title":{"rendered":"Grodm\u00e4n smugglade knark \u2013 tre \u00e5talas"},"content":{"rendered":"<p>share-arrowDela<\/p>\n<p>unsaveSpara<\/p>\n<p>expand-left<\/p>\n<p>helsk\u00e4rm<img decoding=\"async\" class=\"image-asset hyperion-css-u06ts1\" data-test-tag=\"image-asset\" src=\"https:\/\/www.europesays.com\/se\/wp-content\/uploads\/2025\/11\/533d8c07-e155-4367-8348-f979a13ec52f\"  alt=\"En av undervattensskotrarna som misst\u00e4nks ha anv\u00e4nts vid smugglingen.\"  loading=\"eager\" fetchpriority=\"high\" style=\"aspect-ratio:1273 \/ 695\"\/>En av undervattensskotrarna som misst\u00e4nks ha anv\u00e4nts vid smugglingen. Foto: Tullverket<\/p>\n<p class=\"hyperion-css-1shl3oz\" data-test-tag=\"lead-text\">Ligan misst\u00e4nks ha anv\u00e4nt undervattensskotrar f\u00f6r att h\u00e4mta hundratals kilo kokain fr\u00e5n ett fartyg i Uddevalla hamn.<\/p>\n<p class=\"hyperion-css-1shl3oz\" data-test-tag=\"lead-text\">Nu \u00e5talas tre personer f\u00f6r delaktighet i smugglingen.<\/p>\n<p class=\"hyperion-css-1v9qo5x\">Tullen kom smugglingen p\u00e5 sp\u00e5ret n\u00e4r en utl\u00e4ndsk husbil stoppades vid \u00d6resundsbron i somras. I fordonet fanns tv\u00e5 undervattensskotrar, vilket fick inspekt\u00f6rerna att fatta misstankar.<\/p>\n<p class=\"hyperion-css-1v9qo5x\">\u201dDet \u00e4r ett v\u00e4lk\u00e4nt tillv\u00e4gag\u00e5ngss\u00e4tt att smugglare anv\u00e4nder sig av just dykare f\u00f6r att plocka upp narkotika som placerats p\u00e5 fartygsskrov under vattenytan\u201d, s\u00e4ger Richard Johansson, gruppchef p\u00e5 Tullverkets kriminalavdelning V\u00e4st, i ett pressmeddelande.<\/p>\n<p>F\u00f6ljde fartyget<\/p>\n<p class=\"hyperion-css-1v9qo5x\">En spaningsinsats inleddes, vilket till slut ledde till att 170 kilo kokain \u2013 v\u00e4rt 160 miljoner kronor i missbrukarled \u2013 hittades i tv\u00e5 fordon i Ljungskile. Senare visade det sig att m\u00e4nnen under sin tid i Sverige bland annat bes\u00f6kt en dykbutik i G\u00f6teborg.<\/p>\n<p class=\"hyperion-css-1v9qo5x\">Nu \u00e5talas tre m\u00e4n misst\u00e4nkta f\u00f6r synnerligen grov narkotikasmuggling samt synnerligen grovt narkotikabrott.<\/p>\n<p class=\"hyperion-css-1v9qo5x\">Enligt gps-data hade tv\u00e5 av de \u00e5talade m\u00e4nnen f\u00e4rdats med husbilen fr\u00e5n hamnstaden Huelva i sydv\u00e4stra Spanien \u2013 samma omr\u00e5de som det aktuella fartyget d\u00e5 befann sig i. De var \u00e4ven bland annat i Riga samtidigt som lastfartyget var d\u00e4r innan det lade till i Uddevalla i juni.<\/p>\n<p>Liknande fall<\/p>\n<p class=\"hyperion-css-1v9qo5x\">I Uddevalla misst\u00e4nks smugglarna ha plockat upp 240 kilo kokain som hade f\u00e4sts p\u00e5 fartyget. Exakt vilka grodm\u00e4nnen var som h\u00e4mtade upp kokainet \u00e4r dock oklart.<\/p>\n<p class=\"hyperion-css-1v9qo5x\">\u201dNatten mellan den 12 och 13 juni \u00e4r b\u00e5da m\u00e4nnen uppkopplade i omr\u00e5det kring Uddevalla hamn. De \u00e4r d\u00e4r under drygt fyra timmar och d\u00e5 har narkotikan f\u00f6rmodligen h\u00e4mtats upp fr\u00e5n fartygets skrov med hj\u00e4lp av dykare. Tyv\u00e4rr har vi inte lyckats identifiera dessa personer\u201d, s\u00e4ger Richard Johansson.<\/p>\n","protected":false},"excerpt":{"rendered":"share-arrowDela unsaveSpara expand-left helsk\u00e4rmEn av undervattensskotrarna som misst\u00e4nks ha anv\u00e4nts vid smugglingen. Foto: Tullverket Ligan misst\u00e4nks ha anv\u00e4nt&hellip;\n","protected":false},"author":2,"featured_media":91239,"comment_status":"","ping_status":"","sticky":false,"template":"","format":"standard","meta":{"footnotes":""},"categories":[14],"tags":[22,23,26,27,17,21,24,25,28,29,15,16,18,34,31,33,32,30,19,20,51,52,53,54],"class_list":{"0":"post-91238","1":"post","2":"type-post","3":"status-publish","4":"format-standard","5":"has-post-thumbnail","7":"category-varlden","8":"tag-breaking-news","9":"tag-breakingnews","10":"tag-featured-news","11":"tag-featurednews","12":"tag-headlines","13":"tag-huvudnyheter","14":"tag-latest-news","15":"tag-latestnews","16":"tag-main-news","17":"tag-mainnews","18":"tag-news","19":"tag-nyheter","20":"tag-rubriker","21":"tag-se","22":"tag-svenska","23":"tag-sverige","24":"tag-sweden","25":"tag-swedish","26":"tag-top-stories","27":"tag-topstories","28":"tag-varlden","29":"tag-world","30":"tag-world-news","31":"tag-worldnews"},"share_on_mastodon":{"url":"https:\/\/pubeurope.com\/@se\/115621846480319503","error":""},"_links":{"self":[{"href":"https:\/\/www.europesays.com\/se\/wp-json\/wp\/v2\/posts\/91238","targetHints":{"allow":["GET"]}}],"collection":[{"href":"https:\/\/www.europesays.com\/se\/wp-json\/wp\/v2\/posts"}],"about":[{"href":"https:\/\/www.europesays.com\/se\/wp-json\/wp\/v2\/types\/post"}],"author":[{"embeddable":true,"href":"https:\/\/www.europesays.com\/se\/wp-json\/wp\/v2\/users\/2"}],"replies":[{"embeddable":true,"href":"https:\/\/www.europesays.com\/se\/wp-json\/wp\/v2\/comments?post=91238"}],"version-history":[{"count":0,"href":"https:\/\/www.europesays.com\/se\/wp-json\/wp\/v2\/posts\/91238\/revisions"}],"wp:featuredmedia":[{"embeddable":true,"href":"https:\/\/www.europesays.com\/se\/wp-json\/wp\/v2\/media\/91239"}],"wp:attachment":[{"href":"https:\/\/www.europesays.com\/se\/wp-json\/wp\/v2\/media?parent=91238"}],"wp:term":[{"taxonomy":"category","embeddable":true,"href":"https:\/\/www.europesays.com\/se\/wp-json\/wp\/v2\/categories?post=91238"},{"taxonomy":"post_tag","embeddable":true,"href":"https:\/\/www.europesays.com\/se\/wp-json\/wp\/v2\/tags?post=91238"}],"curies":[{"name":"wp","href":"https:\/\/api.w.org\/{rel}","templated":true}]}}