{"id":91251,"date":"2025-11-27T13:30:08","date_gmt":"2025-11-27T13:30:08","guid":{"rendered":"https:\/\/www.europesays.com\/se\/91251\/"},"modified":"2025-11-27T13:30:08","modified_gmt":"2025-11-27T13:30:08","slug":"anstiftare-till-grova-valdsbrott-deporterad-fran-jakarta","status":"publish","type":"post","link":"https:\/\/www.europesays.com\/se\/91251\/","title":{"rendered":"Anstiftare till grova v\u00e5ldsbrott deporterad fr\u00e5n Jakarta"},"content":{"rendered":"<p class=\"preamble\">&#13;<br \/>\n            En svensk man har deporterats fr\u00e5n Indonesien och har landat p\u00e5 svensk mark d\u00e4r han omedelbart greps. Han \u00e4r misst\u00e4nkt f\u00f6r f\u00f6rberedelse till mord i flera fall och bed\u00f6ms vara en drivande person inom violence as a service.&#13;\n        <\/p>\n<p>Mannen, som \u00e4r i 25-\u00e5rs\u00e5ldern, deporterades fr\u00e5n Indonesien i onsdags p\u00e5 grund av overstay, det vill s\u00e4ga att han hade vistats f\u00f6r l\u00e4nge i landet. Han landade i Sverige morse och kunde gripas p\u00e5 Arlanda flygplats efter ett anh\u00e5llningsbeslut.\u00a0<\/p>\n<p>Beh\u00f6ver samverka med alla l\u00e4nder<\/p>\n<p>Den misst\u00e4nkte har befunnit sig i Jakarta sedan augusti 2025. Att han nu kommer till Sverige f\u00f6r att kunna st\u00e4llas till svars f\u00f6r sin brottslighet \u00e4r ett resultat av att svenska brottsbek\u00e4mpande och r\u00e4ttsv\u00e5rdande myndigheter samarbetar internationellt p\u00e5 ett betydligt mer effektivt s\u00e4tt \u00e4n tidigare.\u00a0<\/p>\n<p>\u2013 Det h\u00e4r \u00e4r ett exempel p\u00e5 att vi beh\u00f6ver jobba med alla l\u00e4nder, inte bara d\u00e4r vi har den st\u00f6rsta koncentrationen av kriminella. Det ligger mycket arbete fr\u00e5n Polismyndighetens sida bakom detta och v\u00e5ra motparter i Indonesien har agerat snabbt. Vi \u00e4r tacksamma f\u00f6r deras insatser, s\u00e4ger rikspolischefen Petra Lundh och riktar sig s\u00e4rskilt till Imigrasi Directorate General of Immigration i Indonesien.<\/p>\n<p>Brottslighet p\u00e5 flera h\u00e5ll<\/p>\n<p>Mannen f\u00f6rekommer i ett antal f\u00f6runders\u00f6kningar runt om i landet men det \u00e4r Regionala utredningsenheten i Stockholm som samordnar utredningsarbetet. Brottsmisstankarna mot honom \u00e4r f\u00f6rberedelse till mord i flera fall, grovt vapenbrott samt involverande av minder\u00e5rig i brottslig verksamhet. H\u00e4ktningsf\u00f6rhandling planeras att h\u00e5llas i morgon.<\/p>\n<p>Mannen misst\u00e4nks \u00e4ven f\u00f6r grov brottslighet i Danmark och det \u00e4r ett av flera exempel p\u00e5 hur violence as a service som brottsfenomen verkar \u00f6ver landgr\u00e4nserna. Fenomenet angrips bland annat i den svenskledda Europol-insatsen Operational Task Force Grimm som flera l\u00e4nder anslutit sig till sedan starten i april i \u00e5r. <\/p>\n<p>&#13;<br \/>\n                    <strong>&#13;<br \/>\n                        Publicerad&#13;<br \/>\n                    <\/strong>&#13;<br \/>\n                    &#13;<br \/>\n                        27 november 2025 13.48&#13;<br \/>\n                    &#13;<br \/>\n                    <br \/>&#13;\n            <\/p>\n<p>        &#13;<br \/>\n    &#13;<br \/>\n    &#13;<\/p>\n","protected":false},"excerpt":{"rendered":"&#13; En svensk man har deporterats fr\u00e5n Indonesien och har landat p\u00e5 svensk mark d\u00e4r han omedelbart greps.&hellip;\n","protected":false},"author":2,"featured_media":54,"comment_status":"","ping_status":"","sticky":false,"template":"","format":"standard","meta":{"footnotes":""},"categories":[14],"tags":[22,23,26,27,17,21,24,25,28,29,15,16,18,34,31,33,32,30,19,20,51,52,53,54],"class_list":{"0":"post-91251","1":"post","2":"type-post","3":"status-publish","4":"format-standard","5":"has-post-thumbnail","7":"category-varlden","8":"tag-breaking-news","9":"tag-breakingnews","10":"tag-featured-news","11":"tag-featurednews","12":"tag-headlines","13":"tag-huvudnyheter","14":"tag-latest-news","15":"tag-latestnews","16":"tag-main-news","17":"tag-mainnews","18":"tag-news","19":"tag-nyheter","20":"tag-rubriker","21":"tag-se","22":"tag-svenska","23":"tag-sverige","24":"tag-sweden","25":"tag-swedish","26":"tag-top-stories","27":"tag-topstories","28":"tag-varlden","29":"tag-world","30":"tag-world-news","31":"tag-worldnews"},"share_on_mastodon":{"url":"https:\/\/pubeurope.com\/@se\/115621909346832124","error":""},"_links":{"self":[{"href":"https:\/\/www.europesays.com\/se\/wp-json\/wp\/v2\/posts\/91251","targetHints":{"allow":["GET"]}}],"collection":[{"href":"https:\/\/www.europesays.com\/se\/wp-json\/wp\/v2\/posts"}],"about":[{"href":"https:\/\/www.europesays.com\/se\/wp-json\/wp\/v2\/types\/post"}],"author":[{"embeddable":true,"href":"https:\/\/www.europesays.com\/se\/wp-json\/wp\/v2\/users\/2"}],"replies":[{"embeddable":true,"href":"https:\/\/www.europesays.com\/se\/wp-json\/wp\/v2\/comments?post=91251"}],"version-history":[{"count":0,"href":"https:\/\/www.europesays.com\/se\/wp-json\/wp\/v2\/posts\/91251\/revisions"}],"wp:featuredmedia":[{"embeddable":true,"href":"https:\/\/www.europesays.com\/se\/wp-json\/wp\/v2\/media\/54"}],"wp:attachment":[{"href":"https:\/\/www.europesays.com\/se\/wp-json\/wp\/v2\/media?parent=91251"}],"wp:term":[{"taxonomy":"category","embeddable":true,"href":"https:\/\/www.europesays.com\/se\/wp-json\/wp\/v2\/categories?post=91251"},{"taxonomy":"post_tag","embeddable":true,"href":"https:\/\/www.europesays.com\/se\/wp-json\/wp\/v2\/tags?post=91251"}],"curies":[{"name":"wp","href":"https:\/\/api.w.org\/{rel}","templated":true}]}}